{"id":407,"date":"2019-08-26T10:00:00","date_gmt":"2019-08-26T08:00:00","guid":{"rendered":"http:\/\/juzbado.es\/nuevaweb\/2019\/08\/26\/proyeccion-de-fotografias\/"},"modified":"2019-08-26T10:00:00","modified_gmt":"2019-08-26T08:00:00","slug":"proyeccion-de-fotografias","status":"publish","type":"post","link":"https:\/\/juzbado.es\/nuevaweb\/2019\/08\/26\/proyeccion-de-fotografias\/","title":{"rendered":"PROYECCI\u00d3N DE FOTOGRAF\u00cdAS"},"content":{"rendered":"<div style=\"text-align: justify;\">\n<span style=\"font-size: large;\"><span style=\"font-family: &quot;arial&quot; , &quot;helvetica&quot; , sans-serif;\">El pasado viernes 23 de Agosto se celebr\u00f3 al aire libre una proyecci\u00f3n espont\u00e1nea de&nbsp; fotograf\u00edas de Juzbado.&nbsp; La apuesta municipal por visibilizar nuestro pueblo a trav\u00e9s de <a href=\"https:\/\/juzbado.blogspot.com\/\" target=\"_blank\">nuestra WEB<\/a> y las redes sociales o, en general, utilizando cualquier medio de difusi\u00f3n&nbsp; a nuestro alcance, genera todos los a\u00f1os miles de im\u00e1genes de Juzbado y de sus vecinos que repercuten positivamente en nuestra identidad e influencia rural.&nbsp; Esta repercusi\u00f3n la medimos gracias a registros y estad\u00edsticas internas en cada uno de los portales o ventanas que tenemos abiertas, pero tambi\u00e9n a trav\u00e9s del testimonio de muchos de los vecinos y visitantes que frecuentemente nos recuerdan c\u00f3mo y de qu\u00e9 manera se ven retratados.&nbsp; Tanto para los que est\u00e1n cerca como para los que est\u00e1n lejos, estas im\u00e1genes representan un espejo en el que mirarse a trav\u00e9s del cual contamos la rutina de nuestro pueblo. La mayor parte de las im\u00e1genes proyectadas son p\u00fablicas y se pueden consultar en nuestra WEB, en <a href=\"https:\/\/www.facebook.com\/juzbado\/\" target=\"_blank\">nuestro perfil de facebook<\/a>, en el de <a href=\"https:\/\/www.instagram.com\/juzbado\/\" target=\"_blank\">Instagram<\/a> o, tambi\u00e9n, en <a href=\"https:\/\/twitter.com\/juzbadoayto\" target=\"_blank\">Twitter<\/a>.<\/span><\/span><\/p>\n<p><a name='more'><\/a><\/p>\n<p><span style=\"font-size: large;\"><span style=\"font-family: &quot;arial&quot; , &quot;helvetica&quot; , sans-serif;\">Durante la noche del viernes se proyect\u00f3 un primer pase en el front\u00f3n del recinto de las piscinas municipales y, media hora m\u00e1s tarde, se celebr\u00f3 una segunda sesi\u00f3n en el Plaza Chica. La proyecci\u00f3n&nbsp; no solo <\/span><\/span><span style=\"font-size: large;\"><span style=\"font-family: &quot;arial&quot; , &quot;helvetica&quot; , sans-serif;\">sirvi\u00f3 <\/span><\/span><span style=\"font-size: large;\"><span style=\"font-family: &quot;arial&quot; , &quot;helvetica&quot; , sans-serif;\">para recordar las fiestas, las efem\u00e9rides notables o aquellos hechos puntuales de nuestro municipio, sino que adem\u00e1s dio la bienvenida a los nuevos vecinos que han llegado y tambi\u00e9n a los que nos han dejado en los \u00faltimos tiempos.&nbsp; Contamos con celebrar m\u00e1s a menudo estas proyecciones que, adem\u00e1s de alejarnos de la invisibilidad, nos conforman, retratan e identifican p\u00fablicamente como comunidad.<\/span><\/span><\/div>\n<table align=\"center\" cellpadding=\"0\" cellspacing=\"0\" style=\"margin-left: auto; margin-right: auto; text-align: center;\">\n<tbody>\n<tr>\n<td style=\"text-align: center;\"><a href=\"https:\/\/blogger.googleusercontent.com\/img\/b\/R29vZ2xl\/AVvXsEgp6czxH7Bem32R6_8XM0BvC5lxu_6QPIcuER9r9T62fO0KicdMEzdX9KzhVslMapg9f-JL_yM5K4pxKFUFTHQzYBQcWOm_4Ie7nXy80p-6UVKhA_69rglIQdzG3iEH48GzvwOpBBt_xr0\/s1600\/JUZBADO+PROYECCI%25C3%2593N+FOTOS+%25281%2529.jpg\" style=\"margin-left: auto; margin-right: auto;\"><img loading=\"lazy\" decoding=\"async\" alt=\"Juzbado, fotos, Juzbado 2019\" border=\"0\" data-original-height=\"1200\" data-original-width=\"1600\" height=\"480\" src=\"https:\/\/blogger.googleusercontent.com\/img\/b\/R29vZ2xl\/AVvXsEgp6czxH7Bem32R6_8XM0BvC5lxu_6QPIcuER9r9T62fO0KicdMEzdX9KzhVslMapg9f-JL_yM5K4pxKFUFTHQzYBQcWOm_4Ie7nXy80p-6UVKhA_69rglIQdzG3iEH48GzvwOpBBt_xr0\/s640\/JUZBADO+PROYECCI%25C3%2593N+FOTOS+%25281%2529.jpg\" title=\"Juzbado, fotos, Juzbado 2019\" width=\"640\" \/><\/a><\/td>\n<\/tr>\n<tr>\n<td style=\"text-align: center;\"><span style=\"font-family: &quot;arial&quot; , &quot;helvetica&quot; , sans-serif;\">Foto cortes\u00eda de L.G.P.<\/span><\/td>\n<\/tr>\n<\/tbody>\n<\/table>\n<p><\/p>\n<table align=\"center\" cellpadding=\"0\" cellspacing=\"0\" style=\"margin-left: auto; margin-right: auto; text-align: center;\">\n<tbody>\n<tr>\n<td style=\"text-align: center;\"><a href=\"https:\/\/blogger.googleusercontent.com\/img\/b\/R29vZ2xl\/AVvXsEimjrocIxD4MIQqpvGjD1xWeN7y2jM-kMTh9cTaPTAY9K9v6F0rBa4-8tvZ4NhVyji6-svtBgo5U14rhP9bJW9YIQXLnCkTG7XPNXDn05EzGM7VZIAO8S6zMru72O0GVJlslbAegic9O6M\/s1600\/JUZBADO+PROYECCI%25C3%2593N+FOTOS+%25282%2529.jpg\" style=\"margin-left: auto; margin-right: auto;\"><img loading=\"lazy\" decoding=\"async\" alt=\"Juzbado, fotos, Juzbado 2019\" border=\"0\" data-original-height=\"1600\" data-original-width=\"1200\" height=\"640\" src=\"https:\/\/blogger.googleusercontent.com\/img\/b\/R29vZ2xl\/AVvXsEimjrocIxD4MIQqpvGjD1xWeN7y2jM-kMTh9cTaPTAY9K9v6F0rBa4-8tvZ4NhVyji6-svtBgo5U14rhP9bJW9YIQXLnCkTG7XPNXDn05EzGM7VZIAO8S6zMru72O0GVJlslbAegic9O6M\/s640\/JUZBADO+PROYECCI%25C3%2593N+FOTOS+%25282%2529.jpg\" title=\"Juzbado, fotos, Juzbado 2019\" width=\"480\" \/><\/a><\/td>\n<\/tr>\n<tr>\n<td style=\"text-align: center;\"><span style=\"font-family: &quot;arial&quot; , &quot;helvetica&quot; , sans-serif;\">Foto cortes\u00eda de L.G.P.<\/span><\/td>\n<\/tr>\n<\/tbody>\n<\/table>\n<div>\n<\/div>\n","protected":false},"excerpt":{"rendered":"<p>El pasado viernes 23 de Agosto se celebr\u00f3 al aire libre una proyecci\u00f3n espont\u00e1nea de&nbsp; fotograf\u00edas de Juzbado.&nbsp; La apuesta municipal por visibilizar nuestro pueblo a trav\u00e9s de nuestra WEB y las redes sociales o, en general, utilizando cualquier medio de difusi\u00f3n&nbsp; a nuestro alcance, genera todos los a\u00f1os miles de im\u00e1genes de Juzbado y [&hellip;]<\/p>\n","protected":false},"author":2,"featured_media":0,"comment_status":"open","ping_status":"open","sticky":false,"template":"","format":"standard","meta":{"saved_in_kubio":false,"footnotes":""},"categories":[1],"tags":[],"class_list":["post-407","post","type-post","status-publish","format-standard","hentry","category-sin-categoria"],"_links":{"self":[{"href":"https:\/\/juzbado.es\/nuevaweb\/wp-json\/wp\/v2\/posts\/407","targetHints":{"allow":["GET"]}}],"collection":[{"href":"https:\/\/juzbado.es\/nuevaweb\/wp-json\/wp\/v2\/posts"}],"about":[{"href":"https:\/\/juzbado.es\/nuevaweb\/wp-json\/wp\/v2\/types\/post"}],"author":[{"embeddable":true,"href":"https:\/\/juzbado.es\/nuevaweb\/wp-json\/wp\/v2\/users\/2"}],"replies":[{"embeddable":true,"href":"https:\/\/juzbado.es\/nuevaweb\/wp-json\/wp\/v2\/comments?post=407"}],"version-history":[{"count":0,"href":"https:\/\/juzbado.es\/nuevaweb\/wp-json\/wp\/v2\/posts\/407\/revisions"}],"wp:attachment":[{"href":"https:\/\/juzbado.es\/nuevaweb\/wp-json\/wp\/v2\/media?parent=407"}],"wp:term":[{"taxonomy":"category","embeddable":true,"href":"https:\/\/juzbado.es\/nuevaweb\/wp-json\/wp\/v2\/categories?post=407"},{"taxonomy":"post_tag","embeddable":true,"href":"https:\/\/juzbado.es\/nuevaweb\/wp-json\/wp\/v2\/tags?post=407"}],"curies":[{"name":"wp","href":"https:\/\/api.w.org\/{rel}","templated":true}]}}