{"id":408,"date":"2019-08-26T09:17:00","date_gmt":"2019-08-26T07:17:00","guid":{"rendered":"http:\/\/juzbado.es\/nuevaweb\/2019\/08\/26\/visita-al-balneario-de-los-banos\/"},"modified":"2019-08-26T09:17:00","modified_gmt":"2019-08-26T07:17:00","slug":"visita-al-balneario-de-los-banos","status":"publish","type":"post","link":"https:\/\/juzbado.es\/nuevaweb\/2019\/08\/26\/visita-al-balneario-de-los-banos\/","title":{"rendered":"VISITA AL BALNEARIO DE LOS BA\u00d1OS"},"content":{"rendered":"<div style=\"text-align: justify;\">\n<span style=\"font-size: large;\"><span style=\"font-family: &quot;arial&quot; , &quot;helvetica&quot; , sans-serif;\">El pasado d\u00eda&nbsp;&nbsp; la <a href=\"https:\/\/juzbado.blogspot.com\/p\/asociaciones.html\" target=\"_blank\">Asociaci\u00f3n de Mayores de Juzbado<\/a> convoc\u00f3 el tradicional circuito termal en el <a href=\"http:\/\/www.balnearioledesma.com\/\" target=\"_blank\">Balneario de Los Ba\u00f1os de Ledesma<\/a>.&nbsp; Se trata de una convocatoria dirigida a todos los vecinos y amigos de la asociaci\u00f3n con el f\u00edn de disfrutar de las saludables aguas termales de esta parte de la ribera del Tormes.&nbsp;&nbsp;<\/span><\/span><\/div>\n<div style=\"text-align: justify;\">\n<\/div>\n<div style=\"text-align: justify;\">\n<span style=\"font-size: large;\"><span style=\"font-family: &quot;arial&quot; , &quot;helvetica&quot; , sans-serif;\">El plan se reparti\u00f3 entre la comida celebrada en el comedor del Balneario y unos ba\u00f1os en un complejo termal situado a escasos kil\u00f3metros de nuestro pueblo.&nbsp; Desde aqu\u00ed agradecemos la cr\u00f3nica y la foto prestada por la directiva de la asociaci\u00f3n para su difusi\u00f3n.<\/span><\/span><\/div>\n<div style=\"text-align: justify;\">\n<span style=\"font-size: large;\"><span style=\"font-family: &quot;arial&quot; , &quot;helvetica&quot; , sans-serif;\">&nbsp;<\/p>\n<table align=\"center\" cellpadding=\"0\" cellspacing=\"0\" style=\"margin-left: auto; margin-right: auto; text-align: center;\">\n<tbody>\n<tr>\n<td style=\"text-align: center;\"><a href=\"https:\/\/blogger.googleusercontent.com\/img\/b\/R29vZ2xl\/AVvXsEjPk6JxmhNU5eLDkxLmAcQtT99dW9N7HPWu9ZMf1kqDEJPsYp3_svdY8AINI-0Ugkw5JepFntPjxBRua7CySrRDKE3MQYljwGPTM8vl988767rxt3h3c2o1wWLFmWkQzgUKdO2QShfBI4U\/s1600\/Balneario+de+ledesma+asociaci%25C3%25B3n+mayores.jpg\" style=\"margin-left: auto; margin-right: auto;\"><img loading=\"lazy\" decoding=\"async\" alt=\"Juzbado, Asociaci\u00f3n de mayores de Juzbado, Balneario de Ledesma\" border=\"0\" data-original-height=\"900\" data-original-width=\"1600\" height=\"360\" src=\"https:\/\/blogger.googleusercontent.com\/img\/b\/R29vZ2xl\/AVvXsEjPk6JxmhNU5eLDkxLmAcQtT99dW9N7HPWu9ZMf1kqDEJPsYp3_svdY8AINI-0Ugkw5JepFntPjxBRua7CySrRDKE3MQYljwGPTM8vl988767rxt3h3c2o1wWLFmWkQzgUKdO2QShfBI4U\/s640\/Balneario+de+ledesma+asociaci%25C3%25B3n+mayores.jpg\" title=\"Juzbado, Asociaci\u00f3n de mayores de Juzbado, Balneario de Ledesma\" width=\"640\" \/><\/a><\/td>\n<\/tr>\n<tr>\n<td style=\"text-align: center;\">Participantes de la visita al Balneario de Ledesma. (Foto cortes\u00eda de F.I.P)<\/td>\n<\/tr>\n<\/tbody>\n<\/table>\n<p><\/span><\/span><\/div>\n","protected":false},"excerpt":{"rendered":"<p>El pasado d\u00eda&nbsp;&nbsp; la Asociaci\u00f3n de Mayores de Juzbado convoc\u00f3 el tradicional circuito termal en el Balneario de Los Ba\u00f1os de Ledesma.&nbsp; Se trata de una convocatoria dirigida a todos los vecinos y amigos de la asociaci\u00f3n con el f\u00edn de disfrutar de las saludables aguas termales de esta parte de la ribera del Tormes.&nbsp;&nbsp; [&hellip;]<\/p>\n","protected":false},"author":2,"featured_media":0,"comment_status":"open","ping_status":"open","sticky":false,"template":"","format":"standard","meta":{"saved_in_kubio":false,"footnotes":""},"categories":[1],"tags":[],"class_list":["post-408","post","type-post","status-publish","format-standard","hentry","category-sin-categoria"],"_links":{"self":[{"href":"https:\/\/juzbado.es\/nuevaweb\/wp-json\/wp\/v2\/posts\/408","targetHints":{"allow":["GET"]}}],"collection":[{"href":"https:\/\/juzbado.es\/nuevaweb\/wp-json\/wp\/v2\/posts"}],"about":[{"href":"https:\/\/juzbado.es\/nuevaweb\/wp-json\/wp\/v2\/types\/post"}],"author":[{"embeddable":true,"href":"https:\/\/juzbado.es\/nuevaweb\/wp-json\/wp\/v2\/users\/2"}],"replies":[{"embeddable":true,"href":"https:\/\/juzbado.es\/nuevaweb\/wp-json\/wp\/v2\/comments?post=408"}],"version-history":[{"count":0,"href":"https:\/\/juzbado.es\/nuevaweb\/wp-json\/wp\/v2\/posts\/408\/revisions"}],"wp:attachment":[{"href":"https:\/\/juzbado.es\/nuevaweb\/wp-json\/wp\/v2\/media?parent=408"}],"wp:term":[{"taxonomy":"category","embeddable":true,"href":"https:\/\/juzbado.es\/nuevaweb\/wp-json\/wp\/v2\/categories?post=408"},{"taxonomy":"post_tag","embeddable":true,"href":"https:\/\/juzbado.es\/nuevaweb\/wp-json\/wp\/v2\/tags?post=408"}],"curies":[{"name":"wp","href":"https:\/\/api.w.org\/{rel}","templated":true}]}}