{"id":41,"date":"2024-07-30T11:41:00","date_gmt":"2024-07-30T09:41:00","guid":{"rendered":"http:\/\/juzbado.es\/nuevaweb\/2024\/07\/30\/conservar-y-restaurar-nuestro-patrimonio\/"},"modified":"2024-07-30T11:41:00","modified_gmt":"2024-07-30T09:41:00","slug":"conservar-y-restaurar-nuestro-patrimonio","status":"publish","type":"post","link":"https:\/\/juzbado.es\/nuevaweb\/2024\/07\/30\/conservar-y-restaurar-nuestro-patrimonio\/","title":{"rendered":"CONSERVAR Y RESTAURAR NUESTRO PATRIMONIO"},"content":{"rendered":"<div>\n<p style=\"text-align: justify;\"><span style=\"font-family: arial; font-size: medium;\">El patrimonio construido de nuestros pueblos es la huella imborrable<br \/>\nde la vida de las generaciones pasadas.<span style=\"mso-spacerun: yes;\">&nbsp; <\/span>Es<br \/>\nuna muestra definitiva de la acci\u00f3n de hombres y mujeres que con esfuerzo y, seguramente,<br \/>\nmuchas l\u00e1grimas, levantaron de la nada medios e infraestructuras para poder subsistir<br \/>\nen un medio rural <\/span><span style=\"font-family: arial; font-size: medium;\">a veces hostil<\/span><span style=\"font-family: arial; font-size: medium;\">, a veces m\u00e1s amable, pero siempre <\/span><span style=\"font-family: arial;\"><span style=\"font-size: medium;\">alejado de los centros de poder.<span style=\"mso-spacerun: yes;\">&nbsp; <\/span>Adem\u00e1s, una buena parte de los bienes<br \/>\np\u00fablicos que se preservan a\u00fan en la actualidad, cumpl\u00edan una funci\u00f3n no solamente<br \/>\npr\u00e1ctica y funcional, sino que tambi\u00e9n actuaban como elementos transversales de<br \/>\nsociedad y comunidad.<span style=\"mso-spacerun: yes;\">&nbsp; <\/span>Serv\u00edan de<br \/>\nengranaje, de detonantes para el encuentro vecinal, para el intercambio de informaci\u00f3n,<br \/>\nen definitiva, sosten\u00edan el imaginario colectivo e individual de los pueblos. <span style=\"mso-spacerun: yes;\">&nbsp;<\/span>Es decir, si nos pudieran hablar, narrar\u00edan las miles de historias y an\u00e9cdotas de todas las almas, j\u00f3venes y mayores que por<br \/>\nall\u00ed pasaron, estuvieron o invirtieron su tiempo y salud por el bien com\u00fan.<\/span><span style=\"mso-spacerun: yes;\"><span style=\"font-size: medium;\">&nbsp;<\/span>&nbsp;<\/span><\/span><\/p>\n<p style=\"text-align: justify;\"><span style=\"font-family: arial;\"><span style=\"mso-spacerun: yes;\"><\/span><\/span><\/p>\n<table align=\"center\" cellpadding=\"0\" cellspacing=\"0\" style=\"margin-left: auto; margin-right: auto;\">\n<tbody>\n<tr>\n<td style=\"text-align: center;\"><a href=\"https:\/\/blogger.googleusercontent.com\/img\/b\/R29vZ2xl\/AVvXsEiM3Oc0eY8rJepFEP2ncFWri0pxH3HSCaXmDR8SXFSxsRBCjlvMjzLwAXqTre4mLhiqDePz0AihmGlKh-toKyx-mRpmnBjikmOWW9baN9jh-X9_O225AB0PvBBZRBgOqdbAZfI6n70z-6mFvofczLhaEwGn4C5cBWUTiVjLwvxZGa6f2saX1Cr3RI06ZzE\/s1600\/WhatsApp%20Image%202024-07-30%20at%2012.26.43(2).jpeg\" style=\"margin-left: auto; margin-right: auto;\"><img loading=\"lazy\" decoding=\"async\" border=\"0\" data-original-height=\"739\" data-original-width=\"1600\" height=\"296\" src=\"https:\/\/blogger.googleusercontent.com\/img\/b\/R29vZ2xl\/AVvXsEiM3Oc0eY8rJepFEP2ncFWri0pxH3HSCaXmDR8SXFSxsRBCjlvMjzLwAXqTre4mLhiqDePz0AihmGlKh-toKyx-mRpmnBjikmOWW9baN9jh-X9_O225AB0PvBBZRBgOqdbAZfI6n70z-6mFvofczLhaEwGn4C5cBWUTiVjLwvxZGa6f2saX1Cr3RI06ZzE\/w640-h296\/WhatsApp%20Image%202024-07-30%20at%2012.26.43(2).jpeg\" width=\"640\" \/><\/a><\/td>\n<\/tr>\n<tr>\n<td style=\"text-align: center;\"><span style=\"font-family: arial;\">Los pilones restaurados. Foto del 14 de julio de 2024. Juzbado<\/span><\/td>\n<\/tr>\n<\/tbody>\n<\/table>\n<p><span style=\"font-family: arial;\"><span style=\"mso-spacerun: yes;\"><\/span><\/span><\/div>\n<div><span style=\"font-family: arial;\"><span><a name='more'><\/a><\/span><span style=\"mso-spacerun: yes;\"><br \/><\/span><\/span><\/p>\n<p style=\"text-align: justify;\"><span style=\"font-family: arial; font-size: medium;\">Por eso, el patrimonio material de nuestros pueblos lleva<br \/>\ntras de s\u00ed una gran mochila de esencia inmaterial que, igualmente, debi\u00e9ramos preservar<br \/>\ny resignificar.<span style=\"mso-spacerun: yes;\">&nbsp; <\/span>La dimensi\u00f3n universal<br \/>\nde nuestras plazas y fuentes, de nuestros muecos y abrevaderos o de nuestros caminos<br \/>\ny ca\u00f1os solo se puede interpretar desde la inmaterialidad de lo material.<span style=\"mso-spacerun: yes;\">&nbsp; <\/span>Todo ello, desafortunadamente se ha ido<br \/>\nperdiendo hasta alcanzar inveros\u00edmiles situaciones de fuentes y surgencias<br \/>\ndesaparecidas, enterradas u olvidadas, de miles de kil\u00f3metros de muros ca\u00eddos convertidos<br \/>\nen alambreras o de carros, portones y aventadoras pasto del olvido y la carcoma.<span style=\"mso-spacerun: yes;\">&nbsp; <\/span>Son solo algunos ejemplos de la notable p\u00e9rdida<br \/>\nde patrimonio que seguimos padeciendo en escombreras y terraplenes a las<br \/>\nafueras de los pueblos. <span style=\"mso-spacerun: yes;\">&nbsp;<\/span>En el caso de<br \/>\nlos bienes p\u00fablicos, la situaci\u00f3n supera la inmoralidad por cuanto son los<br \/>\norganismos p\u00fablicos los responsables de preservar nuestra historia grabada<br \/>\npiedra a piedra en muros, paredes y columnas.<span style=\"mso-spacerun: yes;\">&nbsp;<br \/>\n<\/span>Y en el caso de lo particular, la situaci\u00f3n es todav\u00eda m\u00e1s dram\u00e1tica.<span style=\"mso-spacerun: yes;\">&nbsp; <\/span>Hemos perdido gran parte del rastro de las<br \/>\nnorias, brocales y artilugios a lo largo de r\u00edos y regatos, cientos de casas de<br \/>\naperos comunitarias o muros levantados de sol a sol en situaciones muchas veces<br \/>\nprecarias.<span style=\"mso-spacerun: yes;\">&nbsp; <\/span>La conservaci\u00f3n comunal de las<br \/>\nveredas y caminos ya no existe, es una reivindicaci\u00f3n a los poderes locales y,<br \/>\npor supuesto, el pulcro respeto a los linderos y lindes ha ido desapareciendo<br \/>\npoco a poco.<span style=\"mso-spacerun: yes;\">&nbsp; <\/span>Son, sin embargo,<br \/>\nsituaciones a las que muchas comunidades rurales se enfrentan con sagacidad e<br \/>\ninteligencia, convirtiendo los retos y desaf\u00edos en recursos y oportunidades.<span style=\"mso-spacerun: yes;\">&nbsp; <\/span>Desde el trabajo com\u00fan, la participaci\u00f3n y la<br \/>\nimplicaci\u00f3n de diferentes actores en los procesos de restauraci\u00f3n patrimonial y<br \/>\nemocional, muchos pueblos engrandecen su historiograf\u00eda y perspectivas de<br \/>\nfuturo.<\/span><\/p>\n<p style=\"text-align: justify;\"><span style=\"font-family: arial;\"><\/span><\/p>\n<table align=\"center\" cellpadding=\"0\" cellspacing=\"0\" style=\"margin-left: auto; margin-right: auto;\">\n<tbody>\n<tr>\n<td style=\"text-align: center;\"><a href=\"https:\/\/blogger.googleusercontent.com\/img\/b\/R29vZ2xl\/AVvXsEgDDo6MDQGrwXitTYTMzn1SrnzdDsKqN6XisG-BRgu0JOIf493f2TdEr7vv4yYv67G65-CD2GsYWjyB_CYi31QFwlontBgx-jvUMQs117RGdEWOCbJCJWmyOhjz0z_r90n-jCsqLplwI2nUYbLwONfOIKs0laWgqRAJwTeqBirUr3Q6vbZugtP15NdJskM\/s1318\/pilones%20pil%C3%B3n.png\" style=\"margin-left: auto; margin-right: auto;\"><img loading=\"lazy\" decoding=\"async\" border=\"0\" data-original-height=\"816\" data-original-width=\"1318\" height=\"396\" src=\"https:\/\/blogger.googleusercontent.com\/img\/b\/R29vZ2xl\/AVvXsEgDDo6MDQGrwXitTYTMzn1SrnzdDsKqN6XisG-BRgu0JOIf493f2TdEr7vv4yYv67G65-CD2GsYWjyB_CYi31QFwlontBgx-jvUMQs117RGdEWOCbJCJWmyOhjz0z_r90n-jCsqLplwI2nUYbLwONfOIKs0laWgqRAJwTeqBirUr3Q6vbZugtP15NdJskM\/w640-h396\/pilones%20pil%C3%B3n.png\" width=\"640\" \/><\/a><\/td>\n<\/tr>\n<tr>\n<td style=\"text-align: center;\"><span style=\"font-family: arial;\">Aspecto de los pilones en noviembre de 2013.<\/span><\/td>\n<\/tr>\n<\/tbody>\n<\/table>\n<p style=\"text-align: justify;\"><span style=\"font-family: arial; font-size: medium;\">El trabajo que viene realizando desde hace unos meses el equipo<br \/>\nde personas participantes en el Programa Mixto de Formaci\u00f3n y empleo de Juzbado,<br \/>\ntrata de enmendar al menos una parte del olvido y pesadumbre colectiva que ha<br \/>\nenvuelto en muchos casos la vida diaria de nuestros pueblos. <span style=\"mso-spacerun: yes;\">&nbsp;<\/span>Hay que reconocer que, afortunadamente, en<br \/>\nJuzbado hemos podido trabajar para restablecer la memoria y el deber urgente y \u00e9tico<br \/>\nque tenemos como sociedad comprometida y moderna con el legado de nuestros<br \/>\nantepasados.<span style=\"mso-spacerun: yes;\">&nbsp; <\/span>Nos acordamos del programa<br \/>\n<a href=\"http:\/\/www.juzbado.es\/memoriassalamanca\/\" target=\"_blank\">Juzbado sonoro<\/a> y el conjunto de placas que jalonan las calles de Juzbado con historias<br \/>\nnarradas por los propios protagonistas.<span style=\"mso-spacerun: yes;\">&nbsp;<br \/>\n<\/span>Mantener en pie el trabajo y la idiosincrasia de nuestros abuelos y bisabuelos<br \/>\nes la mejor dignidad y moralidad con la que afrontar juntos los desaf\u00edos del futuro.<span style=\"mso-spacerun: yes;\">&nbsp;&nbsp;<\/span><\/span><\/p>\n<p style=\"text-align: justify;\"><span style=\"font-family: arial;\"><\/span><\/p>\n<table align=\"center\" cellpadding=\"0\" cellspacing=\"0\" style=\"margin-left: auto; margin-right: auto;\">\n<tbody>\n<tr>\n<td style=\"text-align: center;\"><a href=\"https:\/\/blogger.googleusercontent.com\/img\/b\/R29vZ2xl\/AVvXsEiH5Y0iOO1-dz5F6KSjmpevs8o6PP3hwTZkjdEQK606CKCu4FIuH4t4lsnu_4K1qgmCuMVZ-8WKe2D9FyP-gEb5La2HLJyXwQwT42xDPKqwVVuy67fc49JVnbHMc6OsfirpHyKU1P6fRknCLe6OvUQSjh-U4LJ1F4CzrgAyP4bSPiPQoruedVFz6R3j3ik\/s2000\/WhatsApp%20Image%202024-07-30%20at%2012.26.44(4).jpeg\" style=\"margin-left: auto; margin-right: auto;\"><img loading=\"lazy\" decoding=\"async\" border=\"0\" data-original-height=\"924\" data-original-width=\"2000\" height=\"296\" src=\"https:\/\/blogger.googleusercontent.com\/img\/b\/R29vZ2xl\/AVvXsEiH5Y0iOO1-dz5F6KSjmpevs8o6PP3hwTZkjdEQK606CKCu4FIuH4t4lsnu_4K1qgmCuMVZ-8WKe2D9FyP-gEb5La2HLJyXwQwT42xDPKqwVVuy67fc49JVnbHMc6OsfirpHyKU1P6fRknCLe6OvUQSjh-U4LJ1F4CzrgAyP4bSPiPQoruedVFz6R3j3ik\/w640-h296\/WhatsApp%20Image%202024-07-30%20at%2012.26.44(4).jpeg\" width=\"640\" \/><\/a><\/td>\n<\/tr>\n<tr>\n<td style=\"text-align: center;\"><span style=\"font-family: arial;\">Los pilones restaurados. Foto del 14 de julio de 2024. Juzbado.<\/span><\/td>\n<\/tr>\n<\/tbody>\n<\/table>\n<p><span style=\"font-family: arial;\"><br \/><span style=\"mso-spacerun: yes;\"><br \/><\/span><\/span><\/div>\n<div style=\"text-align: justify;\"><span style=\"font-family: arial; font-size: medium;\">La reciente restauraci\u00f3n de Los Pilones de Juzbado es un<br \/>\nbuen ejemplo del trabajo llevado a cabo por el equipo de trabajadores coordinados<br \/>\npor formadores de la <a href=\"http:\/\/www.lasalina.es\/\" target=\"_blank\">Diputaci\u00f3n de Salamanca<\/a> y que tiene su origen en una seria<br \/>\ny s\u00f3lida reflexi\u00f3n municipal.<span style=\"mso-spacerun: yes;\">&nbsp; Se trata del <a href=\"http:\/\/www.lasalina.es\/economiayhacienda\/empleoydesarrollo\/formacionyempleo\/programamixto\/afes\/juzbado\/index.html\" target=\"_blank\">Programa Mixto de Acciones de Formaci\u00f3n y empleo<\/a> (AFE) que se est\u00e1 llevando a cabo en Jubzado desde el mes de abril y que continuar\u00e1 hasta final de a\u00f1o. <\/span>Con ello<br \/>\nestamos preservando no solo la memoria de los que ya no est\u00e1n y la de los que<br \/>\nutilizaron los pilones para abrevar las piaras y reba\u00f1os, las yuntas o<br \/>\ncorrales, sino que tambi\u00e9n estamos honrando nuestra labor.<span style=\"mso-spacerun: yes;\">&nbsp; <\/span>&nbsp;<\/span><\/div>\n<div style=\"text-align: justify;\"><span style=\"font-family: arial;\"><\/p>\n<table align=\"center\" cellpadding=\"0\" cellspacing=\"0\" style=\"margin-left: auto; margin-right: auto;\">\n<tbody>\n<tr>\n<td style=\"text-align: center;\"><a href=\"https:\/\/blogger.googleusercontent.com\/img\/b\/R29vZ2xl\/AVvXsEj8ya9T9NaiM7D7oIXdJYYUxuj1lTWnVziFAe5UnoACxyHu4rzd7_anLm7btmv1ySrqdo8C_Fqgb1M6IlEdTDz4s1GEup69ZZwqFL005mPCNY54kjf5HqCUw34PLnBQZvrD2ta1tfC8yMYvZS7JMUeVWxE0TU8TL6OzZAC1pFmoiKFZ9HueOCmvS5OQoCg\/s2000\/WhatsApp%20Image%202024-07-30%20at%2012.51.16.jpeg\" style=\"margin-left: auto; margin-right: auto;\"><img loading=\"lazy\" decoding=\"async\" border=\"0\" data-original-height=\"924\" data-original-width=\"2000\" height=\"296\" src=\"https:\/\/blogger.googleusercontent.com\/img\/b\/R29vZ2xl\/AVvXsEj8ya9T9NaiM7D7oIXdJYYUxuj1lTWnVziFAe5UnoACxyHu4rzd7_anLm7btmv1ySrqdo8C_Fqgb1M6IlEdTDz4s1GEup69ZZwqFL005mPCNY54kjf5HqCUw34PLnBQZvrD2ta1tfC8yMYvZS7JMUeVWxE0TU8TL6OzZAC1pFmoiKFZ9HueOCmvS5OQoCg\/w640-h296\/WhatsApp%20Image%202024-07-30%20at%2012.51.16.jpeg\" width=\"640\" \/><\/a><\/td>\n<\/tr>\n<tr>\n<td style=\"text-align: center;\">Trabajos de restauraci\u00f3n dentro del Programa Mixto de Formaci\u00f3n y Empleo de Juzbado.<\/td>\n<\/tr>\n<\/tbody>\n<\/table>\n<p><\/span><\/div>\n<\/p>\n<p style=\"text-align: justify;\"><span style=\"font-family: arial; font-size: medium;\">Este trabajo com\u00fan ser\u00e1 igualmente recordado<br \/>\npor generaciones futuras, manteniendo as\u00ed viva la historia material e<br \/>\ninmaterial de nuestro pueblo y la de sus gentes.<span style=\"mso-spacerun: yes;\">&nbsp; <\/span>Restaurar los pilones, aunque no vengan ya<br \/>\na beber las ovejas, cabras, bueyes, vacas, burras, asnos o marranos, es una responsabilidad<br \/>\ncolectiva, es una necesidad imperiosa.<span style=\"mso-spacerun: yes;\">&nbsp;<br \/>\n<\/span>Es, sin duda alguna, una generosa oportunidad en favor de la comunidad<br \/>\njuzbadina que, lejos de olvidar y denostar a nuestros antepasados, enriquece las conciencias de los<br \/>\nque hoy aqu\u00ed habitamos y recibimos.<span style=\"mso-spacerun: yes;\">&nbsp; <\/span>La<br \/>\nrestauraci\u00f3n de los pilones mantiene viva, a la vista de todos, las historias<br \/>\nde vida y de las piedras que fueron levantadas poco a poco, a mano, con el esfuerzo<br \/>\nde muchos hombres y mujeres.<\/span><\/p>\n<p><\/p>\n","protected":false},"excerpt":{"rendered":"<p>El patrimonio construido de nuestros pueblos es la huella imborrable de la vida de las generaciones pasadas.&nbsp; Es una muestra definitiva de la acci\u00f3n de hombres y mujeres que con esfuerzo y, seguramente, muchas l\u00e1grimas, levantaron de la nada medios e infraestructuras para poder subsistir en un medio rural a veces hostil, a veces m\u00e1s [&hellip;]<\/p>\n","protected":false},"author":2,"featured_media":0,"comment_status":"open","ping_status":"open","sticky":false,"template":"","format":"standard","meta":{"saved_in_kubio":false,"footnotes":""},"categories":[35,55,133,132,134],"tags":[],"class_list":["post-41","post","type-post","status-publish","format-standard","hentry","category-afe","category-diputacion-de-salamanca","category-juzbado-sonoro","category-memoria-sonora","category-pilones"],"_links":{"self":[{"href":"https:\/\/juzbado.es\/nuevaweb\/wp-json\/wp\/v2\/posts\/41","targetHints":{"allow":["GET"]}}],"collection":[{"href":"https:\/\/juzbado.es\/nuevaweb\/wp-json\/wp\/v2\/posts"}],"about":[{"href":"https:\/\/juzbado.es\/nuevaweb\/wp-json\/wp\/v2\/types\/post"}],"author":[{"embeddable":true,"href":"https:\/\/juzbado.es\/nuevaweb\/wp-json\/wp\/v2\/users\/2"}],"replies":[{"embeddable":true,"href":"https:\/\/juzbado.es\/nuevaweb\/wp-json\/wp\/v2\/comments?post=41"}],"version-history":[{"count":0,"href":"https:\/\/juzbado.es\/nuevaweb\/wp-json\/wp\/v2\/posts\/41\/revisions"}],"wp:attachment":[{"href":"https:\/\/juzbado.es\/nuevaweb\/wp-json\/wp\/v2\/media?parent=41"}],"wp:term":[{"taxonomy":"category","embeddable":true,"href":"https:\/\/juzbado.es\/nuevaweb\/wp-json\/wp\/v2\/categories?post=41"},{"taxonomy":"post_tag","embeddable":true,"href":"https:\/\/juzbado.es\/nuevaweb\/wp-json\/wp\/v2\/tags?post=41"}],"curies":[{"name":"wp","href":"https:\/\/api.w.org\/{rel}","templated":true}]}}