{"id":411,"date":"2019-07-29T18:18:00","date_gmt":"2019-07-29T16:18:00","guid":{"rendered":"http:\/\/juzbado.es\/nuevaweb\/2019\/07\/29\/dia-de-los-abuelos-2019\/"},"modified":"2019-07-29T18:18:00","modified_gmt":"2019-07-29T16:18:00","slug":"dia-de-los-abuelos-2019","status":"publish","type":"post","link":"https:\/\/juzbado.es\/nuevaweb\/2019\/07\/29\/dia-de-los-abuelos-2019\/","title":{"rendered":"D\u00cdA DE LOS ABUELOS 2019"},"content":{"rendered":"<div style=\"text-align: justify;\">\n<span style=\"font-size: medium;\"><span style=\"font-family: &quot;arial&quot; , &quot;helvetica&quot; , sans-serif;\">El pasado viernes 26 de Julio celebramos en Juzbado una efem\u00e9rides muy especial.&nbsp; Se trat\u00f3 de hacernos eco del <b>D\u00eda de los Abuelos 2019<\/b>, una jornada de convivencia organizada por la <b>Asociaci\u00f3n de Mayores de Juzbado <\/b>y que este a\u00f1o ya va por la segunda edici\u00f3n.&nbsp; El objetivo, en palabras de la junta directiva actual de la Asociaci\u00f3n de Mayores <i>es juntar a mayores y peque\u00f1os y disfrutar juntos del<br \/>\ntrabajo comunitario, intergeneracional, l\u00fadico y solidario, aprendeindo unos de otros<\/i>. &nbsp;&nbsp;<\/span><\/span><\/div>\n<div style=\"text-align: justify;\">\n<\/div>\n<div style=\"text-align: justify;\">\n<span style=\"font-size: medium;\"><span style=\"font-family: &quot;arial&quot; , &quot;helvetica&quot; , sans-serif;\">Este a\u00f1o los trabajos previstos comenzaron a las 9 de la ma\u00f1ana en el <i>Camino del Pocito<\/i>, donde se continu\u00f3 la extraordinaria labor del a\u00f1o pasado consistente en desbrozar y limpiar las m\u00e1rgenes de un camino muy recordado por los vecinos de Juzbado.&nbsp; A continuaci\u00f3n se limpiaron las m\u00e1rgenes del vial de acceso de las piscinas municipales y el \u00e1rea adyacente al gran mural Libro Abierto.&nbsp;&nbsp;<\/span><\/span><\/div>\n<div style=\"text-align: justify;\">\n<\/div>\n<p><span style=\"font-size: medium;\"><span style=\"font-family: &quot;arial&quot; , &quot;helvetica&quot; , sans-serif;\">Queremos felicitar a la Asociaci\u00f3n de Mayores por esta segunda convocatoria a la que han acudido m\u00e1s vecinos grandes y mayores.&nbsp; Tras los intensos trabajos hubo tiempo para el juego en la plaza de la iglesia y una comida en el sal\u00f3n de actos.&nbsp; Os mostramos algunas fotograf\u00edas de la estupenda jornada.<\/span><\/span><\/p>\n<table align=\"center\" cellpadding=\"0\" cellspacing=\"0\" style=\"margin-left: auto; margin-right: auto; text-align: center;\">\n<tbody>\n<tr>\n<td style=\"text-align: center;\"><a href=\"https:\/\/blogger.googleusercontent.com\/img\/b\/R29vZ2xl\/AVvXsEinkNaaWNAYFFCvTiNnAbnNE4iQG0-45Nwv6EBa_h-34Uao2giYBo6GVTebGuuKeO8SAgTfjdxUeWU0C34kkMQV0R2sHs6CccHLz2wPShlOJpOsIcWdln9nBXB9FLiG0XXoK4uyLoX_gHc\/s1600\/DIA+ABUELOS+2019+MAYORES+%25281%2529+%2528Copiar%2529.jpeg\" style=\"margin-left: auto; margin-right: auto;\"><img loading=\"lazy\" decoding=\"async\" alt=\"Juzbado, d\u00eda de los abuelos 2019, trabajo comunitario\" border=\"0\" data-original-height=\"450\" data-original-width=\"800\" height=\"360\" src=\"https:\/\/blogger.googleusercontent.com\/img\/b\/R29vZ2xl\/AVvXsEinkNaaWNAYFFCvTiNnAbnNE4iQG0-45Nwv6EBa_h-34Uao2giYBo6GVTebGuuKeO8SAgTfjdxUeWU0C34kkMQV0R2sHs6CccHLz2wPShlOJpOsIcWdln9nBXB9FLiG0XXoK4uyLoX_gHc\/s640\/DIA+ABUELOS+2019+MAYORES+%25281%2529+%2528Copiar%2529.jpeg\" title=\"Juzbado, d\u00eda de los abuelos 2019, trabajo comunitario\" width=\"640\" \/><\/a><\/td>\n<\/tr>\n<tr>\n<td style=\"text-align: center;\"><\/td>\n<\/tr>\n<\/tbody>\n<\/table>\n<p>\n<a name='more'><\/a><\/p>\n<div style=\"clear: both; text-align: center;\">\n<a href=\"https:\/\/blogger.googleusercontent.com\/img\/b\/R29vZ2xl\/AVvXsEjb6g6oES7MFRwqRItcFGLSt1xqZFlV6IB6EQ_4f_irq8mC5F__Ypdoedck4ada9sGJhmCoTke9uqSHVG7ATxSaj-qjiLCxQWUJyndU3O-NagOodFY4gwNcPasYM6RDq9mg55jNwgrpNQA\/s1600\/DIA+ABUELOS+2019+MAYORES+%25283%2529+%2528Copiar%2529.jpeg\" style=\"margin-left: 1em; margin-right: 1em;\"><img loading=\"lazy\" decoding=\"async\" alt=\"Juzbado, d\u00eda de los abuelos 2019, trabajo comunitario\" border=\"0\" data-original-height=\"450\" data-original-width=\"800\" height=\"360\" src=\"https:\/\/blogger.googleusercontent.com\/img\/b\/R29vZ2xl\/AVvXsEjb6g6oES7MFRwqRItcFGLSt1xqZFlV6IB6EQ_4f_irq8mC5F__Ypdoedck4ada9sGJhmCoTke9uqSHVG7ATxSaj-qjiLCxQWUJyndU3O-NagOodFY4gwNcPasYM6RDq9mg55jNwgrpNQA\/s640\/DIA+ABUELOS+2019+MAYORES+%25283%2529+%2528Copiar%2529.jpeg\" title=\"Juzbado, d\u00eda de los abuelos 2019, trabajo comunitario\" width=\"640\" \/><\/a><\/div>\n<p><\/p>\n<div style=\"clear: both; text-align: center;\">\n<a href=\"https:\/\/blogger.googleusercontent.com\/img\/b\/R29vZ2xl\/AVvXsEgu9XgzK-6SbuzhgmDDM-J2vP_4NEVU7_Dl2g2U7niwSOWMIDiQeksnJ_iMaT73dvIbUcHC1RV9sdtjs3MV3pzS9kAn1XavbFkgvmH5dGFPVdyCI-9jLya2IZO98EUd_GlrEwq3LT2pVrg\/s1600\/DIA+ABUELOS+2019+MAYORES+%25285%2529+%2528Copiar%2529.jpeg\" style=\"margin-left: 1em; margin-right: 1em;\"><img loading=\"lazy\" decoding=\"async\" alt=\"Juzbado, d\u00eda de los abuelos 2019, trabajo comunitario\" border=\"0\" data-original-height=\"450\" data-original-width=\"800\" height=\"360\" src=\"https:\/\/blogger.googleusercontent.com\/img\/b\/R29vZ2xl\/AVvXsEgu9XgzK-6SbuzhgmDDM-J2vP_4NEVU7_Dl2g2U7niwSOWMIDiQeksnJ_iMaT73dvIbUcHC1RV9sdtjs3MV3pzS9kAn1XavbFkgvmH5dGFPVdyCI-9jLya2IZO98EUd_GlrEwq3LT2pVrg\/s640\/DIA+ABUELOS+2019+MAYORES+%25285%2529+%2528Copiar%2529.jpeg\" title=\"Juzbado, d\u00eda de los abuelos 2019, trabajo comunitario\" width=\"640\" \/><\/a><\/div>\n<p><\/p>\n<div style=\"clear: both; text-align: center;\">\n<a href=\"https:\/\/blogger.googleusercontent.com\/img\/b\/R29vZ2xl\/AVvXsEjyxr_YYNK1SN2Ph6S03QONDs2be126BgTMg_kmmp497IBCaYDQXt_u5ksdt2QwaH5rIk0UQfep8gYmLcxGWn-7cFKcXzrwZsJIp9Im1XDeyKLo0mnER1gQILE67S3bCUXlCShkjJ6DGvU\/s1600\/DIA+ABUELOS+2019+MAYORES+%25287%2529+%2528Copiar%2529.jpeg\" style=\"margin-left: 1em; margin-right: 1em;\"><img loading=\"lazy\" decoding=\"async\" alt=\"Juzbado, d\u00eda de los abuelos 2019, trabajo comunitario\" border=\"0\" data-original-height=\"450\" data-original-width=\"800\" height=\"360\" src=\"https:\/\/blogger.googleusercontent.com\/img\/b\/R29vZ2xl\/AVvXsEjyxr_YYNK1SN2Ph6S03QONDs2be126BgTMg_kmmp497IBCaYDQXt_u5ksdt2QwaH5rIk0UQfep8gYmLcxGWn-7cFKcXzrwZsJIp9Im1XDeyKLo0mnER1gQILE67S3bCUXlCShkjJ6DGvU\/s640\/DIA+ABUELOS+2019+MAYORES+%25287%2529+%2528Copiar%2529.jpeg\" title=\"Juzbado, d\u00eda de los abuelos 2019, trabajo comunitario\" width=\"640\" \/><\/a><\/div>\n<p><\/p>\n<div style=\"clear: both; text-align: center;\">\n<a href=\"https:\/\/blogger.googleusercontent.com\/img\/b\/R29vZ2xl\/AVvXsEh-tOV_TSTlZ2GNC2bEyWkkc2brL0UkSK2yJLDvHPIed5NlYtcsVundJZuwUErRvZHP86O5UF9fDNFwIRkj8dHPeyH7FX2vZslY30_nlp05zePOuR4o-f35_t_c86y5fdoaNzGL_uWr9nA\/s1600\/DIA+ABUELOS+2019+MAYORES+%252812%2529+%2528Copiar%2529.jpeg\" style=\"margin-left: 1em; margin-right: 1em;\"><img loading=\"lazy\" decoding=\"async\" alt=\"Juzbado, d\u00eda de los abuelos 2019, trabajo comunitario\" border=\"0\" data-original-height=\"450\" data-original-width=\"800\" height=\"360\" src=\"https:\/\/blogger.googleusercontent.com\/img\/b\/R29vZ2xl\/AVvXsEh-tOV_TSTlZ2GNC2bEyWkkc2brL0UkSK2yJLDvHPIed5NlYtcsVundJZuwUErRvZHP86O5UF9fDNFwIRkj8dHPeyH7FX2vZslY30_nlp05zePOuR4o-f35_t_c86y5fdoaNzGL_uWr9nA\/s640\/DIA+ABUELOS+2019+MAYORES+%252812%2529+%2528Copiar%2529.jpeg\" title=\"Juzbado, d\u00eda de los abuelos 2019, trabajo comunitario\" width=\"640\" \/><\/a><\/div>\n<p><\/p>\n<div style=\"clear: both; text-align: center;\">\n<a href=\"https:\/\/blogger.googleusercontent.com\/img\/b\/R29vZ2xl\/AVvXsEi3PofEx5IaJhMWC32rwwttAVNkpHj_uwrOo85-lWnJyCkZCt4sqpliZ-qv7BUOkdkEzqVKniB1o8V5wjGGeKyQaLURuvgfvFDdOcjH6pHA7yK-152qx8JHgdiev6ajLh91GQTPDp19T5o\/s1600\/DIA+ABUELOS+2019+MAYORES+%252814%2529+%2528Copiar%2529.jpeg\" style=\"margin-left: 1em; margin-right: 1em;\"><img loading=\"lazy\" decoding=\"async\" alt=\"Juzbado, d\u00eda de los abuelos 2019, trabajo comunitario\" border=\"0\" data-original-height=\"450\" data-original-width=\"800\" height=\"360\" src=\"https:\/\/blogger.googleusercontent.com\/img\/b\/R29vZ2xl\/AVvXsEi3PofEx5IaJhMWC32rwwttAVNkpHj_uwrOo85-lWnJyCkZCt4sqpliZ-qv7BUOkdkEzqVKniB1o8V5wjGGeKyQaLURuvgfvFDdOcjH6pHA7yK-152qx8JHgdiev6ajLh91GQTPDp19T5o\/s640\/DIA+ABUELOS+2019+MAYORES+%252814%2529+%2528Copiar%2529.jpeg\" title=\"Juzbado, d\u00eda de los abuelos 2019, trabajo comunitario\" width=\"640\" \/><\/a><\/div>\n","protected":false},"excerpt":{"rendered":"<p>El pasado viernes 26 de Julio celebramos en Juzbado una efem\u00e9rides muy especial.&nbsp; Se trat\u00f3 de hacernos eco del D\u00eda de los Abuelos 2019, una jornada de convivencia organizada por la Asociaci\u00f3n de Mayores de Juzbado y que este a\u00f1o ya va por la segunda edici\u00f3n.&nbsp; El objetivo, en palabras de la junta directiva actual [&hellip;]<\/p>\n","protected":false},"author":2,"featured_media":0,"comment_status":"open","ping_status":"open","sticky":false,"template":"","format":"standard","meta":{"saved_in_kubio":false,"footnotes":""},"categories":[1],"tags":[],"class_list":["post-411","post","type-post","status-publish","format-standard","hentry","category-sin-categoria"],"_links":{"self":[{"href":"https:\/\/juzbado.es\/nuevaweb\/wp-json\/wp\/v2\/posts\/411","targetHints":{"allow":["GET"]}}],"collection":[{"href":"https:\/\/juzbado.es\/nuevaweb\/wp-json\/wp\/v2\/posts"}],"about":[{"href":"https:\/\/juzbado.es\/nuevaweb\/wp-json\/wp\/v2\/types\/post"}],"author":[{"embeddable":true,"href":"https:\/\/juzbado.es\/nuevaweb\/wp-json\/wp\/v2\/users\/2"}],"replies":[{"embeddable":true,"href":"https:\/\/juzbado.es\/nuevaweb\/wp-json\/wp\/v2\/comments?post=411"}],"version-history":[{"count":0,"href":"https:\/\/juzbado.es\/nuevaweb\/wp-json\/wp\/v2\/posts\/411\/revisions"}],"wp:attachment":[{"href":"https:\/\/juzbado.es\/nuevaweb\/wp-json\/wp\/v2\/media?parent=411"}],"wp:term":[{"taxonomy":"category","embeddable":true,"href":"https:\/\/juzbado.es\/nuevaweb\/wp-json\/wp\/v2\/categories?post=411"},{"taxonomy":"post_tag","embeddable":true,"href":"https:\/\/juzbado.es\/nuevaweb\/wp-json\/wp\/v2\/tags?post=411"}],"curies":[{"name":"wp","href":"https:\/\/api.w.org\/{rel}","templated":true}]}}