{"id":414,"date":"2019-07-23T10:40:00","date_gmt":"2019-07-23T08:40:00","guid":{"rendered":"http:\/\/juzbado.es\/nuevaweb\/2019\/07\/23\/arte-en-verano-2019\/"},"modified":"2019-07-23T10:40:00","modified_gmt":"2019-07-23T08:40:00","slug":"arte-en-verano-2019","status":"publish","type":"post","link":"https:\/\/juzbado.es\/nuevaweb\/2019\/07\/23\/arte-en-verano-2019\/","title":{"rendered":"ARTE EN VERANO 2019"},"content":{"rendered":"<div style=\"text-align: justify;\">\n<span style=\"font-size: large;\"><span style=\"font-family: &quot;arial&quot; , &quot;helvetica&quot; , sans-serif;\">Si hay una propuesta participativa que define los veranos en Juzbado, esa es \u201c<a href=\"https:\/\/juzbado.blogspot.com\/2018\/08\/arte-en-verano-2018.html\" target=\"_blank\">Arte en verano<\/a>\u201d.&nbsp; Ya son muchos los est\u00edos que dejan tras de s\u00ed todas nuestras papeleras pintadas, pero tambi\u00e9n nuestras coloridas y atractivas marquesinas del autob\u00fas o el suelo intervenido frente al Ayuntamiento o en el antiguo juego de pelota.&nbsp; Este a\u00f1o volvemos a los pinceles y debemos anunciaros nuevos juegos y propuestas de interacci\u00f3n vecinal en el pavimento de la plaza.&nbsp; Un nuevo tablero de ajedrez y el juego del pa\u00f1uelo ser\u00e1n las novedades de este a\u00f1o.&nbsp; Tras 3 intensas jornadas y, a falta de terminar el lunes que viene, os mostramos a continuaci\u00f3n el inmenso trabajo que han desarrollado nuestros m\u00e1s peque\u00f1os acompa\u00f1ados de Montse.&nbsp;&nbsp;<\/span><\/span><\/div>\n<div style=\"text-align: justify;\">\n<\/div>\n<div style=\"text-align: justify;\">\n<span style=\"font-size: large;\"><span style=\"font-family: &quot;arial&quot; , &quot;helvetica&quot; , sans-serif;\">Se trata de un legado art\u00edstico y de interacci\u00f3n con nuestro mobiliario p\u00fablico que <a href=\"https:\/\/juzbado.blogspot.com\/p\/galeria-rural.html\" target=\"_blank\">se ha convertido hasta en un atractivo<\/a> para los que nos visitan por primera vez.&nbsp; Pero sin duda alguna, es el gran tesoro y huella que nuestra juventud deja para el futuro en nuestros espacios p\u00fablicos. \u00a1Enhorabuena a todos los participantes!<\/span><\/span><\/p>\n<p><span style=\"font-size: large;\"><span style=\"font-family: &quot;arial&quot; , &quot;helvetica&quot; , sans-serif;\"><a href=\"https:\/\/blogger.googleusercontent.com\/img\/b\/R29vZ2xl\/AVvXsEiCXRRqERpaxCQZuEbZqaHM5736k1JPIf1sgtKjTPzcZrD6xHFSxZa9YvypILdrvZk2wQ2PuMRqb411go2H06C_k7uX4xYGbE-oKxtTvqZK-auraw0tudIhG41faTBfobNwp88wpQk_2pE\/s1600\/arte+en+verano+snapseed+2019+%25282%2529+%2528Copiar%2529.jpeg\" style=\"margin-left: 1em; margin-right: 1em;\"><img loading=\"lazy\" decoding=\"async\" alt=\"Juzbado, Arte en verano 2019, \" border=\"0\" data-original-height=\"450\" data-original-width=\"800\" height=\"360\" src=\"https:\/\/blogger.googleusercontent.com\/img\/b\/R29vZ2xl\/AVvXsEiCXRRqERpaxCQZuEbZqaHM5736k1JPIf1sgtKjTPzcZrD6xHFSxZa9YvypILdrvZk2wQ2PuMRqb411go2H06C_k7uX4xYGbE-oKxtTvqZK-auraw0tudIhG41faTBfobNwp88wpQk_2pE\/s640\/arte+en+verano+snapseed+2019+%25282%2529+%2528Copiar%2529.jpeg\" title=\"Juzbado, Arte en verano 2019, \" width=\"640\" \/><\/a><\/span><\/span><\/div>\n<div style=\"text-align: justify;\">\n<br \/>\n<a name='more'><\/a><\/div>\n<div style=\"clear: both; text-align: center;\">\n<a href=\"https:\/\/blogger.googleusercontent.com\/img\/b\/R29vZ2xl\/AVvXsEjohukAQkfaynAFThT3Nzhmzkq6ZhcETRNyHg2ST9UlLTmiYWHuJCo0Es0cJAO0-nB2LeXHWSVTFZDgRDT7aT67D5tF-amN5aJbnDEBbFmyHXFQ4DToM4xQae7Ockavh_7WQprTXNoCZgQ\/s1600\/arte+en+verano+snapseed+2019+%25287%2529+%2528Copiar%2529.jpeg\" style=\"margin-left: 1em; margin-right: 1em;\"><img loading=\"lazy\" decoding=\"async\" alt=\"Juzbado, Arte en verano 2019\" border=\"0\" data-original-height=\"450\" data-original-width=\"800\" height=\"360\" src=\"https:\/\/blogger.googleusercontent.com\/img\/b\/R29vZ2xl\/AVvXsEjohukAQkfaynAFThT3Nzhmzkq6ZhcETRNyHg2ST9UlLTmiYWHuJCo0Es0cJAO0-nB2LeXHWSVTFZDgRDT7aT67D5tF-amN5aJbnDEBbFmyHXFQ4DToM4xQae7Ockavh_7WQprTXNoCZgQ\/s640\/arte+en+verano+snapseed+2019+%25287%2529+%2528Copiar%2529.jpeg\" title=\"Juzbado, Arte en verano 2019\" width=\"640\" \/><\/a><\/div>\n<p><\/p>\n<div style=\"clear: both; text-align: center;\">\n<a href=\"https:\/\/blogger.googleusercontent.com\/img\/b\/R29vZ2xl\/AVvXsEhrw846-A8RhC3v9J_X2wasMEH9kwmRET3UzqcqXVg__Z98MeZrk7AttrqM_f6sHes1lYbYkVVf8GWPr_gMzzhTffSId-QoBJESo5kXLRSWKTECjwm7ts668tQHm-lVE7l6vP9JYFi9t7Q\/s1600\/arte+en+verano+snapseed+2019+%252811%2529+%2528Copiar%2529.jpeg\" style=\"margin-left: 1em; margin-right: 1em;\"><img loading=\"lazy\" decoding=\"async\" alt=\"Juzbado, Arte en verano 2019, \" border=\"0\" data-original-height=\"450\" data-original-width=\"800\" height=\"360\" src=\"https:\/\/blogger.googleusercontent.com\/img\/b\/R29vZ2xl\/AVvXsEhrw846-A8RhC3v9J_X2wasMEH9kwmRET3UzqcqXVg__Z98MeZrk7AttrqM_f6sHes1lYbYkVVf8GWPr_gMzzhTffSId-QoBJESo5kXLRSWKTECjwm7ts668tQHm-lVE7l6vP9JYFi9t7Q\/s640\/arte+en+verano+snapseed+2019+%252811%2529+%2528Copiar%2529.jpeg\" title=\"Juzbado, Arte en verano 2019, \" width=\"640\" \/><\/a><\/div>\n<p><\/p>\n<div style=\"clear: both; text-align: center;\">\n<a href=\"https:\/\/blogger.googleusercontent.com\/img\/b\/R29vZ2xl\/AVvXsEhjFponl0y5dp0UxVHlAStvYEfYeLmHEj2hEhzakiP5tQOqa9tK4ziwEPxv_op1aFXPNHQz-TXI_DWTuKckbefc_dWUAQ_mqgz7pjF7N9UmSAtW9kS6Xby1KsOHADffLhoSKkcUtx6-PbU\/s1600\/arte+en+verano+2019+snapseed+12+%2528Copiar%2529.jpeg\" style=\"margin-left: 1em; margin-right: 1em;\"><img loading=\"lazy\" decoding=\"async\" alt=\"Juzbado, Arte en verano 2019, \" border=\"0\" data-original-height=\"600\" data-original-width=\"800\" height=\"480\" src=\"https:\/\/blogger.googleusercontent.com\/img\/b\/R29vZ2xl\/AVvXsEhjFponl0y5dp0UxVHlAStvYEfYeLmHEj2hEhzakiP5tQOqa9tK4ziwEPxv_op1aFXPNHQz-TXI_DWTuKckbefc_dWUAQ_mqgz7pjF7N9UmSAtW9kS6Xby1KsOHADffLhoSKkcUtx6-PbU\/s640\/arte+en+verano+2019+snapseed+12+%2528Copiar%2529.jpeg\" title=\"Juzbado, Arte en verano 2019, \" width=\"640\" \/><\/a><\/div>\n<div style=\"text-align: justify;\">\n<\/div>\n","protected":false},"excerpt":{"rendered":"<p>Si hay una propuesta participativa que define los veranos en Juzbado, esa es \u201cArte en verano\u201d.&nbsp; Ya son muchos los est\u00edos que dejan tras de s\u00ed todas nuestras papeleras pintadas, pero tambi\u00e9n nuestras coloridas y atractivas marquesinas del autob\u00fas o el suelo intervenido frente al Ayuntamiento o en el antiguo juego de pelota.&nbsp; Este a\u00f1o [&hellip;]<\/p>\n","protected":false},"author":2,"featured_media":0,"comment_status":"open","ping_status":"open","sticky":false,"template":"","format":"standard","meta":{"saved_in_kubio":false,"footnotes":""},"categories":[1],"tags":[],"class_list":["post-414","post","type-post","status-publish","format-standard","hentry","category-sin-categoria"],"_links":{"self":[{"href":"https:\/\/juzbado.es\/nuevaweb\/wp-json\/wp\/v2\/posts\/414","targetHints":{"allow":["GET"]}}],"collection":[{"href":"https:\/\/juzbado.es\/nuevaweb\/wp-json\/wp\/v2\/posts"}],"about":[{"href":"https:\/\/juzbado.es\/nuevaweb\/wp-json\/wp\/v2\/types\/post"}],"author":[{"embeddable":true,"href":"https:\/\/juzbado.es\/nuevaweb\/wp-json\/wp\/v2\/users\/2"}],"replies":[{"embeddable":true,"href":"https:\/\/juzbado.es\/nuevaweb\/wp-json\/wp\/v2\/comments?post=414"}],"version-history":[{"count":0,"href":"https:\/\/juzbado.es\/nuevaweb\/wp-json\/wp\/v2\/posts\/414\/revisions"}],"wp:attachment":[{"href":"https:\/\/juzbado.es\/nuevaweb\/wp-json\/wp\/v2\/media?parent=414"}],"wp:term":[{"taxonomy":"category","embeddable":true,"href":"https:\/\/juzbado.es\/nuevaweb\/wp-json\/wp\/v2\/categories?post=414"},{"taxonomy":"post_tag","embeddable":true,"href":"https:\/\/juzbado.es\/nuevaweb\/wp-json\/wp\/v2\/tags?post=414"}],"curies":[{"name":"wp","href":"https:\/\/api.w.org\/{rel}","templated":true}]}}