{"id":417,"date":"2019-07-21T15:44:00","date_gmt":"2019-07-21T13:44:00","guid":{"rendered":"http:\/\/juzbado.es\/nuevaweb\/2019\/07\/21\/jornada-de-convivencia-intergeneracional\/"},"modified":"2019-07-21T15:44:00","modified_gmt":"2019-07-21T13:44:00","slug":"jornada-de-convivencia-intergeneracional","status":"publish","type":"post","link":"https:\/\/juzbado.es\/nuevaweb\/2019\/07\/21\/jornada-de-convivencia-intergeneracional\/","title":{"rendered":"JORNADA DE CONVIVENCIA INTERGENERACIONAL"},"content":{"rendered":"<div style=\"text-align: justify;\">\n<span style=\"font-size: large;\"><span style=\"font-family: &quot;arial&quot; , &quot;helvetica&quot; , sans-serif;\">La <a href=\"https:\/\/juzbado.blogspot.com\/p\/asociaciones.html\">Asociaci\u00f3n de Mayores de Juzbado<\/a> convoca la segunda convivencia intergeneracional con motivo de la celebraci\u00f3n del D\u00eda Internacional de los Abuelos.&nbsp; El <a href=\"https:\/\/juzbado.blogspot.com\/2018\/07\/dia-de-los-abuelos-2018.html\">a\u00f1o pasado<\/a> la iniciativa pionera en nuestro municipio consigui\u00f3 juntar&nbsp; a varias decenas de vecinos para llevar a cabo algunos trabajos en los caminos del pueblo.&nbsp; Tras la intensa ma\u00f1ana se celebr\u00f3 una apetitosa comida con abuelos, hijos y nietos en la terraza de las piscinas.&nbsp;&nbsp;<\/span><\/span><br \/>\n<span style=\"font-size: large;\"><span style=\"font-family: &quot;arial&quot; , &quot;helvetica&quot; , sans-serif;\">Este a\u00f1o la asociaci\u00f3n pretende repetir la entra\u00f1able experiencia y, para ello, convoca a todos los vecinos y amigos que quieran participar el d\u00eda 26 de Julio a partir de las 9:00 h.&nbsp; Los objetivos de este a\u00f1o consistir\u00e1n en rematar los trabajos iniciados el a\u00f1o pasado en el Camino del Pocito y aderezar los entornos del <a href=\"https:\/\/juzbado.blogspot.com\/2016\/12\/inauguracion-del-mural-libro-abierto.html\">gran mural al aire libre Libro Abierto<\/a>.&nbsp; La convocatoria finalizar\u00e1 con una comida para todos los participantes en la terraza del <a href=\"https:\/\/www.facebook.com\/angusdelisalamanca\/\">Bar-Restaurante Angus Deli<\/a> y una tarde de chapuzones en las piscinas municipales.&nbsp; Momentos antes de la comida habr\u00e1 juegos tradicionales a disposici\u00f3n de todo el p\u00fablico.&nbsp;&nbsp;<\/span><\/span><\/div>\n<table align=\"center\" cellpadding=\"0\" cellspacing=\"0\" style=\"margin-left: auto; margin-right: auto; text-align: center;\">\n<tbody>\n<tr>\n<td style=\"text-align: center;\"><a href=\"https:\/\/blogger.googleusercontent.com\/img\/b\/R29vZ2xl\/AVvXsEhidw1EuoOmGfUV4xyZJYjrAPZ8KU8Q2ptl0JiBIp1_8J34Uivqx35_OFtUrwq7F_YTwMfeGYYvfM6lHO1q9bCQPXr3KJ9rN_YPrjYPgWUbd_UkqvTtEq_cYxhOArqt46u7qt9xBL2BhIs\/s1600\/DIA+DE+LOS+ABUELOS+2018+%25287%2529+%2528Copiar%2529.jpeg\" style=\"margin-left: auto; margin-right: auto;\"><img loading=\"lazy\" decoding=\"async\" alt=\"Juzbado, d\u00eda de los abuelos 2019, Asociaci\u00f3n de mayores\" border=\"0\" data-original-height=\"900\" data-original-width=\"1600\" height=\"360\" src=\"https:\/\/blogger.googleusercontent.com\/img\/b\/R29vZ2xl\/AVvXsEhidw1EuoOmGfUV4xyZJYjrAPZ8KU8Q2ptl0JiBIp1_8J34Uivqx35_OFtUrwq7F_YTwMfeGYYvfM6lHO1q9bCQPXr3KJ9rN_YPrjYPgWUbd_UkqvTtEq_cYxhOArqt46u7qt9xBL2BhIs\/s640\/DIA+DE+LOS+ABUELOS+2018+%25287%2529+%2528Copiar%2529.jpeg\" title=\"Juzbado, d\u00eda de los abuelos 2019, Asociaci\u00f3n de mayores\" width=\"640\" \/><\/a><\/td>\n<\/tr>\n<tr>\n<td style=\"text-align: center;\"><span style=\"font-family: &quot;arial&quot; , &quot;helvetica&quot; , sans-serif;\">Comida de abuelos , hijos y nietos en la terraza tras los trabajos de por la ma\u00f1ana.<\/span><\/td>\n<\/tr>\n<\/tbody>\n<\/table>\n<div style=\"text-align: justify;\">\n<span style=\"font-size: large;\"><span style=\"font-family: &quot;arial&quot; , &quot;helvetica&quot; , sans-serif;\"><\/span><\/span><\/div>\n<p><span style=\"font-size: large;\"><span style=\"font-family: &quot;arial&quot; , &quot;helvetica&quot; , sans-serif;\">  <\/span><\/span><\/p>\n<div style=\"text-align: justify;\">\n<span style=\"font-size: large;\"><span style=\"font-family: &quot;arial&quot; , &quot;helvetica&quot; , sans-serif;\">Desde la organizaci\u00f3n se invita a todos a participar en la medida de sus posibilidades y, por eso, se entiende que quien no se sienta con fuerzas para asistir en los trabajos lo puede hacer visitando a los participantes alent\u00e1ndolos y refrescando el ambiente de una jornada divertida.&nbsp; Cualquier cuesti\u00f3n relacionada con la efem\u00e9rides ponerse en contacto con la Asociaci\u00f3n de Mayores.&nbsp;<\/span><\/span><\/p>\n<div style=\"clear: both; text-align: center;\">\n<a href=\"https:\/\/blogger.googleusercontent.com\/img\/b\/R29vZ2xl\/AVvXsEizIqCtm54h_FV3VIxeUAqm2pHBNSm_eiGDEM6wKTY_LIuRVJrs6lyQXuyWqzXeFZ_QgfSjy2uB_NX-A-ZwBu3eALw8qhZ1a6IlnqvNfk7lTDKQNk_7bQqkmh8zZe7uZAGdpKU1Gl4wnYE\/s1600\/dia+de+los+abuelos+2019.jpg\" style=\"margin-left: 1em; margin-right: 1em;\"><img loading=\"lazy\" decoding=\"async\" alt=\"Juzbado, d\u00eda de los abuelos 2019, Asociaci\u00f3n de mayores\" border=\"0\" data-original-height=\"1600\" data-original-width=\"1132\" height=\"640\" src=\"https:\/\/blogger.googleusercontent.com\/img\/b\/R29vZ2xl\/AVvXsEizIqCtm54h_FV3VIxeUAqm2pHBNSm_eiGDEM6wKTY_LIuRVJrs6lyQXuyWqzXeFZ_QgfSjy2uB_NX-A-ZwBu3eALw8qhZ1a6IlnqvNfk7lTDKQNk_7bQqkmh8zZe7uZAGdpKU1Gl4wnYE\/s640\/dia+de+los+abuelos+2019.jpg\" title=\"Juzbado, d\u00eda de los abuelos 2019, Asociaci\u00f3n de mayores\" width=\"452\" \/><\/a><\/div>\n<\/div>\n","protected":false},"excerpt":{"rendered":"<p>La Asociaci\u00f3n de Mayores de Juzbado convoca la segunda convivencia intergeneracional con motivo de la celebraci\u00f3n del D\u00eda Internacional de los Abuelos.&nbsp; El a\u00f1o pasado la iniciativa pionera en nuestro municipio consigui\u00f3 juntar&nbsp; a varias decenas de vecinos para llevar a cabo algunos trabajos en los caminos del pueblo.&nbsp; Tras la intensa ma\u00f1ana se celebr\u00f3 [&hellip;]<\/p>\n","protected":false},"author":2,"featured_media":0,"comment_status":"open","ping_status":"open","sticky":false,"template":"","format":"standard","meta":{"saved_in_kubio":false,"footnotes":""},"categories":[1],"tags":[],"class_list":["post-417","post","type-post","status-publish","format-standard","hentry","category-sin-categoria"],"_links":{"self":[{"href":"https:\/\/juzbado.es\/nuevaweb\/wp-json\/wp\/v2\/posts\/417","targetHints":{"allow":["GET"]}}],"collection":[{"href":"https:\/\/juzbado.es\/nuevaweb\/wp-json\/wp\/v2\/posts"}],"about":[{"href":"https:\/\/juzbado.es\/nuevaweb\/wp-json\/wp\/v2\/types\/post"}],"author":[{"embeddable":true,"href":"https:\/\/juzbado.es\/nuevaweb\/wp-json\/wp\/v2\/users\/2"}],"replies":[{"embeddable":true,"href":"https:\/\/juzbado.es\/nuevaweb\/wp-json\/wp\/v2\/comments?post=417"}],"version-history":[{"count":0,"href":"https:\/\/juzbado.es\/nuevaweb\/wp-json\/wp\/v2\/posts\/417\/revisions"}],"wp:attachment":[{"href":"https:\/\/juzbado.es\/nuevaweb\/wp-json\/wp\/v2\/media?parent=417"}],"wp:term":[{"taxonomy":"category","embeddable":true,"href":"https:\/\/juzbado.es\/nuevaweb\/wp-json\/wp\/v2\/categories?post=417"},{"taxonomy":"post_tag","embeddable":true,"href":"https:\/\/juzbado.es\/nuevaweb\/wp-json\/wp\/v2\/tags?post=417"}],"curies":[{"name":"wp","href":"https:\/\/api.w.org\/{rel}","templated":true}]}}