{"id":419,"date":"2019-07-08T16:56:00","date_gmt":"2019-07-08T14:56:00","guid":{"rendered":"http:\/\/juzbado.es\/nuevaweb\/2019\/07\/08\/fiestas-de-verano-2019\/"},"modified":"2019-07-08T16:56:00","modified_gmt":"2019-07-08T14:56:00","slug":"fiestas-de-verano-2019","status":"publish","type":"post","link":"https:\/\/juzbado.es\/nuevaweb\/2019\/07\/08\/fiestas-de-verano-2019\/","title":{"rendered":"FIESTAS DE VERANO 2019"},"content":{"rendered":"<div style=\"text-align: justify;\">\n<span style=\"font-size: large;\"><span style=\"font-family: &quot;arial&quot; , &quot;helvetica&quot; , sans-serif;\">Los d\u00edas 12, 13 y 14 celebramos las fiestas de verano.&nbsp; Lo que en su d\u00eda comenz\u00f3 como una fiesta entre amigos que pasaban el verano en Juzbado hoy es ya un referente entre nuestros vecinos y amigos.&nbsp; La programaci\u00f3n de este a\u00f1o se reparte en 3 d\u00edas con una oferta variada y dirigida a todos los p\u00fablicos.&nbsp; Como d\u00edas festivos que son, queremos invitaros a participar de manera activa y desenfadada para que grandes y peque\u00f1os podamos recordar en el futuro y con buen sabor de boca este verano de 2019. La programaci\u00f3n oficial es la que sigue.<\/span><\/span><b><span style=\"font-size: large;\"><span style=\"font-family: &quot;arial&quot; , &quot;helvetica&quot; , sans-serif;\">&nbsp;<\/span><\/span><\/b><\/p>\n<p><a name='more'><\/a><\/p>\n<p><b><span style=\"font-size: large;\"><span style=\"font-family: &quot;arial&quot; , &quot;helvetica&quot; , sans-serif;\">ViERNES 12 de JULiO:<\/span><\/span><\/b><\/div>\n<p><span style=\"font-size: large;\"><span style=\"font-family: &quot;arial&quot; , &quot;helvetica&quot; , sans-serif;\"><\/p>\n<p><\/span><\/span><\/p>\n<div>\n<span style=\"font-size: large;\"><span style=\"font-family: &quot;arial&quot; , &quot;helvetica&quot; , sans-serif;\">23:00 h. Discoteca M\u00f3vil \u201cEl Currito\u201d y chocolate con<br \/>\nchurros en el <a href=\"https:\/\/www.google.com\/maps\/uv?hl=es&amp;pb=!1s0xd3ed24ea796a97f%3A0x70e2210475b72884!2m22!2m2!1i80!2i80!3m1!2i20!16m16!1b1!2m2!1m1!1e1!2m2!1m1!1e3!2m2!1m1!1e5!2m2!1m1!1e4!2m2!1m1!1e6!3m1!7e115!4shttps%3A%2F%2Flh5.googleusercontent.com%2Fp%2FAF1QipNSWIxcolHvwXfpWPKMHVH7Fq7JLDJxPCLkOsNE%3Dw335-h223-k-no!5sbar%20restaurante%20de%20la%20rosa%20juzbado%20-%20Buscar%20con%20Google!15sCAQ&amp;imagekey=!1e10!2sAF1QipNSWIxcolHvwXfpWPKMHVH7Fq7JLDJxPCLkOsNE&amp;sa=X&amp;ved=2ahUKEwjWt92G16XjAhXFA2MBHQXUA0EQoiowCnoECA4QBg\">Bar-Restaurante De La Rosa<\/a>. Y las PE\u00d1AS calientan motores.<\/span><\/span><b><span style=\"font-size: large;\"><span style=\"font-family: &quot;arial&quot; , &quot;helvetica&quot; , sans-serif;\">&nbsp;<\/span><\/span><\/b><\/p>\n<p><b><span style=\"font-size: large;\"><span style=\"font-family: &quot;arial&quot; , &quot;helvetica&quot; , sans-serif;\">S\u00c1BADO 13 de JULiO: &nbsp;&nbsp; <\/span><\/span><\/b><\/div>\n<p><span style=\"font-size: large;\"><span style=\"font-family: &quot;arial&quot; , &quot;helvetica&quot; , sans-serif;\"><\/p>\n<p><\/span><\/span><\/p>\n<div>\n<span style=\"font-size: large;\"><span style=\"font-family: &quot;arial&quot; , &quot;helvetica&quot; , sans-serif;\">12:00 h. Los juegos del agua. Para los m\u00e1s peque\u00f1os y<br \/>\nj\u00f3venes en &nbsp;el recinto de las <a href=\"https:\/\/juzbado.blogspot.com\/p\/piscinas.html\">PiscinasMunicipales<\/a>. <\/span><\/span><\/div>\n<p><span style=\"font-size: large;\"><span style=\"font-family: &quot;arial&quot; , &quot;helvetica&quot; , sans-serif;\"><\/p>\n<p><\/span><\/span><\/p>\n<div>\n<span style=\"font-size: large;\"><span style=\"font-family: &quot;arial&quot; , &quot;helvetica&quot; , sans-serif;\">13:30 h. El <a href=\"https:\/\/www.facebook.com\/angusdelisalamanca\/?ref=br_rs\">Bar-Restaurante Angus-Deli<\/a> nos invita a un<br \/>\naperitivo &nbsp;con carne de angus en la<br \/>\nterraza de las piscinas.<\/span><\/span><\/div>\n<p><span style=\"font-size: large;\"><span style=\"font-family: &quot;arial&quot; , &quot;helvetica&quot; , sans-serif;\"><\/p>\n<p><\/span><\/span><\/p>\n<div>\n<span style=\"font-size: large;\"><span style=\"font-family: &quot;arial&quot; , &quot;helvetica&quot; , sans-serif;\">17:45 h. Fiesta de la espuma en la plaza.<\/span><\/span><\/div>\n<p><span style=\"font-size: large;\"><span style=\"font-family: &quot;arial&quot; , &quot;helvetica&quot; , sans-serif;\"><\/p>\n<p><\/span><\/span><\/p>\n<div>\n<span style=\"font-size: large;\"><span style=\"font-family: &quot;arial&quot; , &quot;helvetica&quot; , sans-serif;\">20:30 h. Merienda popular de confraternizaci\u00f3n para todos<br \/>\nlos vecinos y amigos del pueblo tras el antiguo juego de pelota.<\/span><\/span><\/div>\n<p><span style=\"font-size: large;\"><span style=\"font-family: &quot;arial&quot; , &quot;helvetica&quot; , sans-serif;\"><\/p>\n<p><\/span><\/span><\/p>\n<div>\n<span style=\"font-size: large;\"><span style=\"font-family: &quot;arial&quot; , &quot;helvetica&quot; , sans-serif;\">22:30 h. M\u00fasica infantil para bailar y Fiesta de Disfraces.<br \/>\nPremios para los mejores disfraces. 00:00 h. \u00a1\u00a1A bailar con la extraordinaria<br \/>\n<a href=\"https:\/\/www.facebook.com\/Musical-S%C3%A1ndalo-578696218954804\/\" target=\"_blank\">Orquesta S\u00e1ndalo<\/a>!!<\/span><\/span><b><span style=\"font-size: large;\"><span style=\"font-family: &quot;arial&quot; , &quot;helvetica&quot; , sans-serif;\">&nbsp;<\/span><\/span><\/b><\/p>\n<p><b><span style=\"font-size: large;\"><span style=\"font-family: &quot;arial&quot; , &quot;helvetica&quot; , sans-serif;\">DOMiNGO 14 de JULiO:<\/span><\/span><\/b><\/div>\n<p><span style=\"font-size: large;\"><span style=\"font-family: &quot;arial&quot; , &quot;helvetica&quot; , sans-serif;\"><\/p>\n<p><\/span><\/span><\/p>\n<div>\n<span style=\"font-size: large;\"><span style=\"font-family: &quot;arial&quot; , &quot;helvetica&quot; , sans-serif;\">13:00 h. Degustaci\u00f3n de paella ofrecida por el<br \/>\n<a href=\"https:\/\/www.facebook.com\/Bar-el-toral-1708367729400776\/\">Bar-Restaurante El Toral<\/a>.<\/span><\/span><\/div>\n<div>\n<\/div>\n<div style=\"clear: both; text-align: center;\">\n<\/div>\n<p><\/p>\n<div style=\"clear: both; text-align: center;\">\n<a href=\"https:\/\/blogger.googleusercontent.com\/img\/b\/R29vZ2xl\/AVvXsEgPUkzEv2fzfEy5dWAnw8yysz6jrV0n5toB6yIwu6UChlNFZQ4pw1P-fH5bdJ2Rg7gCJNm9pXt1v4yV5Ho-U4EUWyN0WnU5p3NiNJsWHBw6KNB-dHfMpjdU8pPZJMHEX1bGbfxcJttugYw\/s1600\/CARTEL+FIESTAS+VERANO+2019+WEB.jpg\" style=\"margin-left: 1em; margin-right: 1em;\"><img loading=\"lazy\" decoding=\"async\" alt=\"Juzbado, Fiestas de verano 2019\" border=\"0\" data-original-height=\"1600\" data-original-width=\"1132\" height=\"640\" src=\"https:\/\/blogger.googleusercontent.com\/img\/b\/R29vZ2xl\/AVvXsEgPUkzEv2fzfEy5dWAnw8yysz6jrV0n5toB6yIwu6UChlNFZQ4pw1P-fH5bdJ2Rg7gCJNm9pXt1v4yV5Ho-U4EUWyN0WnU5p3NiNJsWHBw6KNB-dHfMpjdU8pPZJMHEX1bGbfxcJttugYw\/s640\/CARTEL+FIESTAS+VERANO+2019+WEB.jpg\" title=\"Juzbado, Fiestas de verano 2019\" width=\"452\" \/><\/a><\/div>\n<div style=\"clear: both; text-align: center;\">\n<\/div>\n<div>\n<\/div>\n","protected":false},"excerpt":{"rendered":"<p>Los d\u00edas 12, 13 y 14 celebramos las fiestas de verano.&nbsp; Lo que en su d\u00eda comenz\u00f3 como una fiesta entre amigos que pasaban el verano en Juzbado hoy es ya un referente entre nuestros vecinos y amigos.&nbsp; La programaci\u00f3n de este a\u00f1o se reparte en 3 d\u00edas con una oferta variada y dirigida a [&hellip;]<\/p>\n","protected":false},"author":2,"featured_media":0,"comment_status":"open","ping_status":"open","sticky":false,"template":"","format":"standard","meta":{"saved_in_kubio":false,"footnotes":""},"categories":[1],"tags":[],"class_list":["post-419","post","type-post","status-publish","format-standard","hentry","category-sin-categoria"],"_links":{"self":[{"href":"https:\/\/juzbado.es\/nuevaweb\/wp-json\/wp\/v2\/posts\/419","targetHints":{"allow":["GET"]}}],"collection":[{"href":"https:\/\/juzbado.es\/nuevaweb\/wp-json\/wp\/v2\/posts"}],"about":[{"href":"https:\/\/juzbado.es\/nuevaweb\/wp-json\/wp\/v2\/types\/post"}],"author":[{"embeddable":true,"href":"https:\/\/juzbado.es\/nuevaweb\/wp-json\/wp\/v2\/users\/2"}],"replies":[{"embeddable":true,"href":"https:\/\/juzbado.es\/nuevaweb\/wp-json\/wp\/v2\/comments?post=419"}],"version-history":[{"count":0,"href":"https:\/\/juzbado.es\/nuevaweb\/wp-json\/wp\/v2\/posts\/419\/revisions"}],"wp:attachment":[{"href":"https:\/\/juzbado.es\/nuevaweb\/wp-json\/wp\/v2\/media?parent=419"}],"wp:term":[{"taxonomy":"category","embeddable":true,"href":"https:\/\/juzbado.es\/nuevaweb\/wp-json\/wp\/v2\/categories?post=419"},{"taxonomy":"post_tag","embeddable":true,"href":"https:\/\/juzbado.es\/nuevaweb\/wp-json\/wp\/v2\/tags?post=419"}],"curies":[{"name":"wp","href":"https:\/\/api.w.org\/{rel}","templated":true}]}}