{"id":421,"date":"2019-06-18T13:03:00","date_gmt":"2019-06-18T11:03:00","guid":{"rendered":"http:\/\/juzbado.es\/nuevaweb\/2019\/06\/18\/juzbado-es-mujer\/"},"modified":"2019-06-18T13:03:00","modified_gmt":"2019-06-18T11:03:00","slug":"juzbado-es-mujer","status":"publish","type":"post","link":"https:\/\/juzbado.es\/nuevaweb\/2019\/06\/18\/juzbado-es-mujer\/","title":{"rendered":"JUZBADO ES MUJER"},"content":{"rendered":"<div style=\"text-align: justify;\">\n<span style=\"font-size: large;\"><span style=\"font-family: &quot;arial&quot; , &quot;helvetica&quot; , sans-serif;\">Estimado vecinos y amigos de Juzbado, ma\u00f1ana mi\u00e9rcoles celebramos un <a href=\"https:\/\/juzbado.blogspot.com\/2019\/06\/se-inicia-juzbado-es-mujer.html\">Escape Room<\/a> en el <a href=\"http:\/\/www.museodelafalla.com\/\">Museo de la Falla<\/a> a partir de las 18:00 h.&nbsp; Como sab\u00e9is es una propuesta enmarcada dentro del programa \u00abJuzbado es mujer, cultura contra el maltrato\u00bb que se est\u00e1 desarrollando estos d\u00edas en el pueblo.&nbsp;&nbsp;<\/span><\/span><\/div>\n<div style=\"text-align: justify;\">\n<\/div>\n<div style=\"text-align: justify;\">\n<span style=\"font-size: large;\"><span style=\"font-family: &quot;arial&quot; , &quot;helvetica&quot; , sans-serif;\">Existen ya dos grupos cerrados para el primer y segundo turno.&nbsp; Aquellas personas interesadas en participar se pueden poner en contacto con la Oficina de desarrollo local o escribir al correo: juzbadolibroabierto@gmail.com<\/span><\/span><\/p>\n<p><span style=\"font-size: large;\"><span style=\"font-family: &quot;arial&quot; , &quot;helvetica&quot; , sans-serif;\">Os recordamos que el programa finaliza el jueves con una interesante propuesta de chasrla coloquio titulada <b>\u00abLa mujer en el cine\u00bb<\/b> <b>con la presencia de Susana Marcos<\/b>. Ser\u00e1&nbsp; a partir de las 18:00 h. en el sal\u00f3n de actos.<\/span><\/span><\/div>\n<div style=\"text-align: justify;\">\n<div style=\"clear: both; text-align: center;\">\n<a href=\"https:\/\/blogger.googleusercontent.com\/img\/b\/R29vZ2xl\/AVvXsEgV9VxbFLYwWofwLaTNC5xseeyvmAgYHDOu13H0pVTX0ZNgqj2R1ccP1qOhTgqCk0n1L5noP5a7r6OqxLcMd9pSyslPIAnuiHlPdmAK9fU6zB8PGwI5MWmZk7Yl-o0_vbjAXl6UTpfiSuo\/s1600\/Juzbado+pacto+de+estado+contra+la+violencia+de+estado+jard%25C3%25ADn++%252818%2529+%2528Copiar%2529.jpeg\" style=\"margin-left: 1em; margin-right: 1em;\"><img loading=\"lazy\" decoding=\"async\" alt=\"Juzbado es mujer, pacto de estado contra la violencia de g\u00e9nero 2019\" border=\"0\" data-original-height=\"450\" data-original-width=\"800\" height=\"360\" src=\"https:\/\/blogger.googleusercontent.com\/img\/b\/R29vZ2xl\/AVvXsEgV9VxbFLYwWofwLaTNC5xseeyvmAgYHDOu13H0pVTX0ZNgqj2R1ccP1qOhTgqCk0n1L5noP5a7r6OqxLcMd9pSyslPIAnuiHlPdmAK9fU6zB8PGwI5MWmZk7Yl-o0_vbjAXl6UTpfiSuo\/s640\/Juzbado+pacto+de+estado+contra+la+violencia+de+estado+jard%25C3%25ADn++%252818%2529+%2528Copiar%2529.jpeg\" title=\"Juzbado es mujer, pacto de estado contra la violencia de g\u00e9nero 2019\" width=\"640\" \/><\/a><\/div>\n<p><span style=\"font-size: large;\"><span style=\"font-family: &quot;arial&quot; , &quot;helvetica&quot; , sans-serif;\">El programa Juzbado es mujer est\u00e1 financiado por el <a href=\"http:\/\/www.violenciagenero.igualdad.mpr.gob.es\/pactoEstado\/home.htm\" target=\"_blank\">Pacto de Estado contra la Violencia de G\u00e9nero<\/a> a trav\u00e9s de la <a href=\"https:\/\/www.mpr.gob.es\/igualdad\/Paginas\/index.aspx\" target=\"_blank\">Secretar\u00eda de Estado de Igualdad<\/a><br \/>\n y la Delegaci\u00f3n de Gobierno para la Violencia de G\u00e9nero.&nbsp; Tambi\u00e9n ha<br \/>\ncolaborado en la incorporaci\u00f3n de ideas y recursos al programa el <a href=\"http:\/\/www.lasalina.es\/Aplicaciones\/GestorInter.jsp?prestacion=Cipublico&amp;funcion=MuestraInformacionCeas0&amp;codCeas=6\" target=\"_blank\">CEAS de la Diputaci\u00f3n de Salamanca en Ledesma<\/a>.<\/span><\/span><\/div>\n<div style=\"clear: both; text-align: center;\">\n<\/div>\n<div style=\"text-align: justify;\">\n<\/div>\n","protected":false},"excerpt":{"rendered":"<p>Estimado vecinos y amigos de Juzbado, ma\u00f1ana mi\u00e9rcoles celebramos un Escape Room en el Museo de la Falla a partir de las 18:00 h.&nbsp; Como sab\u00e9is es una propuesta enmarcada dentro del programa \u00abJuzbado es mujer, cultura contra el maltrato\u00bb que se est\u00e1 desarrollando estos d\u00edas en el pueblo.&nbsp;&nbsp; Existen ya dos grupos cerrados para [&hellip;]<\/p>\n","protected":false},"author":2,"featured_media":0,"comment_status":"open","ping_status":"open","sticky":false,"template":"","format":"standard","meta":{"saved_in_kubio":false,"footnotes":""},"categories":[1],"tags":[],"class_list":["post-421","post","type-post","status-publish","format-standard","hentry","category-sin-categoria"],"_links":{"self":[{"href":"https:\/\/juzbado.es\/nuevaweb\/wp-json\/wp\/v2\/posts\/421","targetHints":{"allow":["GET"]}}],"collection":[{"href":"https:\/\/juzbado.es\/nuevaweb\/wp-json\/wp\/v2\/posts"}],"about":[{"href":"https:\/\/juzbado.es\/nuevaweb\/wp-json\/wp\/v2\/types\/post"}],"author":[{"embeddable":true,"href":"https:\/\/juzbado.es\/nuevaweb\/wp-json\/wp\/v2\/users\/2"}],"replies":[{"embeddable":true,"href":"https:\/\/juzbado.es\/nuevaweb\/wp-json\/wp\/v2\/comments?post=421"}],"version-history":[{"count":0,"href":"https:\/\/juzbado.es\/nuevaweb\/wp-json\/wp\/v2\/posts\/421\/revisions"}],"wp:attachment":[{"href":"https:\/\/juzbado.es\/nuevaweb\/wp-json\/wp\/v2\/media?parent=421"}],"wp:term":[{"taxonomy":"category","embeddable":true,"href":"https:\/\/juzbado.es\/nuevaweb\/wp-json\/wp\/v2\/categories?post=421"},{"taxonomy":"post_tag","embeddable":true,"href":"https:\/\/juzbado.es\/nuevaweb\/wp-json\/wp\/v2\/tags?post=421"}],"curies":[{"name":"wp","href":"https:\/\/api.w.org\/{rel}","templated":true}]}}