{"id":423,"date":"2019-06-17T15:55:00","date_gmt":"2019-06-17T13:55:00","guid":{"rendered":"http:\/\/juzbado.es\/nuevaweb\/2019\/06\/17\/relatos-y-anecdotarios-de-juzbado\/"},"modified":"2019-06-17T15:55:00","modified_gmt":"2019-06-17T13:55:00","slug":"relatos-y-anecdotarios-de-juzbado","status":"publish","type":"post","link":"https:\/\/juzbado.es\/nuevaweb\/2019\/06\/17\/relatos-y-anecdotarios-de-juzbado\/","title":{"rendered":"RELATOS Y ANECDOTARIOS DE JUZBADO"},"content":{"rendered":"<div style=\"text-align: justify;\">\n<span style=\"font-size: large;\"><span style=\"font-family: &quot;arial&quot; , &quot;helvetica&quot; , sans-serif;\">El viernes pasado, 14 de Junio, celebramos en Juzbado varios actos. El primero consisti\u00f3 nada m\u00e1s y nada menos que en presentar el primer <b>itinerario sonoro de Juzbado<\/b> y que hemos titulado: <b>Jubado Sonoro, relatos y anecdotarios (parte &nbsp;1)<\/b>&nbsp; Se trata del resultado del trabajo emprendido hace ya casi dos a\u00f1os de <a href=\"https:\/\/juzbado.blogspot.com\/2018\/03\/la-colaboracion-vecinal-apuntala-un.html\">un grupo de vecinos que, tras reunirse en varias ocasiones con alumnos de la Facultad<\/a> de Geograf\u00eda e Historia de la Universidad de Salamanca, lograron registrar algunas de las efem\u00e9rides m\u00e1s se\u00f1aladas del pasado reciente de Juzbado.&nbsp; Pues bien, el viernes pudimos comprobar c\u00f3mo algunos de los relatos ya se encuentran alojados en un espacio WEB espec\u00edfico a disposici\u00f3n de cualquier vecino y persona interesada, a trav\u00e9s del cual se pueden escuchar relatos del pueblo narrados en primera persona por algunos de los protagonistas.&nbsp; Algunos ejemplos de los sugerentes t\u00edtulos son: \u00ab\u00bfsiempre estuvo aqu\u00ed mi pueblo?\u00bb de Joaquina Recio, \u00ab<\/span><\/span><span style=\"font-size: large;\"><span style=\"font-family: &quot;arial&quot; , &quot;helvetica&quot; , sans-serif;\">El espigadero y el Corral de Concejos\u00bb de Juan Hern\u00e1ndez o \u00ab<\/span><\/span><span style=\"font-size: large;\"><span style=\"font-family: &quot;arial&quot; , &quot;helvetica&quot; , sans-serif;\">La penicilina llega a Juzbado\u00bb de las hermanas Recio. Carmina Pilo relata \u00abla historia de Santa Barbara\u00bb.&nbsp; Tambi\u00e9n los cantares de Juan Antonio Mateos con los t\u00edtulos de \u00abAlborada\u00bb y \u00abA la raya del monte\u00bb.<\/span><\/span><\/div>\n<div style=\"clear: both; text-align: center;\">\n<a href=\"https:\/\/blogger.googleusercontent.com\/img\/b\/R29vZ2xl\/AVvXsEg7uTZblgERqJDwfxDzPJyPCDO2zE35vUdkHXCmKQqV1e8nhYEduZd_R7rWgP4iZU6C5Gh-b0gWtBLgRsadjDfOWg3S11SVa3ESk9qj1KAhyQUsYV73FDLIDsmrkau3rQvcw-J2jUriIPo\/s1600\/PROVINCIA+CREATIVA+JUZBADO+SONORO+2019+%252837%2529+%2528Copiar%2529.jpeg\" style=\"margin-left: 1em; margin-right: 1em;\"><img loading=\"lazy\" decoding=\"async\" alt=\"Juzbado, Juzbado sonoro, Provicina creativa 2019\" border=\"0\" data-original-height=\"450\" data-original-width=\"800\" height=\"360\" src=\"https:\/\/blogger.googleusercontent.com\/img\/b\/R29vZ2xl\/AVvXsEg7uTZblgERqJDwfxDzPJyPCDO2zE35vUdkHXCmKQqV1e8nhYEduZd_R7rWgP4iZU6C5Gh-b0gWtBLgRsadjDfOWg3S11SVa3ESk9qj1KAhyQUsYV73FDLIDsmrkau3rQvcw-J2jUriIPo\/s640\/PROVINCIA+CREATIVA+JUZBADO+SONORO+2019+%252837%2529+%2528Copiar%2529.jpeg\" title=\"Juzbado, Juzbado sonoro, Provicina creativa 2019\" width=\"640\" \/><\/a><\/div>\n<div style=\"text-align: justify;\">\n<br \/>\n<a name='more'><\/a><\/div>\n<div style=\"text-align: justify;\">\n<span style=\"font-size: large;\"><span style=\"font-family: &quot;arial&quot; , &quot;helvetica&quot; , sans-serif;\">El acto consisti\u00f3 en realizar parte del recorrido final del itinerario sonoro y presentar <\/span><\/span><span style=\"font-size: large;\"><span style=\"font-family: &quot;arial&quot; , &quot;helvetica&quot; , sans-serif;\">al aire libre <\/span><\/span><span style=\"font-size: large;\"><span style=\"font-family: &quot;arial&quot; , &quot;helvetica&quot; , sans-serif;\">a los asistentes el formato de varios de los relatos y, tambi\u00e9n, se reparti\u00f3 un peque\u00f1o libreto donde se recogen todos los audios (quedan copias disponibles en la mesa informativa del Ayuntamiento).&nbsp; El profesor de la USAL Jorge Gim\u00e9nez rodeado de su alumnado destac\u00f3 la buena acogida de este proyecto en Juzbado y tendi\u00f3 la mano a seguir colaborando con los vecinos de este pueblo \u201ctan activo\u201d. &nbsp;<\/span><\/span><\/p>\n<div style=\"clear: both; text-align: center;\">\n<a href=\"https:\/\/blogger.googleusercontent.com\/img\/b\/R29vZ2xl\/AVvXsEjWepo8gAhU4U_C1l5-8Dvvtbcm0dzDzEHUKZ3BQXmQi8xFtQNCVuRoRGIdCU5kUWQB-3EJPs9qQvkiRC7iRE4I626ddodkjm7MXZD7NsWEgmLkTf21oB5CZsZ05md4G3dymL_68bIFjiY\/s1600\/PROVINCIA+CREATIVA+JUZBADO+SONORO+2019+%252812%2529+%2528Copiar%2529.jpeg\" style=\"margin-left: 1em; margin-right: 1em;\"><img loading=\"lazy\" decoding=\"async\" alt=\"Juzbado, Juzbado sonoro, Provicina creativa 201\" border=\"0\" data-original-height=\"450\" data-original-width=\"800\" height=\"360\" src=\"https:\/\/blogger.googleusercontent.com\/img\/b\/R29vZ2xl\/AVvXsEjWepo8gAhU4U_C1l5-8Dvvtbcm0dzDzEHUKZ3BQXmQi8xFtQNCVuRoRGIdCU5kUWQB-3EJPs9qQvkiRC7iRE4I626ddodkjm7MXZD7NsWEgmLkTf21oB5CZsZ05md4G3dymL_68bIFjiY\/s640\/PROVINCIA+CREATIVA+JUZBADO+SONORO+2019+%252812%2529+%2528Copiar%2529.jpeg\" title=\"Juzbado, Juzbado sonoro, Provicina creativa 201\" width=\"640\" \/><\/a><\/div>\n<\/div>\n<div style=\"text-align: justify;\">\n<span style=\"font-size: large;\"><span style=\"font-family: &quot;arial&quot; , &quot;helvetica&quot; , sans-serif;\">A continuaci\u00f3n, ponemos a vuestra disposici\u00f3n esta primera aportaci\u00f3n de relatos y anecdotarios en un <b><a href=\"http:\/\/www.juzbado.es\/memoriassalamanca\/#inicio\">espacio WEB <\/a><\/b>espec\u00edfico y que pr\u00f3ximamente estar\u00e1 dotado de se\u00f1ales a pie de calle para que cada cual pueda detenerse y escuchar un relato con un dispositivo m\u00f3vil.&nbsp;&nbsp;<\/span><\/span><br \/>\n<span style=\"font-size: large;\"><span style=\"font-family: &quot;arial&quot; , &quot;helvetica&quot; , sans-serif;\">Desde aqu\u00ed queremos agradecer la colaboraci\u00f3n de personas como Bego\u00f1a L\u00e1zaro (SAS) que ha coordinado y supervisado el programa, las alumnas Laura Hern\u00e1ndez, Paula Ortigosa, Nerea Jim\u00e9nez, Mario Hern\u00e1iz, Alba M\u00aa Mateos, Sonia \u00c1lvarez, Alba Ibarra y Alejandro G\u00f3mez en coordinaci\u00f3n con el profesor Jorge Gim\u00e9nez que han recopilado y transcrito los textos y, tambi\u00e9n, el buen hacer de Rodrigo Zavala y Mehmet \u00d6zt\u00fcrk en los apartados inform\u00e1ticos.<\/span><\/span><\/p>\n<div style=\"clear: both; text-align: center;\">\n<a href=\"https:\/\/blogger.googleusercontent.com\/img\/b\/R29vZ2xl\/AVvXsEig7ulRJB99xJhVbgmuHtLeKGzPhGEfivoiCcf_WBZ_EhfwDbL_0AQib8MrcOxsw5rsnUX6pUwWCN52475IhGBJIaUDPNtryf_ctlN3p9SaHCiiagIxrNdvqaL0SlFTQp8PAMOpWBIA_Ms\/s1600\/PROVINCIA+CREATIVA+JUZBADO+SONORO+2019+%252833%2529+%2528Copiar%2529.jpeg\" style=\"margin-left: 1em; margin-right: 1em;\"><img loading=\"lazy\" decoding=\"async\" alt=\"Juzbado, Juzbado sonoro, Provicina creativa 201\" border=\"0\" data-original-height=\"450\" data-original-width=\"800\" height=\"360\" src=\"https:\/\/blogger.googleusercontent.com\/img\/b\/R29vZ2xl\/AVvXsEig7ulRJB99xJhVbgmuHtLeKGzPhGEfivoiCcf_WBZ_EhfwDbL_0AQib8MrcOxsw5rsnUX6pUwWCN52475IhGBJIaUDPNtryf_ctlN3p9SaHCiiagIxrNdvqaL0SlFTQp8PAMOpWBIA_Ms\/s640\/PROVINCIA+CREATIVA+JUZBADO+SONORO+2019+%252833%2529+%2528Copiar%2529.jpeg\" title=\"Juzbado, Juzbado sonoro, Provicina creativa 201\" width=\"640\" \/><\/a><\/div>\n<\/div>\n<div style=\"text-align: justify;\">\n<span style=\"font-size: large;\"><span style=\"font-family: &quot;arial&quot; , &quot;helvetica&quot; , sans-serif;\">Tras la presentaci\u00f3n de los audios, se celebr\u00f3 un recital de poes\u00eda y relatos en el sal\u00f3n de actos.&nbsp; Se trataba de la segunda presentaci\u00f3n en p\u00fablico del trabajo de escritura creativa realizado gracias al programa de <b>Cultura Abierta<\/b> y el <a href=\"http:\/\/sas.usal.es\/\">Servicio de Asuntos Sociales<\/a> Universidad de Salamanca de los usuarios del <a href=\"https:\/\/afimsalamanca.org\/inicio\/\">Centro Afim de Salamanca<\/a>.&nbsp; El ameno recital, al que acudieron muchos vecinos de Juzbado y profesores y profesionales responsables del programa, estuvo lleno de an\u00e9cdotas y muchos aplausos.&nbsp; Para terminar la tarde el grupo se dirigi\u00f3 al entorno de Los Berrocales donde se presentaron los dos grandes murales que all\u00ed se encuentran.&nbsp; Desde aqu\u00ed queremos agradecer la generosidad de todos las personas que han estado implicadas en este programa cuyo objetivo principal es lograr la inclusi\u00f3n de todos \u201cen este mundo loco que nos toca vivir\u201d y alejarse de \u201cestereotipos e ideas preconcebidas\u201d.&nbsp;&nbsp;<\/span><\/span><\/p>\n<div style=\"clear: both; text-align: center;\">\n<\/div>\n<div style=\"clear: both; text-align: center;\">\n<\/div>\n<div style=\"clear: both; text-align: center;\">\n<a href=\"https:\/\/blogger.googleusercontent.com\/img\/b\/R29vZ2xl\/AVvXsEihspQkgwEsXPn8XIVuhYqxjWTIgh13bwNcxoOILQxp21FdyNLJOlunm0fBUVkIqXX91xp8qd-cnVCdptO6HcdFRumO4DCAphyEgi17889CWoSQEBE6aLwMjC4O49q6ZFTpp6MoOdqmiMY\/s1600\/PROVINCIA+CREATIVA+JUZBADO+SONORO+2019+%252827%2529+%2528Copiar%2529.jpeg\" style=\"margin-left: 1em; margin-right: 1em;\"><img loading=\"lazy\" decoding=\"async\" alt=\"Juzbado, Juzbado sonoro, Provicina creativa 201\" border=\"0\" data-original-height=\"450\" data-original-width=\"800\" height=\"360\" src=\"https:\/\/blogger.googleusercontent.com\/img\/b\/R29vZ2xl\/AVvXsEihspQkgwEsXPn8XIVuhYqxjWTIgh13bwNcxoOILQxp21FdyNLJOlunm0fBUVkIqXX91xp8qd-cnVCdptO6HcdFRumO4DCAphyEgi17889CWoSQEBE6aLwMjC4O49q6ZFTpp6MoOdqmiMY\/s640\/PROVINCIA+CREATIVA+JUZBADO+SONORO+2019+%252827%2529+%2528Copiar%2529.jpeg\" title=\"Juzbado, Juzbado sonoro, Provicina creativa 201\" width=\"640\" \/><\/a><\/div>\n<\/div>\n<p>\n<span style=\"font-size: large;\"><span style=\"font-family: Arial, Helvetica, sans-serif;\"><b>Prensa:&nbsp;<\/b><\/span><\/span><br \/>\n<a href=\"https:\/\/salamancartvaldia.es\/not\/212330\/itinerario-sonoro-juzbado-relatos-narrados-para-conocer-historia\/\"><span style=\"font-size: small;\"><span style=\"font-family: Arial, Helvetica, sans-serif;\"><span style=\"font-weight: normal;\">Juzbado Sonoro: un itinerario auditivo y visual para conocer la historia del municipio contada en primera persona<\/span><\/span><\/span><\/a><\/p>\n<p><a href=\"https:\/\/salamancartvaldia.es\/not\/212330\/itinerario-sonoro-juzbado-relatos-narrados-para-conocer-historia\/\"><span style=\"font-size: small;\"><span style=\"font-family: Arial, Helvetica, sans-serif;\"><span style=\"font-weight: normal;\">El itinerario sonoro de Juzbado, relatos narrados para conocer su historia<\/span><\/span><\/span><\/a><\/p>\n","protected":false},"excerpt":{"rendered":"<p>El viernes pasado, 14 de Junio, celebramos en Juzbado varios actos. El primero consisti\u00f3 nada m\u00e1s y nada menos que en presentar el primer itinerario sonoro de Juzbado y que hemos titulado: Jubado Sonoro, relatos y anecdotarios (parte &nbsp;1)&nbsp; Se trata del resultado del trabajo emprendido hace ya casi dos a\u00f1os de un grupo de [&hellip;]<\/p>\n","protected":false},"author":2,"featured_media":0,"comment_status":"open","ping_status":"open","sticky":false,"template":"","format":"standard","meta":{"saved_in_kubio":false,"footnotes":""},"categories":[1],"tags":[],"class_list":["post-423","post","type-post","status-publish","format-standard","hentry","category-sin-categoria"],"_links":{"self":[{"href":"https:\/\/juzbado.es\/nuevaweb\/wp-json\/wp\/v2\/posts\/423","targetHints":{"allow":["GET"]}}],"collection":[{"href":"https:\/\/juzbado.es\/nuevaweb\/wp-json\/wp\/v2\/posts"}],"about":[{"href":"https:\/\/juzbado.es\/nuevaweb\/wp-json\/wp\/v2\/types\/post"}],"author":[{"embeddable":true,"href":"https:\/\/juzbado.es\/nuevaweb\/wp-json\/wp\/v2\/users\/2"}],"replies":[{"embeddable":true,"href":"https:\/\/juzbado.es\/nuevaweb\/wp-json\/wp\/v2\/comments?post=423"}],"version-history":[{"count":0,"href":"https:\/\/juzbado.es\/nuevaweb\/wp-json\/wp\/v2\/posts\/423\/revisions"}],"wp:attachment":[{"href":"https:\/\/juzbado.es\/nuevaweb\/wp-json\/wp\/v2\/media?parent=423"}],"wp:term":[{"taxonomy":"category","embeddable":true,"href":"https:\/\/juzbado.es\/nuevaweb\/wp-json\/wp\/v2\/categories?post=423"},{"taxonomy":"post_tag","embeddable":true,"href":"https:\/\/juzbado.es\/nuevaweb\/wp-json\/wp\/v2\/tags?post=423"}],"curies":[{"name":"wp","href":"https:\/\/api.w.org\/{rel}","templated":true}]}}