{"id":427,"date":"2019-06-07T10:17:00","date_gmt":"2019-06-07T08:17:00","guid":{"rendered":"http:\/\/juzbado.es\/nuevaweb\/2019\/06\/07\/cultura-contra-la-violencia-de-genero\/"},"modified":"2019-06-07T10:17:00","modified_gmt":"2019-06-07T08:17:00","slug":"cultura-contra-la-violencia-de-genero","status":"publish","type":"post","link":"https:\/\/juzbado.es\/nuevaweb\/2019\/06\/07\/cultura-contra-la-violencia-de-genero\/","title":{"rendered":"CULTURA CONTRA LA VIOLENCIA DE G\u00c9NERO"},"content":{"rendered":"<div style=\"text-align: justify;\">\n<span style=\"font-size: large;\"><span style=\"font-family: &quot;arial&quot; , &quot;helvetica&quot; , sans-serif;\"><b>La violencia&nbsp; de g\u00e9nero&nbsp; es&nbsp; la&nbsp; manifestaci\u00f3n&nbsp; m\u00e1s&nbsp; cruel&nbsp; e inhumana&nbsp; de la secular desigualdad existente entre mujeres y hombres que se ha producido a lo largo de toda la historia<\/b>, en todos los pa\u00edses y culturas con independencia del nivel social, cultural o&nbsp;&nbsp;&nbsp; econ\u00f3mico de las personas que la ejercen y la padecen.&nbsp; <b>Combatir&nbsp; todo acto&nbsp; de&nbsp; violencia&nbsp; basado&nbsp; en&nbsp; la&nbsp; pertenencia&nbsp; al&nbsp; sexo&nbsp; femenino que tenga o pueda tener como resultado un da\u00f1o o sufrimiento f\u00edsico, sexual o psicol\u00f3gico o perjuicio econ\u00f3mico para la mujer, tanto en la vida p\u00fablica como en la vida privada,&nbsp; debe&nbsp; ser una&nbsp; cuesti\u00f3n de&nbsp; Estado<\/b>,&nbsp; ya&nbsp; que&nbsp; la&nbsp; violencia&nbsp; contra&nbsp; la&nbsp; mujer constituye una violaci\u00f3n de los derechos humanos y&nbsp; las libertades fundamentales.<\/span><\/span><\/p>\n<p><a name='more'><\/a><\/p>\n<p><span style=\"font-size: large;\"><span style=\"font-family: &quot;arial&quot; , &quot;helvetica&quot; , sans-serif;\">El pasado diciembre del 2017, los distintos Grupos Parlamentarios, las Comunidades Aut\u00f3nomas y las Entidades Locales representadas en la Federaci\u00f3n Espa\u00f1ola de Municipios y Provincias, ratificaron el <a href=\"http:\/\/www.violenciagenero.igualdad.mpr.gob.es\/pactoEstado\/home.htm\" target=\"_blank\"><b>Pacto de Estado contra la Violencia de G\u00e9nero<\/b><\/a>. Este Pacto de Estado supone la uni\u00f3n de un gran n\u00famero de instituciones, organizaciones y personas expertas en la formulaci\u00f3n de medidas para la erradicaci\u00f3n de la violencia sobre las mujeres. El Pacto implica incidir en todos los \u00e1mbitos de la sociedad y se estructura en 11 ejes de trabajo.<\/span><\/span><\/div>\n<div style=\"text-align: justify;\">\n<br \/>\n<span style=\"font-size: large;\"><span style=\"font-family: &quot;arial&quot; , &quot;helvetica&quot; , sans-serif;\">M\u00e1s all\u00e1 de la respuesta para acabar con la impunidad y garantizar la seguridad y la reparaci\u00f3n del da\u00f1o a las v\u00edctimas, debemos impulsar en la sociedad los cambios necesarios para prevenir la violencia sobre las mujeres y&nbsp;&nbsp;&nbsp; rechazarla de forma un\u00e1nime.&nbsp; <b>La concienciaci\u00f3n&nbsp; social ha sido&nbsp; y es&nbsp; esencial&nbsp; para erradicar&nbsp; el&nbsp; problema<\/b>.&nbsp; Actualmente, nos encontramos en un momento crucial para construir una sociedad libre de violencia sobre las mujeres. En Espa\u00f1a se han alcanzado resultados positivos&nbsp; a lo&nbsp; largo&nbsp; de los&nbsp; \u00faltimos&nbsp; a\u00f1os&nbsp; pero pese&nbsp; a los&nbsp; avances&nbsp; legales&nbsp; de car\u00e1cter nacional&nbsp; e internacional&nbsp; las&nbsp; mujeres&nbsp; siguen&nbsp; siendo&nbsp; controladas,&nbsp; amenazadas, agredidas &nbsp;y asesinadas;&nbsp; adem\u00e1s han&nbsp; repuntado&nbsp; otras formas de&nbsp; violencia de&nbsp; g\u00e9nero al&nbsp; comp\u00e1s&nbsp; de los&nbsp; cambios&nbsp; producidos&nbsp; por&nbsp; la&nbsp; globalizaci\u00f3n,&nbsp; como&nbsp; la&nbsp; trata&nbsp; de mujeres y&nbsp;&nbsp;&nbsp; de menores con fines de explotaci\u00f3n sexual; e incluso han aparecido en Espa\u00f1a formas&nbsp; de&nbsp; violencia&nbsp; vinculadas&nbsp; a lo que&nbsp; Naciones&nbsp; Unidas ha definido&nbsp; como&nbsp; pr\u00e1cticas&nbsp; tradicionales&nbsp; nocivas&nbsp; que&nbsp; deben hallar&nbsp; tambi\u00e9n una respuesta adecuada en la legislaci\u00f3n espa\u00f1ola.&nbsp; Es por ello que se ha hecho necesario, a trav\u00e9s del trabajo desarrollado en el seno de la Subcomisi\u00f3n del Congreso y la Ponencia del Senado respectivamente, <b>identificar&nbsp; las disfunciones&nbsp; y carencias&nbsp; y formular propuestas&nbsp; de mejora&nbsp; para dar&nbsp; respuesta&nbsp; y acrecentar&nbsp; la&nbsp; lucha&nbsp; contra&nbsp; esa lacra&nbsp; social con&nbsp; m\u00e1s &nbsp;y mejores&nbsp; medios<\/b>. Para eso&nbsp; se&nbsp; necesita un consenso&nbsp; institucional, pol\u00edtico&nbsp; y&nbsp; social que muestre,&nbsp; sin fisuras,&nbsp; el&nbsp; compromiso&nbsp; de&nbsp; todas&nbsp; las&nbsp; instituciones&nbsp; con&nbsp; la&nbsp; sociedad&nbsp; espa\u00f1ola&nbsp; para alcanzar los acuerdos que permitan avanzar en la erradicaci\u00f3n de la violencia contra las mujeres.<b>&nbsp;<\/b><\/span><\/span><\/div>\n<div style=\"text-align: justify;\">\n<br \/>\n<span style=\"font-size: large;\"><span style=\"font-family: &quot;arial&quot; , &quot;helvetica&quot; , sans-serif;\"><b>El Municipio de Juzbado<\/b> ha recibido una ayuda de la Secretar\u00eda de Estado de igualdad (<a href=\"https:\/\/www.mpr.gob.es\/Paginas\/index.aspx\" target=\"_blank\">Ministerio de la Presidencia, Relaciones con las Cortes e Igualdad<\/a>) para desarrollar el primero de los 5 programas consecutivos y anuales para luchar contra la violencia de g\u00e9nero. Para llevarlo a acabo, <b>el Ayuntamiento se ha puesto en contacto con la <\/b><a href=\"https:\/\/juzbado.blogspot.com\/p\/asociaciones.html\" target=\"_blank\">Asociaci\u00f3n de Mujeres de Juzbado<\/a><b> y vecinos de Juzbado con el fin de consensuar una propuesta que os presentamos a continuaci\u00f3n<\/b>.&nbsp; Se incorpora a esta convocatoria tambi\u00e9n la <a href=\"https:\/\/juzbado.blogspot.com\/p\/asociaciones.html\" target=\"_blank\">Asociaci\u00f3n de Mayores San Miguel Arc\u00e1ngel<\/a> que ha mostrado un inter\u00e9s particular. <b>&nbsp;<\/b><\/span><\/span><\/p>\n<p><span style=\"font-size: large;\"><span style=\"font-family: &quot;arial&quot; , &quot;helvetica&quot; , sans-serif;\"><b>Desde aqu\u00ed queremos invitar a todos los vecinos y amigos de Juzbado a participar en el desarrollo de cada una de las propuestas que, con el t\u00edtulo de \u201cJuzbado es Mujer, cultura contra la violencia de g\u00e9nero\u201d, se desarrollar\u00e1 entre el d\u00eda 10 de junio y el d\u00eda 20 de junio.<\/b>&nbsp;<\/span><\/span><\/p>\n<p><span style=\"font-size: large;\"><span style=\"font-family: &quot;arial&quot; , &quot;helvetica&quot; , sans-serif;\">Colaboran en este novedoso programa El <a href=\"http:\/\/colectivokhora.es\/\" target=\"_blank\">Colectivo Khora<\/a>&nbsp;y la <a href=\"https:\/\/laolmacharra.wordpress.com\/\" target=\"_blank\">Asociaci\u00f3n La Olma Charra<\/a>. Pero&nbsp; tambi\u00e9n queremos agradecer la ayuda prestada por el <a href=\"http:\/\/www.lasalina.es\/Aplicaciones\/GestorInter.jsp?prestacion=Cipublico&amp;funcion=MuestraInformacionCeas0&amp;codCeas=6\" target=\"_blank\">CEAS de Ledesma<\/a>.<\/span><\/span><\/div>\n<div style=\"text-align: justify;\">\n<\/div>\n<div style=\"margin-bottom: .0001pt; margin-bottom: 0cm;\">\n<span style=\"font-size: large;\"><span style=\"font-family: &quot;arial&quot; , &quot;helvetica&quot; , sans-serif;\"><\/span><\/span><u><b><span style=\"font-size: large;\"><span style=\"font-family: &quot;arial&quot; , &quot;helvetica&quot; , sans-serif;\">Lunes 10<\/span><\/span><\/b><\/u><\/div>\n<div style=\"text-align: justify;\">\n<span style=\"font-size: large;\"><span style=\"font-family: &quot;arial&quot; , &quot;helvetica&quot; , sans-serif;\">  <\/span><\/span><\/div>\n<div style=\"margin-bottom: .0001pt; margin-bottom: 0cm;\">\n<b><span style=\"font-size: large;\"><span style=\"font-family: &quot;arial&quot; , &quot;helvetica&quot; , sans-serif;\">PREPARACI\u00d3N E INAUGURACI\u00d3N DEL JARD\u00cdN VIOLETA<\/span><\/span><\/b><span style=\"font-size: large;\"><span style=\"font-family: &quot;arial&quot; , &quot;helvetica&quot; , sans-serif;\">&nbsp;<\/span><\/span><br \/>\n<span style=\"font-size: large;\"><span style=\"font-family: &quot;arial&quot; , &quot;helvetica&quot; , sans-serif;\">18:00 h. Plantaremos plantas violetas , pintaremos la valla del mismo color y, finalmente, colocaremos una placa homenaje a todas las v\u00edctimas de violencia de g\u00e9nero.&nbsp; (En el jard\u00edn de la calle Alegr\u00eda) Duraci\u00f3n 1 h. 30 min. Para todos los p\u00fablicos.<b>&nbsp;<\/b><\/span><\/span><br \/>\n<span style=\"font-size: large;\"><span style=\"font-family: &quot;arial&quot; , &quot;helvetica&quot; , sans-serif;\"><b>\u201cSEMILLAS CONTRA EL MALTRATO\u201d<\/b>&nbsp;<\/span><\/span><\/div>\n<div style=\"margin-bottom: .0001pt; margin-bottom: 0cm;\">\n<span style=\"font-size: large;\"><span style=\"font-family: &quot;arial&quot; , &quot;helvetica&quot; , sans-serif;\">19:30 h. Preparamos e inauguramos la performance en el atrio de la Iglesia.(Duraci\u00f3n 30 min.) Para todos los p\u00fablicos.<\/span><\/span><u><b><span style=\"font-size: large;\"><span style=\"font-family: &quot;arial&quot; , &quot;helvetica&quot; , sans-serif;\">&nbsp;<\/span><\/span><\/b><\/u><\/p>\n<p><u><b><span style=\"font-size: large;\"><span style=\"font-family: &quot;arial&quot; , &quot;helvetica&quot; , sans-serif;\">Mi\u00e9rcoles 12<\/span><\/span><\/b><\/u><span style=\"font-size: large;\"><span style=\"font-family: &quot;arial&quot; , &quot;helvetica&quot; , sans-serif;\"><b>&nbsp;<\/b><\/span><\/span><br \/>\n<span style=\"font-size: large;\"><span style=\"font-family: &quot;arial&quot; , &quot;helvetica&quot; , sans-serif;\"><b>CUENTACUENTOS PARA TODA LA FAMILIA<\/b>&nbsp;<\/span><\/span><\/div>\n<div style=\"margin-bottom: .0001pt; margin-bottom: 0cm;\">\n<span style=\"font-size: large;\"><span style=\"font-family: &quot;arial&quot; , &quot;helvetica&quot; , sans-serif;\">Con la presencia de Marieta (Asociaci\u00f3n La Olma Charra)<\/span><\/span><br \/>\n<span style=\"font-size: large;\"><span style=\"font-family: &quot;arial&quot; , &quot;helvetica&quot; , sans-serif;\">18:00 h. Complejo Deportivo (Duraci\u00f3n: 1 h. 30 min.) Para todos los p\u00fablicos.<\/span><\/span><u><b><span style=\"font-size: large;\"><span style=\"font-family: &quot;arial&quot; , &quot;helvetica&quot; , sans-serif;\">&nbsp;<\/span><\/span><\/b><\/u><\/div>\n<div style=\"margin-bottom: .0001pt; margin-bottom: 0cm;\">\n<br \/>\n<u><b><span style=\"font-size: large;\"><span style=\"font-family: &quot;arial&quot; , &quot;helvetica&quot; , sans-serif;\">Mi\u00e9rcoles 19<\/span><\/span><\/b><\/u><span style=\"font-size: large;\"><span style=\"font-family: &quot;arial&quot; , &quot;helvetica&quot; , sans-serif;\"><b>&nbsp;<\/b><\/span><\/span><br \/>\n<span style=\"font-size: large;\"><span style=\"font-family: &quot;arial&quot; , &quot;helvetica&quot; , sans-serif;\"><b>SCAPEROOM<\/b>&nbsp;<\/span><\/span><br \/>\n<span style=\"font-size: large;\"><span style=\"font-family: &quot;arial&quot; , &quot;helvetica&quot; , sans-serif;\">18:00 h. El Museo de la Falla se convierte en una sala de retos y desaf\u00edos.&nbsp; Atr\u00e9vete a salir. (duraci\u00f3n 1 h. por grupo) Es necesario apuntarse previamente*. Para j\u00f3venes y adultos.<\/span><\/span><u><b><span style=\"font-size: large;\"><span style=\"font-family: &quot;arial&quot; , &quot;helvetica&quot; , sans-serif;\">&nbsp;<\/span><\/span><\/b><\/u><\/div>\n<div style=\"margin-bottom: .0001pt; margin-bottom: 0cm;\">\n<br \/>\n<u><b><span style=\"font-size: large;\"><span style=\"font-family: &quot;arial&quot; , &quot;helvetica&quot; , sans-serif;\">Jueves 20<\/span><\/span><\/b><\/u><span style=\"font-size: large;\"><span style=\"font-family: &quot;arial&quot; , &quot;helvetica&quot; , sans-serif;\"><b>&nbsp;<\/b><\/span><\/span><br \/>\n<span style=\"font-size: large;\"><span style=\"font-family: &quot;arial&quot; , &quot;helvetica&quot; , sans-serif;\"><b>LA MUJER A TRAV\u00c9S DEL CINE<\/b>&nbsp;<\/span><\/span><\/div>\n<div style=\"margin-bottom: .0001pt; margin-bottom: 0cm;\">\n<span style=\"font-size: large;\"><span style=\"font-family: &quot;arial&quot; , &quot;helvetica&quot; , sans-serif;\">18:00 h.&nbsp; Con la presencia de Susana Marcos. En el sal\u00f3n de actos.&nbsp; (Duraci\u00f3n: 1 h. 30 min.) Para j\u00f3venes y adultos.<\/span><\/span><\/p>\n<p><span style=\"font-size: large;\"><span style=\"font-family: &quot;arial&quot; , &quot;helvetica&quot; , sans-serif;\">* ponerse en contacto con la Asociaci\u00f3n de Mujeres o la Oficina de Desarrollo<\/span><\/span><\/div>\n<div style=\"text-align: justify;\">\n<\/div>\n<div style=\"clear: both; text-align: center;\">\n<span style=\"font-size: large;\"><a href=\"https:\/\/blogger.googleusercontent.com\/img\/b\/R29vZ2xl\/AVvXsEjSv_IuW3zdiGjPy_YuQN0YTMBgfYgTYqQIPko8fwzUG0AEiIXy8yoTXj25UyMHMIvUPcK9W7s9LJc-Cv0TsRAZPXvdybU7RTKg30VBe8UWjf3Aqm_cQaOJBulPyeM9R4_FtkRibe6Vr7A\/s1600\/programaci%25C3%25B3n+juzbado+pacto+2019+web.jpg\" style=\"margin-left: 1em; margin-right: 1em;\"><img loading=\"lazy\" decoding=\"async\" alt=\"jUZBADO, PACTO CONTRA LA VIOLENCIA DE G\u00c9NERO 2019\" border=\"0\" data-original-height=\"1600\" data-original-width=\"1132\" height=\"640\" src=\"https:\/\/blogger.googleusercontent.com\/img\/b\/R29vZ2xl\/AVvXsEjSv_IuW3zdiGjPy_YuQN0YTMBgfYgTYqQIPko8fwzUG0AEiIXy8yoTXj25UyMHMIvUPcK9W7s9LJc-Cv0TsRAZPXvdybU7RTKg30VBe8UWjf3Aqm_cQaOJBulPyeM9R4_FtkRibe6Vr7A\/s640\/programaci%25C3%25B3n+juzbado+pacto+2019+web.jpg\" title=\"jUZBADO, PACTO CONTRA LA VIOLENCIA DE G\u00c9NERO 2019\" width=\"452\" \/><\/a><\/span><\/div>\n<p><\/p>\n<div style=\"text-align: justify;\">\n<\/div>\n<div style=\"text-align: justify;\">\n<\/div>\n<div style=\"text-align: justify;\">\n<\/div>\n","protected":false},"excerpt":{"rendered":"<p>La violencia&nbsp; de g\u00e9nero&nbsp; es&nbsp; la&nbsp; manifestaci\u00f3n&nbsp; m\u00e1s&nbsp; cruel&nbsp; e inhumana&nbsp; de la secular desigualdad existente entre mujeres y hombres que se ha producido a lo largo de toda la historia, en todos los pa\u00edses y culturas con independencia del nivel social, cultural o&nbsp;&nbsp;&nbsp; econ\u00f3mico de las personas que la ejercen y la padecen.&nbsp; Combatir&nbsp; [&hellip;]<\/p>\n","protected":false},"author":2,"featured_media":0,"comment_status":"open","ping_status":"open","sticky":false,"template":"","format":"standard","meta":{"saved_in_kubio":false,"footnotes":""},"categories":[1],"tags":[],"class_list":["post-427","post","type-post","status-publish","format-standard","hentry","category-sin-categoria"],"_links":{"self":[{"href":"https:\/\/juzbado.es\/nuevaweb\/wp-json\/wp\/v2\/posts\/427","targetHints":{"allow":["GET"]}}],"collection":[{"href":"https:\/\/juzbado.es\/nuevaweb\/wp-json\/wp\/v2\/posts"}],"about":[{"href":"https:\/\/juzbado.es\/nuevaweb\/wp-json\/wp\/v2\/types\/post"}],"author":[{"embeddable":true,"href":"https:\/\/juzbado.es\/nuevaweb\/wp-json\/wp\/v2\/users\/2"}],"replies":[{"embeddable":true,"href":"https:\/\/juzbado.es\/nuevaweb\/wp-json\/wp\/v2\/comments?post=427"}],"version-history":[{"count":0,"href":"https:\/\/juzbado.es\/nuevaweb\/wp-json\/wp\/v2\/posts\/427\/revisions"}],"wp:attachment":[{"href":"https:\/\/juzbado.es\/nuevaweb\/wp-json\/wp\/v2\/media?parent=427"}],"wp:term":[{"taxonomy":"category","embeddable":true,"href":"https:\/\/juzbado.es\/nuevaweb\/wp-json\/wp\/v2\/categories?post=427"},{"taxonomy":"post_tag","embeddable":true,"href":"https:\/\/juzbado.es\/nuevaweb\/wp-json\/wp\/v2\/tags?post=427"}],"curies":[{"name":"wp","href":"https:\/\/api.w.org\/{rel}","templated":true}]}}