{"id":433,"date":"2019-05-14T10:22:00","date_gmt":"2019-05-14T08:22:00","guid":{"rendered":"http:\/\/juzbado.es\/nuevaweb\/2019\/05\/14\/dia-del-mundo-rural-en-juzbado\/"},"modified":"2019-05-14T10:22:00","modified_gmt":"2019-05-14T08:22:00","slug":"dia-del-mundo-rural-en-juzbado","status":"publish","type":"post","link":"https:\/\/juzbado.es\/nuevaweb\/2019\/05\/14\/dia-del-mundo-rural-en-juzbado\/","title":{"rendered":"DIA DEL MUNDO RURAL EN JUZBADO"},"content":{"rendered":"<div style=\"line-height: normal; margin-bottom: 0.0001pt; text-align: justify;\">\n<span style=\"font-size: large;\"><span style=\"font-family: &quot;arial&quot; , &quot;helvetica&quot; , sans-serif;\">El d\u00eda del mundo rural se celebra este a\u00f1o en Juzbado.&nbsp; Y para ello contamos con muchos colaboradores y amigos que har\u00e1n de esta jornada rural y reivindicativa <b>una fiesta colectiva e inolvidable para vecinos y visitantes<\/b>.&nbsp; Os mostramos a continuaci\u00f3n el programa previsto del d\u00eda y aprovechamos para invitaros a venir.<\/span><\/span><\/p>\n<p><b><span style=\"font-size: large;\"><span style=\"font-family: &quot;arial&quot; , &quot;helvetica&quot; , sans-serif;\">PROGRAMACI\u00d3N DE LA JORNADA:<\/span><\/span><\/b><\/div>\n<div style=\"line-height: normal; margin-bottom: .0001pt; margin-bottom: 0cm;\">\n<br \/>\n<span style=\"font-size: large;\"><span style=\"font-family: &quot;arial&quot; , &quot;helvetica&quot; , sans-serif;\">11:30 h. Charla-coloquio \u201cCampesinado y Medio Rural\u201d con Jeromo Aguado (campesino comprometido por una sociedad y medio rural vivos)<\/span><\/span><br \/>\n<span style=\"font-size: large;\"><span style=\"font-family: &quot;arial&quot; , &quot;helvetica&quot; , sans-serif;\"><span style=\"color: #e69138;\">Mientras tanto, y para los m\u00e1s peque\u00f1os, propuestas infantiles en la biblioteca municipal.&nbsp; <\/span><\/span><\/span><br \/>\n<span style=\"font-size: large;\"><span style=\"font-family: &quot;arial&quot; , &quot;helvetica&quot; , sans-serif;\">13:35 h. Presentaci\u00f3n: \u201cJuzbado, un pueblo activo\u201d<\/span><\/span><br \/>\n<span style=\"font-size: large;\"><span style=\"font-family: &quot;arial&quot; , &quot;helvetica&quot; , sans-serif;\">14:30 h. Comida popular para todos los vecinos y visitantes*<\/span><\/span><\/div>\n<div style=\"line-height: normal; margin-bottom: .0001pt; margin-bottom: 0cm;\">\n<span style=\"font-size: large;\"><span style=\"font-family: &quot;arial&quot; , &quot;helvetica&quot; , sans-serif;\">16:30 h. Paseo por el pueblo de Juzbado en busca de los <a href=\"https:\/\/juzbado.blogspot.com\/p\/galeria-rural.html\" target=\"_blank\">murales<\/a>, las <a href=\"https:\/\/juzbado.blogspot.com\/p\/libro-abierto.html\" target=\"_blank\">placas po\u00e9ticas<\/a>, el <a href=\"https:\/\/www.museodelafalla.com\/\" target=\"_blank\">Museo de la Falla<\/a>, los miradores&#8230;<\/span><\/span><br \/>\n<span style=\"font-size: large;\"><span style=\"font-family: &quot;arial&quot; , &quot;helvetica&quot; , sans-serif;\">18:30 h. Actuaci\u00f3n musical del <a href=\"http:\/\/www.grupotahona.es\/\" target=\"_blank\">grupo \u201cTahona\u201d<\/a><\/span><\/span><br \/>\n<span style=\"font-size: large;\"><span style=\"font-family: &quot;arial&quot; , &quot;helvetica&quot; , sans-serif;\">20:00 h. Terminamos la jornada <\/span><\/span><\/div>\n<p><span style=\"font-size: large;\"><span style=\"font-family: &quot;arial&quot; , &quot;helvetica&quot; , sans-serif;\">  <\/span><\/span><\/p>\n<div style=\"line-height: normal; margin-bottom: .0001pt; margin-bottom: 0cm;\">\n<br \/>\n<a name='more'><\/a><\/div>\n<div style=\"clear: both; text-align: center;\">\n<a href=\"https:\/\/blogger.googleusercontent.com\/img\/b\/R29vZ2xl\/AVvXsEhSwhaxAwT9YXv6oWJXO9DdqyALq6UuDO2kCy3z8ZnQU-E5-svGqZvZsTc9xzPgRvsMtIYECjVxY65xsjC0njzCzSGoV7ARa0o_te0jsvw_wWPk26bMAwiKaA5KOcxrDTFXJn-2IKj0Kog\/s1600\/juzbado+d%25C3%25ADa+del+mundo+rural+2019.jpg\" style=\"margin-left: 1em; margin-right: 1em;\"><img loading=\"lazy\" decoding=\"async\" alt=\"Juzbado, d\u00eda del mundo rural, espa\u00f1a vaciada, juzbado 2019\" border=\"0\" data-original-height=\"1600\" data-original-width=\"1132\" height=\"640\" src=\"https:\/\/blogger.googleusercontent.com\/img\/b\/R29vZ2xl\/AVvXsEhSwhaxAwT9YXv6oWJXO9DdqyALq6UuDO2kCy3z8ZnQU-E5-svGqZvZsTc9xzPgRvsMtIYECjVxY65xsjC0njzCzSGoV7ARa0o_te0jsvw_wWPk26bMAwiKaA5KOcxrDTFXJn-2IKj0Kog\/s640\/juzbado+d%25C3%25ADa+del+mundo+rural+2019.jpg\" title=\"Juzbado, d\u00eda del mundo rural, espa\u00f1a vaciada, juzbado 2019\" width=\"452\" \/><\/a><\/div>\n<div style=\"clear: both; text-align: center;\">\n<\/div>\n<p>\n<span style=\"font-size: large;\"><span style=\"font-family: &quot;arial&quot; , &quot;helvetica&quot; , sans-serif;\">  <\/span><\/span><\/p>\n<div style=\"line-height: normal; margin-bottom: 0.0001pt; text-align: justify;\">\n<\/div>\n<div style=\"line-height: normal; margin-bottom: 0.0001pt; text-align: justify;\">\n<b><span style=\"font-size: large;\"><span style=\"font-family: &quot;arial&quot; , &quot;helvetica&quot; , sans-serif;\"><span style=\"font-size: large;\"><span style=\"font-family: &quot;arial&quot; , &quot;helvetica&quot; , sans-serif;\">*<\/span><\/span>APUNTES SOBRE LA COMIDA:<\/span><\/span><\/b><\/p>\n<p><span style=\"font-size: large;\"><span style=\"font-family: &quot;arial&quot; , &quot;helvetica&quot; , sans-serif;\">Con respecto a la comida popular deciros que habr\u00e1 una <b>carne con patatas<\/b> para todos los participantes que preparar\u00e1n desde primera hora del domingo los vecinos de Juzbado.&nbsp; Al ser un plato \u00fanico y, a la vista de no conocer cu\u00e1ntos seremos exactamente, os recomendamos aportar&nbsp; individual o colectivamente algo de comida.&nbsp; As\u00ed mismo, aunque contaremos con platos y cubiertos, siempre es m\u00e1s c\u00f3modo comer este men\u00fa en un plato y cubierto de casa.<\/span><\/span><\/div>\n<p><span style=\"font-size: large;\"><span style=\"font-family: &quot;arial&quot; , &quot;helvetica&quot; , sans-serif;\">  <\/span><\/span><\/p>\n<div style=\"line-height: normal; margin-bottom: .0001pt; margin-bottom: 0cm;\">\n<\/div>\n<p><span style=\"font-size: large;\"><span style=\"font-family: &quot;arial&quot; , &quot;helvetica&quot; , sans-serif;\">  <\/span><\/span><\/p>\n<div style=\"line-height: normal; margin-bottom: .0001pt; margin-bottom: 0cm;\">\n<b><span style=\"font-size: large;\"><span style=\"font-family: &quot;arial&quot; , &quot;helvetica&quot; , sans-serif;\">APUNTES SOBRE EL GRUPO MUSICAL TAHONA:<\/span><\/span><\/b><\/p>\n<div style=\"text-align: justify;\">\n<span style=\"font-size: large;\"><span style=\"font-family: &quot;arial&quot; , &quot;helvetica&quot; , sans-serif;\">Desde que all\u00e1 por el Oto\u00f1o de mil novecientos setenta y dos comenzaran su recorrido por los escenarios de muchos pa\u00edses europeos (Espa\u00f1a, Portugal, Francia, B\u00e9lgica, Holanda, Alemania, Suiza, Inglaterra, Rumania y Polonia), americanos (Colombia) y africanos (Marruecos), TAHONA desgrana en sus espect\u00e1culos tanto la esencia del car\u00e1cter festivo de la cultura tradicional, como lirismo de la copla amatoria. &nbsp;Aderezado con la variedad de instrumentos que sirvieron, entonces como hoy, tanto para el regocijo bullanguero y picaresco, como para la expresi\u00f3n \u00edntima y profunda. Todo ello hace que el encuentro con la tradici\u00f3n se convierta en un acto l\u00fadico y cultural a la vez.<\/span><\/span><\/p>\n<div style=\"text-align: left;\">\n<span style=\"font-size: large;\"><span style=\"font-family: &quot;arial&quot; , &quot;helvetica&quot; , sans-serif;\">En prensa: <a href=\"https:\/\/salamancartvaldia.es\/not\/209787\/despoblacion-pueblos-eje-dia-mundo-rural-2019\/\" target=\"_blank\">https:\/\/salamancartvaldia.es\/not\/209787\/despoblacion-pueblos-eje-dia-mundo-rural-2019\/ <\/a><\/span><\/span><\/div>\n<\/div>\n<\/div>\n","protected":false},"excerpt":{"rendered":"<p>El d\u00eda del mundo rural se celebra este a\u00f1o en Juzbado.&nbsp; Y para ello contamos con muchos colaboradores y amigos que har\u00e1n de esta jornada rural y reivindicativa una fiesta colectiva e inolvidable para vecinos y visitantes.&nbsp; Os mostramos a continuaci\u00f3n el programa previsto del d\u00eda y aprovechamos para invitaros a venir. PROGRAMACI\u00d3N DE LA [&hellip;]<\/p>\n","protected":false},"author":2,"featured_media":0,"comment_status":"open","ping_status":"open","sticky":false,"template":"","format":"standard","meta":{"saved_in_kubio":false,"footnotes":""},"categories":[1],"tags":[],"class_list":["post-433","post","type-post","status-publish","format-standard","hentry","category-sin-categoria"],"_links":{"self":[{"href":"https:\/\/juzbado.es\/nuevaweb\/wp-json\/wp\/v2\/posts\/433","targetHints":{"allow":["GET"]}}],"collection":[{"href":"https:\/\/juzbado.es\/nuevaweb\/wp-json\/wp\/v2\/posts"}],"about":[{"href":"https:\/\/juzbado.es\/nuevaweb\/wp-json\/wp\/v2\/types\/post"}],"author":[{"embeddable":true,"href":"https:\/\/juzbado.es\/nuevaweb\/wp-json\/wp\/v2\/users\/2"}],"replies":[{"embeddable":true,"href":"https:\/\/juzbado.es\/nuevaweb\/wp-json\/wp\/v2\/comments?post=433"}],"version-history":[{"count":0,"href":"https:\/\/juzbado.es\/nuevaweb\/wp-json\/wp\/v2\/posts\/433\/revisions"}],"wp:attachment":[{"href":"https:\/\/juzbado.es\/nuevaweb\/wp-json\/wp\/v2\/media?parent=433"}],"wp:term":[{"taxonomy":"category","embeddable":true,"href":"https:\/\/juzbado.es\/nuevaweb\/wp-json\/wp\/v2\/categories?post=433"},{"taxonomy":"post_tag","embeddable":true,"href":"https:\/\/juzbado.es\/nuevaweb\/wp-json\/wp\/v2\/tags?post=433"}],"curies":[{"name":"wp","href":"https:\/\/api.w.org\/{rel}","templated":true}]}}