{"id":434,"date":"2019-05-12T11:51:00","date_gmt":"2019-05-12T09:51:00","guid":{"rendered":"http:\/\/juzbado.es\/nuevaweb\/2019\/05\/12\/un-gran-cocido-para-100-vecinos\/"},"modified":"2019-05-12T11:51:00","modified_gmt":"2019-05-12T09:51:00","slug":"un-gran-cocido-para-100-vecinos","status":"publish","type":"post","link":"https:\/\/juzbado.es\/nuevaweb\/2019\/05\/12\/un-gran-cocido-para-100-vecinos\/","title":{"rendered":"UN GRAN COCIDO PARA 100 VECINOS"},"content":{"rendered":"<div style=\"text-align: justify;\">\n<span style=\"font-size: large;\"><span style=\"font-family: &quot;arial&quot; , &quot;helvetica&quot; , sans-serif;\">Como es costumbre, la Asociaci\u00f3n de Mayores de Juzbado celebr\u00f3 ayer s\u00e1bado 11 de mayo el tradicional \u00abGran Cocido\u00bb para vecinos y amigos del pueblo de Juzbado.&nbsp; La jornada arranc\u00f3 bien temprano para tener a tiempo un plato \u00fanico y exquisito que ser sirvi\u00f3 a m\u00e1s de 100 comensales en el sal\u00f3n de actos en torno a las 14:30 h.<\/span><\/span><\/div>\n<div style=\"text-align: justify;\">\n<span style=\"font-size: large;\"><span style=\"font-family: &quot;arial&quot; , &quot;helvetica&quot; , sans-serif;\">&nbsp;<\/p>\n<table align=\"center\" cellpadding=\"0\" cellspacing=\"0\" style=\"margin-left: auto; margin-right: auto; text-align: center;\">\n<tbody>\n<tr>\n<td style=\"text-align: center;\"><a href=\"https:\/\/blogger.googleusercontent.com\/img\/b\/R29vZ2xl\/AVvXsEj6Eco2cAA-QFe6pF68lfCAmMBjx7a9xn2hkFKGunC8wU3PnOgnQIE9nC8rH7KGD4Q9AT2TdNpSF_79VR7g9oOL5UIG1FD1l4qVLeo2AgDB4idB-SeOhIYcW58cXBg9wJXxFO6XHpqyxJI\/s1600\/juzbado+gran+cocido+asociaci%25C3%25B3n+de+mayores+2019+%25284%2529.jpeg\" style=\"margin-left: auto; margin-right: auto;\"><img loading=\"lazy\" decoding=\"async\" alt=\"Juzbado, Asociaci\u00f3n de Mayores, gran cocido 2019\" border=\"0\" data-original-height=\"868\" data-original-width=\"1155\" height=\"480\" src=\"https:\/\/blogger.googleusercontent.com\/img\/b\/R29vZ2xl\/AVvXsEj6Eco2cAA-QFe6pF68lfCAmMBjx7a9xn2hkFKGunC8wU3PnOgnQIE9nC8rH7KGD4Q9AT2TdNpSF_79VR7g9oOL5UIG1FD1l4qVLeo2AgDB4idB-SeOhIYcW58cXBg9wJXxFO6XHpqyxJI\/s640\/juzbado+gran+cocido+asociaci%25C3%25B3n+de+mayores+2019+%25284%2529.jpeg\" title=\"Juzbado, Asociaci\u00f3n de Mayores, gran cocido 2019\" width=\"640\" \/><\/a><\/td>\n<\/tr>\n<tr>\n<td style=\"text-align: center;\">Foto: A.S.F.<\/td>\n<\/tr>\n<\/tbody>\n<\/table>\n<p><\/span><\/span><\/div>\n<div style=\"text-align: justify;\">\n<span style=\"font-size: large;\"><span style=\"font-family: &quot;arial&quot; , &quot;helvetica&quot; , sans-serif;\"><\/span><\/span><br \/>\n<a name='more'><\/a><span style=\"font-size: large;\"><span style=\"font-family: &quot;arial&quot; , &quot;helvetica&quot; , sans-serif;\">A media tarde, una vez asentadas viandas y verduras, tuvimos ocasi\u00f3n de disfrutar de la obra de teatro \u00abCuidado con las personas formales\u00bb de Alfonso Paso, a cargo de la compa\u00f1\u00eda&nbsp; salmantina Grupo Teatro Mar\u00eda Auxiliadora.<\/span><\/span><\/div>\n<div style=\"text-align: justify;\">\n<span style=\"font-size: large;\"><span style=\"font-family: &quot;arial&quot; , &quot;helvetica&quot; , sans-serif;\"><br \/><\/span><\/span><\/div>\n<div style=\"text-align: justify;\">\n<span style=\"font-size: large;\"><span style=\"font-family: &quot;arial&quot; , &quot;helvetica&quot; , sans-serif;\">La Asociaci\u00f3n de vecinos San Miguel Arc\u00e1ngel lleva a cabo estas y otras actividades comunitarias a lo largo de todo el a\u00f1o. Seg\u00fan fuentes consultadas en breve anunciar\u00e1n un encuentro multicultural y una gran paella en junio as\u00ed como el d\u00eda de los Abuelos en julio.<\/span><\/span><\/div>\n<div style=\"text-align: justify;\">\n<\/div>\n<div style=\"text-align: left;\">\n<span style=\"font-size: large;\"><span style=\"font-family: &quot;arial&quot; , &quot;helvetica&quot; , sans-serif;\">Os recordamos que la activa asociaci\u00f3n cuenta con una direcci\u00f3n de correo electr\u00f3nico para contactar: amsanmigueldejuzbado@gmail.com<\/span><\/span><\/div>\n","protected":false},"excerpt":{"rendered":"<p>Como es costumbre, la Asociaci\u00f3n de Mayores de Juzbado celebr\u00f3 ayer s\u00e1bado 11 de mayo el tradicional \u00abGran Cocido\u00bb para vecinos y amigos del pueblo de Juzbado.&nbsp; La jornada arranc\u00f3 bien temprano para tener a tiempo un plato \u00fanico y exquisito que ser sirvi\u00f3 a m\u00e1s de 100 comensales en el sal\u00f3n de actos en [&hellip;]<\/p>\n","protected":false},"author":2,"featured_media":0,"comment_status":"open","ping_status":"open","sticky":false,"template":"","format":"standard","meta":{"saved_in_kubio":false,"footnotes":""},"categories":[1],"tags":[],"class_list":["post-434","post","type-post","status-publish","format-standard","hentry","category-sin-categoria"],"_links":{"self":[{"href":"https:\/\/juzbado.es\/nuevaweb\/wp-json\/wp\/v2\/posts\/434","targetHints":{"allow":["GET"]}}],"collection":[{"href":"https:\/\/juzbado.es\/nuevaweb\/wp-json\/wp\/v2\/posts"}],"about":[{"href":"https:\/\/juzbado.es\/nuevaweb\/wp-json\/wp\/v2\/types\/post"}],"author":[{"embeddable":true,"href":"https:\/\/juzbado.es\/nuevaweb\/wp-json\/wp\/v2\/users\/2"}],"replies":[{"embeddable":true,"href":"https:\/\/juzbado.es\/nuevaweb\/wp-json\/wp\/v2\/comments?post=434"}],"version-history":[{"count":0,"href":"https:\/\/juzbado.es\/nuevaweb\/wp-json\/wp\/v2\/posts\/434\/revisions"}],"wp:attachment":[{"href":"https:\/\/juzbado.es\/nuevaweb\/wp-json\/wp\/v2\/media?parent=434"}],"wp:term":[{"taxonomy":"category","embeddable":true,"href":"https:\/\/juzbado.es\/nuevaweb\/wp-json\/wp\/v2\/categories?post=434"},{"taxonomy":"post_tag","embeddable":true,"href":"https:\/\/juzbado.es\/nuevaweb\/wp-json\/wp\/v2\/tags?post=434"}],"curies":[{"name":"wp","href":"https:\/\/api.w.org\/{rel}","templated":true}]}}