{"id":437,"date":"2019-05-03T16:38:00","date_gmt":"2019-05-03T14:38:00","guid":{"rendered":"http:\/\/juzbado.es\/nuevaweb\/2019\/05\/03\/el-arbol-del-tiempo-echa-raices\/"},"modified":"2019-05-03T16:38:00","modified_gmt":"2019-05-03T14:38:00","slug":"el-arbol-del-tiempo-echa-raices","status":"publish","type":"post","link":"https:\/\/juzbado.es\/nuevaweb\/2019\/05\/03\/el-arbol-del-tiempo-echa-raices\/","title":{"rendered":"EL \u00c1RBOL DEL TIEMPO ECHA RAICES"},"content":{"rendered":"<div style=\"text-align: justify;\">\n<span style=\"font-size: large;\"><span style=\"font-family: &quot;arial&quot; , &quot;helvetica&quot; , sans-serif;\">En el verano del a\u00f1o 2017, el artista y creador Fernando S\u00e1nchez Blanco comenz\u00f3 a construir el \u00ab\u00e1rbol del tiempo\u00bb, Hephaistos 7.1. Una obra escult\u00f3rica de metal cuyo proceso de construcci\u00f3n no nos iba a dejar indiferentes.&nbsp; Tal y como se propuso en su momento, la obra deber\u00eda contar con la colaboraci\u00f3n de aquellas personas interesadas en conocer de cerca el oficio de la fragua y el dominio del metal.&nbsp;&nbsp;<\/span><\/span><\/div>\n<div style=\"text-align: justify;\">\n<br \/>\n<a name='more'><\/a><\/div>\n<div style=\"text-align: justify;\">\n<span style=\"font-size: large;\"><span style=\"font-family: &quot;arial&quot; , &quot;helvetica&quot; , sans-serif;\">As\u00ed fue que <a href=\"https:\/\/juzbado.blogspot.com\/2017\/07\/hephaistos-71-continua-creciendo.html\" target=\"_blank\">durante el verano de aquel a\u00f1o<\/a> un grupo de j\u00f3venes juzbadinos acompa\u00f1\u00f3 durante las ma\u00f1anas a Blanco en la conformaci\u00f3n de una obra de metal cuya altura supera los 5 metros y que pesa alrededor de 250 kilos.&nbsp;&nbsp;<\/span><\/span><\/div>\n<div style=\"text-align: justify;\">\n<\/div>\n<div style=\"clear: both; text-align: center;\">\n<span style=\"font-size: large;\"><a href=\"https:\/\/blogger.googleusercontent.com\/img\/b\/R29vZ2xl\/AVvXsEhnSz73luKxSbVHUz8SMy8ha5RPm_5FSU2zGbsQhv-v29M0rc5wbcJjh3K7Ou3-WU1-qECqzn2cI0-k-QGC2vX4yB9DdUA0urbD7jB39zu9riv_LnLygonEgwRvIO-OHKEltstPlgc5u7Y\/s1600\/arbol+del+tiempo+fernando+s%25C3%25A1nchez+blanco+%2528WEB%2529.jpeg\" style=\"margin-left: 1em; margin-right: 1em;\"><img loading=\"lazy\" decoding=\"async\" alt=\"Juzbado, Arbol del tiempo, Hephaistos 7.1, Fernando Sanchez Blanco\" border=\"0\" data-original-height=\"900\" data-original-width=\"1600\" height=\"360\" src=\"https:\/\/blogger.googleusercontent.com\/img\/b\/R29vZ2xl\/AVvXsEhnSz73luKxSbVHUz8SMy8ha5RPm_5FSU2zGbsQhv-v29M0rc5wbcJjh3K7Ou3-WU1-qECqzn2cI0-k-QGC2vX4yB9DdUA0urbD7jB39zu9riv_LnLygonEgwRvIO-OHKEltstPlgc5u7Y\/s640\/arbol+del+tiempo+fernando+s%25C3%25A1nchez+blanco+%2528WEB%2529.jpeg\" title=\"Juzbado, Arbol del tiempo, Hephaistos 7.1, Fernando Sanchez Blanco\" width=\"640\" \/><\/a><\/span><\/div>\n<p><\/p>\n<div style=\"text-align: justify;\">\n<span style=\"font-size: large;\"><span style=\"font-family: &quot;arial&quot; , &quot;helvetica&quot; , sans-serif;\">Hace unos d\u00edas, con la ayuda de los vecinos de Juzbado, se transport\u00f3 la obra de arte hasta en el lugar para el cu\u00e1l fue creado.&nbsp; Se trata de la culminaci\u00f3n a un trabajo cooperativo realizado gracias a la colaboraci\u00f3n de Escuelas Campesinas y el Ayuntamiento de Juzbado.&nbsp;&nbsp;<\/span><\/span><\/div>\n<div style=\"text-align: justify;\">\n<\/div>\n<div style=\"text-align: justify;\">\n<span style=\"font-size: large;\"><span style=\"font-family: &quot;arial&quot; , &quot;helvetica&quot; , sans-serif;\">Os invitamos a cercaros y contemplar el \u00e1rbol as\u00ed como a leer la reveladora placa conmemorativa que est\u00e1 al pie.<\/span><\/span><\/div>\n","protected":false},"excerpt":{"rendered":"<p>En el verano del a\u00f1o 2017, el artista y creador Fernando S\u00e1nchez Blanco comenz\u00f3 a construir el \u00ab\u00e1rbol del tiempo\u00bb, Hephaistos 7.1. Una obra escult\u00f3rica de metal cuyo proceso de construcci\u00f3n no nos iba a dejar indiferentes.&nbsp; Tal y como se propuso en su momento, la obra deber\u00eda contar con la colaboraci\u00f3n de aquellas personas [&hellip;]<\/p>\n","protected":false},"author":2,"featured_media":0,"comment_status":"open","ping_status":"open","sticky":false,"template":"","format":"standard","meta":{"saved_in_kubio":false,"footnotes":""},"categories":[1],"tags":[],"class_list":["post-437","post","type-post","status-publish","format-standard","hentry","category-sin-categoria"],"_links":{"self":[{"href":"https:\/\/juzbado.es\/nuevaweb\/wp-json\/wp\/v2\/posts\/437","targetHints":{"allow":["GET"]}}],"collection":[{"href":"https:\/\/juzbado.es\/nuevaweb\/wp-json\/wp\/v2\/posts"}],"about":[{"href":"https:\/\/juzbado.es\/nuevaweb\/wp-json\/wp\/v2\/types\/post"}],"author":[{"embeddable":true,"href":"https:\/\/juzbado.es\/nuevaweb\/wp-json\/wp\/v2\/users\/2"}],"replies":[{"embeddable":true,"href":"https:\/\/juzbado.es\/nuevaweb\/wp-json\/wp\/v2\/comments?post=437"}],"version-history":[{"count":0,"href":"https:\/\/juzbado.es\/nuevaweb\/wp-json\/wp\/v2\/posts\/437\/revisions"}],"wp:attachment":[{"href":"https:\/\/juzbado.es\/nuevaweb\/wp-json\/wp\/v2\/media?parent=437"}],"wp:term":[{"taxonomy":"category","embeddable":true,"href":"https:\/\/juzbado.es\/nuevaweb\/wp-json\/wp\/v2\/categories?post=437"},{"taxonomy":"post_tag","embeddable":true,"href":"https:\/\/juzbado.es\/nuevaweb\/wp-json\/wp\/v2\/tags?post=437"}],"curies":[{"name":"wp","href":"https:\/\/api.w.org\/{rel}","templated":true}]}}