{"id":44,"date":"2024-07-24T12:44:00","date_gmt":"2024-07-24T10:44:00","guid":{"rendered":"http:\/\/juzbado.es\/nuevaweb\/2024\/07\/24\/la-asociacion-de-mujeres-nos-invita-a-participar-en-verano\/"},"modified":"2024-07-24T12:44:00","modified_gmt":"2024-07-24T10:44:00","slug":"la-asociacion-de-mujeres-nos-invita-a-participar-en-verano","status":"publish","type":"post","link":"https:\/\/juzbado.es\/nuevaweb\/2024\/07\/24\/la-asociacion-de-mujeres-nos-invita-a-participar-en-verano\/","title":{"rendered":"LA ASOCIACI\u00d3N DE MUJERES NOS INVITA A PARTICIPAR EN VERANO"},"content":{"rendered":"<p><span style=\"font-family: arial;\"><span style=\"font-size: medium;\"><span style=\"white-space: pre-wrap;\">Nos hacemos eco del programa de acciones que ha presentado recientemente la <a href=\"https:\/\/juzbado.blogspot.com\/p\/asociaciones.html\" target=\"_blank\">asociaci\u00f3n de mujeres de Juzbado<\/a>. Con el t\u00edtulo de \u00abMujeres en verano\u00bb, la activa asociaci\u00f3n nos invita a acompa\u00f1ar las 4 propuestas de inter\u00e9s que aparecen en el siguiente cartel. \u00a1No os lo perd\u00e1is!<\/span><\/span><\/span><\/p>\n<p><span style=\"font-family: arial;\"><span style=\"font-size: medium;\"><span style=\"white-space: pre-wrap;\"><\/span><\/span><\/span><\/p>\n<div style=\"clear: both; text-align: center;\"><span style=\"font-size: medium;\"><a href=\"https:\/\/blogger.googleusercontent.com\/img\/b\/R29vZ2xl\/AVvXsEh30JeXpxZeA9UGKgbsCEDwe8VFjjydYiH7Mtrg8iiwDiMLKRp39LKNIjWZDE6JjMUBDDJAq-9bvKKxWyBXpsB6nvNtIC_L2bg1ZCFZlRFbU7kuHex668l_z7A5SbupkFSzpRR5gUCqQloOajTRPaoQKJRw1-hoO1pbeUYPJdxOvMb-x5ml-jrWcJW-Iew\/s1380\/WhatsApp%20Image%202024-07-24%20at%2011.41.35.jpeg\" style=\"margin-left: 1em; margin-right: 1em;\"><img loading=\"lazy\" decoding=\"async\" alt=\"Juzbado, Asociaci\u00f3n de Mujeres, Verano 2024,\" border=\"0\" data-original-height=\"1380\" data-original-width=\"968\" height=\"640\" src=\"https:\/\/blogger.googleusercontent.com\/img\/b\/R29vZ2xl\/AVvXsEh30JeXpxZeA9UGKgbsCEDwe8VFjjydYiH7Mtrg8iiwDiMLKRp39LKNIjWZDE6JjMUBDDJAq-9bvKKxWyBXpsB6nvNtIC_L2bg1ZCFZlRFbU7kuHex668l_z7A5SbupkFSzpRR5gUCqQloOajTRPaoQKJRw1-hoO1pbeUYPJdxOvMb-x5ml-jrWcJW-Iew\/w448-h640\/WhatsApp%20Image%202024-07-24%20at%2011.41.35.jpeg\" title=\"Juzbado, Asociaci\u00f3n de Mujeres, Verano 2024,\" width=\"448\" \/><\/a><\/span><\/div>\n<p><span style=\"font-size: medium;\"><br \/>&nbsp;<\/span><\/p>\n","protected":false},"excerpt":{"rendered":"<p>Nos hacemos eco del programa de acciones que ha presentado recientemente la asociaci\u00f3n de mujeres de Juzbado. Con el t\u00edtulo de \u00abMujeres en verano\u00bb, la activa asociaci\u00f3n nos invita a acompa\u00f1ar las 4 propuestas de inter\u00e9s que aparecen en el siguiente cartel. \u00a1No os lo perd\u00e1is! &nbsp;<\/p>\n","protected":false},"author":2,"featured_media":0,"comment_status":"open","ping_status":"open","sticky":false,"template":"","format":"standard","meta":{"saved_in_kubio":false,"footnotes":""},"categories":[42,135],"tags":[],"class_list":["post-44","post","type-post","status-publish","format-standard","hentry","category-asociacion-de-mujeres","category-verano-2024"],"_links":{"self":[{"href":"https:\/\/juzbado.es\/nuevaweb\/wp-json\/wp\/v2\/posts\/44","targetHints":{"allow":["GET"]}}],"collection":[{"href":"https:\/\/juzbado.es\/nuevaweb\/wp-json\/wp\/v2\/posts"}],"about":[{"href":"https:\/\/juzbado.es\/nuevaweb\/wp-json\/wp\/v2\/types\/post"}],"author":[{"embeddable":true,"href":"https:\/\/juzbado.es\/nuevaweb\/wp-json\/wp\/v2\/users\/2"}],"replies":[{"embeddable":true,"href":"https:\/\/juzbado.es\/nuevaweb\/wp-json\/wp\/v2\/comments?post=44"}],"version-history":[{"count":0,"href":"https:\/\/juzbado.es\/nuevaweb\/wp-json\/wp\/v2\/posts\/44\/revisions"}],"wp:attachment":[{"href":"https:\/\/juzbado.es\/nuevaweb\/wp-json\/wp\/v2\/media?parent=44"}],"wp:term":[{"taxonomy":"category","embeddable":true,"href":"https:\/\/juzbado.es\/nuevaweb\/wp-json\/wp\/v2\/categories?post=44"},{"taxonomy":"post_tag","embeddable":true,"href":"https:\/\/juzbado.es\/nuevaweb\/wp-json\/wp\/v2\/tags?post=44"}],"curies":[{"name":"wp","href":"https:\/\/api.w.org\/{rel}","templated":true}]}}