{"id":440,"date":"2019-04-17T17:50:00","date_gmt":"2019-04-17T15:50:00","guid":{"rendered":"http:\/\/juzbado.es\/nuevaweb\/2019\/04\/17\/ida-vitale-libro-abierto-de-2019\/"},"modified":"2019-04-17T17:50:00","modified_gmt":"2019-04-17T15:50:00","slug":"ida-vitale-libro-abierto-de-2019","status":"publish","type":"post","link":"https:\/\/juzbado.es\/nuevaweb\/2019\/04\/17\/ida-vitale-libro-abierto-de-2019\/","title":{"rendered":"IDA VITALE LIBRO ABIERTO DE 2019"},"content":{"rendered":"<div style=\"text-align: justify;\">\n<span style=\"font-size: large;\"><span style=\"font-family: &quot;arial&quot; , &quot;helvetica&quot; , sans-serif;\"><b>\u2018Juzbado Libro Abierto\u2019<\/b> escribir\u00e1 este mes de abril una de sus p\u00e1ginas literarias m\u00e1s destacadas, contando con la presencia de la <b>poeta uruguaya Ida Vitale<\/b>, Premio Cervantes 2018, y cuyos versos pasar\u00e1n a formar parte de nuestro legado literario al aire libre y en el que est\u00e1n impresos los poemas de todo un elenco de nombres propios de la letras hispanoamericanas. Desde hace ya m\u00e1s de una d\u00e9cada -recordad que la <a href=\"https:\/\/juzbado.blogspot.com\/p\/libro-abierto.html\" target=\"_blank\">primera edici\u00f3n<\/a> se celebr\u00f3 en 2008- nuestros rincones de Juzbado se han llenado de poemas, aunando cultura, poes\u00eda y paisaje.<\/span><\/span><\/p>\n<table align=\"center\" cellpadding=\"0\" cellspacing=\"0\" style=\"margin-left: auto; margin-right: auto; text-align: center;\">\n<tbody>\n<tr>\n<td style=\"text-align: center;\"><a href=\"https:\/\/blogger.googleusercontent.com\/img\/b\/R29vZ2xl\/AVvXsEiPWOQYFWUHc83Ynv6-D9Ux1UY5S-86S82QMb2MI_peJA-DwikY2kyrdKL31qb0j_LVJCYh34nD1CdHM5KtCMOH-SHD9kRV4tyOOT6ccYQPMmzIRLDfQjJcTYgjeAGeyO5ihPQuGJXLVbE\/s1600\/juzbado+ida+vitale.jpg\" style=\"margin-left: auto; margin-right: auto;\"><img loading=\"lazy\" decoding=\"async\" alt=\"Ida Vitale, premio Cervantes, Juzbado\" border=\"0\" data-original-height=\"676\" data-original-width=\"1200\" height=\"360\" src=\"https:\/\/blogger.googleusercontent.com\/img\/b\/R29vZ2xl\/AVvXsEiPWOQYFWUHc83Ynv6-D9Ux1UY5S-86S82QMb2MI_peJA-DwikY2kyrdKL31qb0j_LVJCYh34nD1CdHM5KtCMOH-SHD9kRV4tyOOT6ccYQPMmzIRLDfQjJcTYgjeAGeyO5ihPQuGJXLVbE\/s640\/juzbado+ida+vitale.jpg\" title=\"Ida Vitale, premio Cervantes, Juzbado\" width=\"640\" \/><\/a><\/td>\n<\/tr>\n<tr>\n<td style=\"text-align: center;\"><span style=\"font-family: &quot;arial&quot; , &quot;helvetica&quot; , sans-serif; font-size: small;\">La poeta Ida Vitale recibe el Premio Cervantes 2018 en la Universidad de Alcal\u00e1 de Henares el 23 de abril de 2019.<br \/>Foto:&nbsp;<a href=\"https:\/\/twitter.com\/UAHes\/status\/1120635392032673792\">https:\/\/twitter.com\/UAHes\/status\/1120635392032673792<\/a><\/span><\/td>\n<\/tr>\n<\/tbody>\n<\/table>\n<p>\n<a name='more'><\/a><\/p>\n<p><span style=\"font-size: large;\"><span style=\"font-family: &quot;arial&quot; , &quot;helvetica&quot; , sans-serif;\">En esta ocasi\u00f3n la invitada es la escritora uruguaya de 95 a\u00f1os, que estar\u00e1 en Juzbado el s\u00e1bado 27 de abril, coincidiendo con su visita a Espa\u00f1a para recibir el Premio Cervantes (acto que tendr\u00e1 lugar unos d\u00edas antes, el 23 de abril, en Alcal\u00e1 de Henares), <b>el galard\u00f3n m\u00e1s importante de las letras en espa\u00f1ol<\/b>.<b>&nbsp;<\/b><\/span><\/span><\/p>\n<p><span style=\"font-size: large;\"><span style=\"font-family: &quot;arial&quot; , &quot;helvetica&quot; , sans-serif;\"><b>Ida, estar\u00e1 en Juzbado a partir de las 18:00 h.<\/b>, ser\u00e1 cuando comencemos el paseo en busca de varias placas repartidas por nuestras calles con sus letras.&nbsp; Tras la lectura de cada unos de los poemas nos dirigiremos al sal\u00f3n de actos donde celebraremos otro acto literario y de encuentro con vecinos y amigos.<\/span><\/span><\/p>\n<p><span style=\"font-size: large;\"><span style=\"font-family: &quot;arial&quot; , &quot;helvetica&quot; , sans-serif;\">Este a\u00f1o contaremos con gran parte de su obra disponible en un stand espec\u00edfico para la ocasi\u00f3n.<\/span><\/span><\/div>\n<div style=\"text-align: justify;\">\n<div style=\"clear: both; text-align: center;\">\n<a href=\"https:\/\/blogger.googleusercontent.com\/img\/b\/R29vZ2xl\/AVvXsEjXnovOLJ-5FXJ34-b_N04Ab0kbKmfGi6MgZE3STqTtW5nHKF3sU6DDKO_TeIBimfbvCWKv_vT_y2x7HJC13M5EydRcoEUvmUuwrvOoiv28lUPbysJVes_CvfIbVL9WtIMofBTxy8EEa7I\/s1600\/JUZBADO+IDA+VITALE+2019+%2528WEB%2529.jpg\" style=\"margin-left: 1em; margin-right: 1em;\"><img loading=\"lazy\" decoding=\"async\" alt=\"Juzbado Libro abierto, Ida Vitale\" border=\"0\" data-original-height=\"1200\" data-original-width=\"848\" height=\"640\" src=\"https:\/\/blogger.googleusercontent.com\/img\/b\/R29vZ2xl\/AVvXsEjXnovOLJ-5FXJ34-b_N04Ab0kbKmfGi6MgZE3STqTtW5nHKF3sU6DDKO_TeIBimfbvCWKv_vT_y2x7HJC13M5EydRcoEUvmUuwrvOoiv28lUPbysJVes_CvfIbVL9WtIMofBTxy8EEa7I\/s640\/JUZBADO+IDA+VITALE+2019+%2528WEB%2529.jpg\" title=\"Juzbado Libro abierto, Ida Vitale\" width=\"452\" \/><\/a><\/div>\n<p><\/div>\n<div style=\"clear: both; text-align: center;\">\n<span style=\"font-size: large;\"><span style=\"font-family: &quot;arial&quot; , &quot;helvetica&quot; , sans-serif;\"><\/span><\/span><\/div>\n<div style=\"text-align: justify;\">\n<span style=\"font-size: large;\"><span style=\"font-family: &quot;arial&quot; , &quot;helvetica&quot; , sans-serif;\">Para comprender la dimensi\u00f3n literaria y humana de Vitale, os invitamos a leer esta breve biograf\u00eda.<\/span><\/span><\/p>\n<p><span style=\"font-size: large;\"><span style=\"font-family: &quot;arial&quot; , &quot;helvetica&quot; , sans-serif;\">Nacida en Montevideo (Uruguay) en 1923. Vitale es <b>una de las grandes poetas latinoamericanas<\/b> y la \u00faltima sobreviviente de la excepcional Generaci\u00f3n del 45, de la que formaron parte intelectuales destacados como Emir Rodr\u00edguez Monegal, \u00c1ngel Rama (su primer marido), Mario Benedetti, Carlos Maggi, Manuel Claps o Mar\u00eda In\u00e9s Silva, entre otros.<\/span><\/span><\/p>\n<p><span style=\"font-size: large;\"><span style=\"font-family: &quot;arial&quot; , &quot;helvetica&quot; , sans-serif;\">Poeta, ensayista, cr\u00edtica literaria y traductora, tiene numerosos reconocimientos, entre los que se encuentran el Premio Internacional Octavio Paz de Poes\u00eda y Ensayo (compartido con Ram\u00f3n Xirau) en 2009; el Premio al M\u00e9rito Cultural de la Ciudad de M\u00e9xico Carlos Monsivais y el Premio Internacional Alfonso Reyes, ambos en 2014; el Premio Reina Sof\u00eda de Poes\u00eda Iberoamericana, en 2015; el Premio Federico Garc\u00eda Lorca en 2016; el Premio Max Jacobs (Par\u00eds) en 2017; y el Premio de la Feria del Libro de Guadalajara, en 2018.<\/span><\/span><\/p>\n<p><span style=\"font-size: large;\"><span style=\"font-family: &quot;arial&quot; , &quot;helvetica&quot; , sans-serif;\">Autora de obras como \u2018La luz de esta memoria\u2019 y \u2018Procura de lo imposible\u2019, la obra de Ida Vitale muestra un lenguaje preciso, maleable, cargado de iron\u00edas y sutilezas, inteligente y con un fuerte influjo de Juan Ram\u00f3n Jim\u00e9nez, a quien la propia escritora considera su maestro en la poes\u00eda.<\/span><\/span><\/p>\n<p><span style=\"font-size: large;\"><span style=\"font-family: &quot;arial&quot; , &quot;helvetica&quot; , sans-serif;\">A lo largo de su vida Ida Vitale colabor\u00f3 con numerosas publicaciones peri\u00f3dicas, como el diario El Pa\u00eds, el semanario Marcha, la revista Clinamen (de la que fue codirectora), el semanario Jaque (del que fue despu\u00e9s directora de sus p\u00e1ginas culturales), las revistas Plural y Vuelta, o el diario El Sol y Diorama en la Cultura (suplemento cultural del Excelsior).<\/span><\/span><\/p>\n<p><span style=\"font-size: large;\"><span style=\"font-family: &quot;arial&quot; , &quot;helvetica&quot; , sans-serif;\">En su vida ech\u00f3 ra\u00edces en varios pa\u00edses. Empujada por la dictadura, emigr\u00f3 a M\u00e9xico (donde desarroll\u00f3 una intensa actividad literaria y fue docente de literatura del prestigioso El Colegio de M\u00e9xico); tambi\u00e9n vivi\u00f3 un tiempo en Par\u00eds (Francia) cursando una beca de estudios y, aunque regresa de forma peri\u00f3dica a Uruguay y M\u00e9xico, desde 1990 vive en Estados Unidos.<b>&nbsp;<\/b><\/span><\/span><\/p>\n<p><span style=\"font-size: large;\"><span style=\"font-family: &quot;arial&quot; , &quot;helvetica&quot; , sans-serif;\"><b>\u2018Juzbado, Libro Abierto\u2019<\/b>&nbsp;<\/span><\/span><\/p>\n<p><span style=\"font-size: large;\"><span style=\"font-family: &quot;arial&quot; , &quot;helvetica&quot; , sans-serif;\">En un intento de aunar la literatura con la naturaleza, Juzbado Libro Abierto inicia su trayectoria el 17 de mayo de 2008.&nbsp; En aquella primera ocasi\u00f3n el poeta leon\u00e9s afincado en Salamanca Antonio Colinas (Premio Nacional de Literatura 1982 y Premio Castilla Le\u00f3n de las Letras 1998 y Premio Reina Sofia de poes\u00eda Iberoamericana 2016) ley\u00f3 uno de sus poemas \u00abLa hora del agua\u00bb grabado en una placa situada en la Fuente Nueva, restaurada meses antes.<\/span><\/span><\/p>\n<p><span style=\"font-size: large;\"><span style=\"font-family: &quot;arial&quot; , &quot;helvetica&quot; , sans-serif;\">Desde entonces, en distintos rincones del pueblo van quedando colocadas placas con poemas grabados. Se trata de versos escritos por algunos de los m\u00e1s grandes poetas de la lengua espa\u00f1ola de Espa\u00f1a e Iberoam\u00e9rica. La idea fundamental, del gusto de los poetas a quienes hemos requerido, parte de un concepto inusualmente abierto a la lectura y, especialmente, de la poes\u00eda.&nbsp; Se trata de la manifestaci\u00f3n p\u00fablica m\u00e1s evidente del trabajo del ayuntamiento en la promoci\u00f3n de lectura, vincul\u00e1ndola con los espacios de \u00abestar\u00bb y de \u00abpasar\u00bb, permitiendo que los lectores-paseantes acaben tomando consciencia de una coherencia est\u00e9tica y literaria de su entorno.<\/span><\/span><\/p>\n<p><span style=\"font-size: large;\"><span style=\"font-family: &quot;arial&quot; , &quot;helvetica&quot; , sans-serif;\"><a href=\"https:\/\/juzbado.blogspot.com\/p\/libro-abierto.html\" target=\"_blank\">Aqu\u00ed pod\u00e9is consultar todas las ediciones anteriores.<\/a> <\/span><\/span><\/div>\n","protected":false},"excerpt":{"rendered":"<p>\u2018Juzbado Libro Abierto\u2019 escribir\u00e1 este mes de abril una de sus p\u00e1ginas literarias m\u00e1s destacadas, contando con la presencia de la poeta uruguaya Ida Vitale, Premio Cervantes 2018, y cuyos versos pasar\u00e1n a formar parte de nuestro legado literario al aire libre y en el que est\u00e1n impresos los poemas de todo un elenco de [&hellip;]<\/p>\n","protected":false},"author":2,"featured_media":0,"comment_status":"open","ping_status":"open","sticky":false,"template":"","format":"standard","meta":{"saved_in_kubio":false,"footnotes":""},"categories":[1],"tags":[],"class_list":["post-440","post","type-post","status-publish","format-standard","hentry","category-sin-categoria"],"_links":{"self":[{"href":"https:\/\/juzbado.es\/nuevaweb\/wp-json\/wp\/v2\/posts\/440","targetHints":{"allow":["GET"]}}],"collection":[{"href":"https:\/\/juzbado.es\/nuevaweb\/wp-json\/wp\/v2\/posts"}],"about":[{"href":"https:\/\/juzbado.es\/nuevaweb\/wp-json\/wp\/v2\/types\/post"}],"author":[{"embeddable":true,"href":"https:\/\/juzbado.es\/nuevaweb\/wp-json\/wp\/v2\/users\/2"}],"replies":[{"embeddable":true,"href":"https:\/\/juzbado.es\/nuevaweb\/wp-json\/wp\/v2\/comments?post=440"}],"version-history":[{"count":0,"href":"https:\/\/juzbado.es\/nuevaweb\/wp-json\/wp\/v2\/posts\/440\/revisions"}],"wp:attachment":[{"href":"https:\/\/juzbado.es\/nuevaweb\/wp-json\/wp\/v2\/media?parent=440"}],"wp:term":[{"taxonomy":"category","embeddable":true,"href":"https:\/\/juzbado.es\/nuevaweb\/wp-json\/wp\/v2\/categories?post=440"},{"taxonomy":"post_tag","embeddable":true,"href":"https:\/\/juzbado.es\/nuevaweb\/wp-json\/wp\/v2\/tags?post=440"}],"curies":[{"name":"wp","href":"https:\/\/api.w.org\/{rel}","templated":true}]}}