{"id":441,"date":"2019-04-15T11:48:00","date_gmt":"2019-04-15T09:48:00","guid":{"rendered":"http:\/\/juzbado.es\/nuevaweb\/2019\/04\/15\/continuan-los-trabajos-comunitarios\/"},"modified":"2019-04-15T11:48:00","modified_gmt":"2019-04-15T09:48:00","slug":"continuan-los-trabajos-comunitarios","status":"publish","type":"post","link":"https:\/\/juzbado.es\/nuevaweb\/2019\/04\/15\/continuan-los-trabajos-comunitarios\/","title":{"rendered":"CONTIN\u00daAN LOS TRABAJOS COMUNITARIOS"},"content":{"rendered":"<div style=\"text-align: justify;\">\n<span style=\"font-size: large;\"><span style=\"font-family: &quot;arial&quot; , &quot;helvetica&quot; , sans-serif;\"><b>Los trabajos comunitarios de Juzbado contin\u00faan a buen ritmo.<\/b><b>&nbsp;<\/b> El pasado s\u00e1bado 13 de abril celebramos un encuentro vecinal para consolidar definitivamente el nuevo espacio verde ubicado a la entrada del pueblo junto a la carretera de servicio de la SA-300.&nbsp; Las labores iniciadas ya el pasado d\u00eda 31 de Marzo dejaban entrever el muro perimetral de un paseo con m\u00e1s de 30 \u00e1rboles.&nbsp; En esta ocasi\u00f3n se continu\u00f3 levantando una pared de medio metro de altura con la ayuda de peque\u00f1os y mayores.&nbsp; La jornada comenz\u00f3 poco despu\u00e9s de las 10:00 h y transcurri\u00f3 entre risas, carretillas y refrigerios hasta pasada la una del mediod\u00eda.&nbsp; <b>Queremos destacar los escasos metros que quedan por levantar y el buen \u00e1nimo de los vecinos que participaron tanto en el acarreo y colocaci\u00f3n de piedras como en el de asistir los trabajos con bizcochos y dem\u00e1s manjares de extraordinario e indudable valor culinario<\/b>. &nbsp;<\/span><\/span><br \/>\n<span style=\"font-size: large;\"><span style=\"font-family: &quot;arial&quot; , &quot;helvetica&quot; , sans-serif;\"><a href=\"https:\/\/blogger.googleusercontent.com\/img\/b\/R29vZ2xl\/AVvXsEjuYc97HssWlPR6lz3EAEJS9X4s41Bk4HC088d6mXlq7DM0BnfsytQR17V79aKirOd-_AfreYEcY1sS9Xj3E-u1NJdTkov9e3W4KjfRAApw8rPtn6Xele2WWgIQhAd0agMtOlgQTJY_9lY\/s1600\/jubado+muro+de+piedra+13+abril+2019+%25281%2529+%2528WEB%2529.jpeg\" style=\"font-family: &quot;Times New Roman&quot;; margin-left: 1em; margin-right: 1em; text-align: center;\"><img loading=\"lazy\" decoding=\"async\" alt=\"Juzbado, trabajos comunitarios\" border=\"0\" data-original-height=\"900\" data-original-width=\"1600\" height=\"360\" src=\"https:\/\/blogger.googleusercontent.com\/img\/b\/R29vZ2xl\/AVvXsEjuYc97HssWlPR6lz3EAEJS9X4s41Bk4HC088d6mXlq7DM0BnfsytQR17V79aKirOd-_AfreYEcY1sS9Xj3E-u1NJdTkov9e3W4KjfRAApw8rPtn6Xele2WWgIQhAd0agMtOlgQTJY_9lY\/s640\/jubado+muro+de+piedra+13+abril+2019+%25281%2529+%2528WEB%2529.jpeg\" title=\"Juzbado, trabajos comunitarios\" width=\"640\" \/><\/a><\/span><\/span><\/div>\n<div style=\"text-align: justify;\">\n<br \/>\n<a name='more'><\/a><\/div>\n<div style=\"clear: both; text-align: center;\">\n<span style=\"font-size: large;\"><a href=\"https:\/\/blogger.googleusercontent.com\/img\/b\/R29vZ2xl\/AVvXsEg8Vnev5Swb48I22fi3wCM-hIc6E0twurc3Lmx6HAraL1SBzP1UPXqBk_lZ9pyFvGGWgBhIHSW1z4uj00cZNoq9CVTWsfWsH7DJ-WP_Tg0tneAI5m6n8wGusz2-BXUHuqjpOQwQEiUrKYo\/s1600\/jubado+muro+de+piedra+13+abril+2019+%25285%2529+%2528WEB%2529.jpeg\" style=\"margin-left: 1em; margin-right: 1em;\"><img loading=\"lazy\" decoding=\"async\" alt=\"Juzbado, trabajos comunitarios\" border=\"0\" data-original-height=\"900\" data-original-width=\"1600\" height=\"360\" src=\"https:\/\/blogger.googleusercontent.com\/img\/b\/R29vZ2xl\/AVvXsEg8Vnev5Swb48I22fi3wCM-hIc6E0twurc3Lmx6HAraL1SBzP1UPXqBk_lZ9pyFvGGWgBhIHSW1z4uj00cZNoq9CVTWsfWsH7DJ-WP_Tg0tneAI5m6n8wGusz2-BXUHuqjpOQwQEiUrKYo\/s640\/jubado+muro+de+piedra+13+abril+2019+%25285%2529+%2528WEB%2529.jpeg\" title=\"jUZBADO, Trabajos comunitarios\" width=\"640\" \/><\/a><\/span><\/div>\n<p><\/p>\n<div style=\"clear: both; text-align: center;\">\n<span style=\"font-size: large;\"><a href=\"https:\/\/blogger.googleusercontent.com\/img\/b\/R29vZ2xl\/AVvXsEhzRxcblndoFLTy-W09cZEDrmjif7WeEVGJm4mE7j2H4KDn3ocGOJYO5Fuf99SaCjOdysaDwF_5ueuInoIHdiFpKrLP9dD0B8pH9aVROGV6EKhDQRhW86T9I9SBKOE6gs0CN97IGYuLelY\/s1600\/jubado+muro+de+piedra+13+abril+2019+%25286%2529+%2528WEB%2529.jpeg\" style=\"margin-left: 1em; margin-right: 1em;\"><img loading=\"lazy\" decoding=\"async\" alt=\"Juzbado, trabajos comunitarios\" border=\"0\" data-original-height=\"900\" data-original-width=\"1600\" height=\"360\" src=\"https:\/\/blogger.googleusercontent.com\/img\/b\/R29vZ2xl\/AVvXsEhzRxcblndoFLTy-W09cZEDrmjif7WeEVGJm4mE7j2H4KDn3ocGOJYO5Fuf99SaCjOdysaDwF_5ueuInoIHdiFpKrLP9dD0B8pH9aVROGV6EKhDQRhW86T9I9SBKOE6gs0CN97IGYuLelY\/s640\/jubado+muro+de+piedra+13+abril+2019+%25286%2529+%2528WEB%2529.jpeg\" title=\"Juzbado, trabajos comunitarios\" width=\"640\" \/><\/a><\/span><\/div>\n<div style=\"clear: both; text-align: center;\">\n<\/div>\n<div style=\"clear: both; text-align: center;\">\n<span style=\"font-size: large;\"><a href=\"https:\/\/blogger.googleusercontent.com\/img\/b\/R29vZ2xl\/AVvXsEjVz6vHfZ7FDKTKfhHVsVuUhCHqUBjIC8BSbKDZdbYdpZKXniUIZbWsLwSe0aqBzpg6l5egaHvrfN5McP2dgI0YVxJ1Um-x_MaEaqnMnSXxcKhogr7LiEM97aacYxhqpf7qDp_wNY1f6FY\/s1600\/jubado+muro+de+piedra+13+abril+2019+%25283%2529+%2528WEB%2529.jpeg\" style=\"margin-left: 1em; margin-right: 1em;\"><img loading=\"lazy\" decoding=\"async\" alt=\"Juzbado, trabajos comunitarios\" border=\"0\" data-original-height=\"900\" data-original-width=\"1600\" height=\"360\" src=\"https:\/\/blogger.googleusercontent.com\/img\/b\/R29vZ2xl\/AVvXsEjVz6vHfZ7FDKTKfhHVsVuUhCHqUBjIC8BSbKDZdbYdpZKXniUIZbWsLwSe0aqBzpg6l5egaHvrfN5McP2dgI0YVxJ1Um-x_MaEaqnMnSXxcKhogr7LiEM97aacYxhqpf7qDp_wNY1f6FY\/s640\/jubado+muro+de+piedra+13+abril+2019+%25283%2529+%2528WEB%2529.jpeg\" title=\"Juzbado, trabajos comunitarios\" width=\"640\" \/><\/a><\/span><\/div>\n<div style=\"text-align: justify;\">\n<\/div>\n<p><span style=\"font-size: large;\"><span style=\"font-family: &quot;arial&quot; , &quot;helvetica&quot; , sans-serif;\">  <\/span><\/span><\/p>\n<div style=\"text-align: justify;\">\n<span style=\"font-size: large;\"><span style=\"font-family: &quot;arial&quot; , &quot;helvetica&quot; , sans-serif;\">Os adelantamos que posiblemente celebremos una \u00faltima sesi\u00f3n antes de los calores estivales.&nbsp; Ser\u00e1 la culminaci\u00f3n de una obra vecinal que disfrutaremos nosotros y las generaciones venideras. <\/span><\/span><\/div>\n","protected":false},"excerpt":{"rendered":"<p>Los trabajos comunitarios de Juzbado contin\u00faan a buen ritmo.&nbsp; El pasado s\u00e1bado 13 de abril celebramos un encuentro vecinal para consolidar definitivamente el nuevo espacio verde ubicado a la entrada del pueblo junto a la carretera de servicio de la SA-300.&nbsp; Las labores iniciadas ya el pasado d\u00eda 31 de Marzo dejaban entrever el muro [&hellip;]<\/p>\n","protected":false},"author":2,"featured_media":0,"comment_status":"open","ping_status":"open","sticky":false,"template":"","format":"standard","meta":{"saved_in_kubio":false,"footnotes":""},"categories":[1],"tags":[],"class_list":["post-441","post","type-post","status-publish","format-standard","hentry","category-sin-categoria"],"_links":{"self":[{"href":"https:\/\/juzbado.es\/nuevaweb\/wp-json\/wp\/v2\/posts\/441","targetHints":{"allow":["GET"]}}],"collection":[{"href":"https:\/\/juzbado.es\/nuevaweb\/wp-json\/wp\/v2\/posts"}],"about":[{"href":"https:\/\/juzbado.es\/nuevaweb\/wp-json\/wp\/v2\/types\/post"}],"author":[{"embeddable":true,"href":"https:\/\/juzbado.es\/nuevaweb\/wp-json\/wp\/v2\/users\/2"}],"replies":[{"embeddable":true,"href":"https:\/\/juzbado.es\/nuevaweb\/wp-json\/wp\/v2\/comments?post=441"}],"version-history":[{"count":0,"href":"https:\/\/juzbado.es\/nuevaweb\/wp-json\/wp\/v2\/posts\/441\/revisions"}],"wp:attachment":[{"href":"https:\/\/juzbado.es\/nuevaweb\/wp-json\/wp\/v2\/media?parent=441"}],"wp:term":[{"taxonomy":"category","embeddable":true,"href":"https:\/\/juzbado.es\/nuevaweb\/wp-json\/wp\/v2\/categories?post=441"},{"taxonomy":"post_tag","embeddable":true,"href":"https:\/\/juzbado.es\/nuevaweb\/wp-json\/wp\/v2\/tags?post=441"}],"curies":[{"name":"wp","href":"https:\/\/api.w.org\/{rel}","templated":true}]}}