{"id":444,"date":"2019-04-10T20:19:00","date_gmt":"2019-04-10T18:19:00","guid":{"rendered":"http:\/\/juzbado.es\/nuevaweb\/2019\/04\/10\/cultura-de-primavera-en-juzbado\/"},"modified":"2019-04-10T20:19:00","modified_gmt":"2019-04-10T18:19:00","slug":"cultura-de-primavera-en-juzbado","status":"publish","type":"post","link":"https:\/\/juzbado.es\/nuevaweb\/2019\/04\/10\/cultura-de-primavera-en-juzbado\/","title":{"rendered":"CULTURA DE PRIMAVERA EN JUZBADO"},"content":{"rendered":"<div style=\"line-height: normal; text-align: justify;\">\n<span style=\"font-size: large;\"><span style=\"font-family: &quot;arial&quot; , &quot;helvetica&quot; , sans-serif;\">Os presentamos a continuaci\u00f3n la programaci\u00f3n general de cultura para los meses de Abril y Mayo.&nbsp;&nbsp;A medida que transcurran los d\u00edas ofreceremos m\u00e1s detalles de cada una de las propuestas concretas.&nbsp;&nbsp; Contamos con todos vosotros.<\/span><\/span><\/div>\n<div style=\"line-height: normal; text-align: justify;\">\n<div style=\"clear: both; text-align: center;\">\n<a href=\"https:\/\/blogger.googleusercontent.com\/img\/b\/R29vZ2xl\/AVvXsEjzu6oGIe9S9-YCI5D827ajHNY5eUTeXImWfqbzZuDjip0hnY0bG3ymFeqTpsavboYjl8Iq5vulKWN2r2w1gXyTGzggJoAXqJ98MtqbbWVRvHV-DVbDv1N8TK8iLvrTmxNv9nCbaHZdbnY\/s1600\/banneer+recorte.jpg\" style=\"margin-left: 1em; margin-right: 1em;\"><img loading=\"lazy\" decoding=\"async\" alt=\"Juzbado, cultura primavera, 2019\" border=\"0\" data-original-height=\"726\" data-original-width=\"1240\" height=\"374\" src=\"https:\/\/blogger.googleusercontent.com\/img\/b\/R29vZ2xl\/AVvXsEjzu6oGIe9S9-YCI5D827ajHNY5eUTeXImWfqbzZuDjip0hnY0bG3ymFeqTpsavboYjl8Iq5vulKWN2r2w1gXyTGzggJoAXqJ98MtqbbWVRvHV-DVbDv1N8TK8iLvrTmxNv9nCbaHZdbnY\/s640\/banneer+recorte.jpg\" title=\"Juzbado, cultura primavera, 2019\" width=\"640\" \/><\/a><\/div>\n<p>\n<a name='more'><\/a><\/div>\n<div style=\"line-height: normal; text-align: justify;\">\n<span style=\"font-size: large;\"><span style=\"font-family: &quot;arial&quot; , &quot;helvetica&quot; , sans-serif;\"><b>S\u00c1BADO 13 de ABRiL: TRABAJOS COMUNiTARIOS.<\/b>&nbsp; Seguiremos construyendo la nueva zona verde junto a la v\u00eda de servicio de la carretera.&nbsp; Durante la primera jornada se avanz\u00f3 lo suficiente como para plantear ahora un segundo empuj\u00f3n y presentar definitivamente un nuevo espacio para el disfrute de todos los juzbadinos.&nbsp; Despu\u00e9s de comer queremos celebrar con los m\u00e1s peque\u00f1os un taller infantil titulado: \u201cHotel de insectos\u201d.&nbsp; Convocamos por lo tanto al pequeclub de Juzbado.<\/span><\/span><\/div>\n<div style=\"line-height: normal; text-align: justify;\">\n<\/div>\n<div style=\"line-height: normal; text-align: justify;\">\n<b style=\"font-family: arial, helvetica, sans-serif; font-size: x-large;\">MI\u00c9RCOLES 24 de ABRiL:<\/b><span style=\"font-family: &quot;arial&quot; , &quot;helvetica&quot; , sans-serif; font-size: large; text-transform: uppercase;\"><b> podcast Juzbado.<\/b>&nbsp; <\/span><span style=\"font-family: &quot;arial&quot; , &quot;helvetica&quot; , sans-serif; font-size: large;\">Tras las intensas grabaciones que se llevar\u00e1n a cabo durante mediados de Abril, presentaremos el primer Podcast de Juzbado con la colaboraci\u00f3n de vecinos y asociaciones. Si te interesa participar ponte en contacto con la Oficina de Desarrollo Local.<\/span><\/div>\n<div style=\"line-height: normal; text-align: justify;\">\n<\/div>\n<div style=\"line-height: normal; text-align: justify;\">\n<span style=\"font-size: large;\"><span style=\"font-family: &quot;arial&quot; , &quot;helvetica&quot; , sans-serif;\"><b>S\u00c1BADO 27 de ABRiL: IDA ViTALE ViSiTA JUZBADO.<\/b>&nbsp; Ida Vitale recibir\u00e1 el pr\u00f3ximo 23 de abril, fecha que celebra el D\u00eda Internacional del Libro, el Premio Cervantes 2018, en una ceremonia que estar\u00e1 presidida por los Reyes de Espa\u00f1a, Felipe VI y Leticia en Madrid.&nbsp; Queremos recordar que es adem\u00e1s una poeta galardonada con el Premio Reina Sof\u00eda en 2015.&nbsp; Estar\u00e1 con en Juzbado unos d\u00edas despu\u00e9s &nbsp;y, a pesar de su vida longeva, pasear\u00e1 junto a todos nosotros en busca de m\u00e1s letras entre nuestras calles y rincones.&nbsp; Ser\u00e1 sin duda una buena excusa para detenernos y dejarnos llevar por la poes\u00eda.<\/span><\/span><\/p>\n<p><span style=\"font-size: large;\"><span style=\"font-family: &quot;arial&quot; , &quot;helvetica&quot; , sans-serif;\"><b>S\u00c1BADO 11 DE MAYO: GRAN COCIDO.<\/b> La Asociaci\u00f3n de Mayores Sani Miguel Arc\u00e1ngel celebra el tradicional cocido en el sal\u00f3n de actos.&nbsp; Ser\u00e1 a partir de las 14:00 h. Ya&nbsp; amedia tarde la compa\u00f1\u00eda teatral Mar\u00eda Auxialiadora representar\u00e1 la obra: \u00abCuidado conlas personas formales\u00bb&nbsp; de Alfonso Paso.&nbsp; Para el cocido es necesario apuntarse antes del d\u00eda 7 en las listas colocadas en Bar Restaurante La Rosa y El Toral.<\/span><\/span><\/div>\n<div style=\"line-height: normal; text-align: justify;\">\n<\/div>\n<div style=\"line-height: normal; text-align: justify;\">\n<span style=\"font-size: large;\"><span style=\"font-family: &quot;arial&quot; , &quot;helvetica&quot; , sans-serif;\"><b>DOMiNGO 12 de MAYO: ENCUENTRO DE J\u00d3VENES.<\/b>&nbsp; Por primera vez se juntan j\u00f3venes de Villamayor y Juzbado.&nbsp; Ser\u00e1 un d\u00eda de mucha energ\u00eda y experiencias en com\u00fan.&nbsp; No sabemos qu\u00e9 resultar\u00e1 pero seguro que vale la pena. Est\u00e1n ya convocados nuestros j\u00f3venes como anfitriones.<\/span><\/span><\/div>\n<p><span style=\"font-size: large;\"><span style=\"font-family: &quot;arial&quot; , &quot;helvetica&quot; , sans-serif;\"><b>DOMINGO<\/b><\/span><\/span><span style=\"font-size: large;\"><span style=\"font-family: &quot;arial&quot; , &quot;helvetica&quot; , sans-serif;\"><b> 19 de MAYO: JORNADA DEL MUNDO RURAL.<\/b>&nbsp; En pocos d\u00edas os ofreceremos las novedades de este encuentro tan querido en la comarca.&nbsp; Sin duda es una oportunidad para conocernos mejor, compartir saberes y apuntalar nuestra vocaci\u00f3n vital y renovadora.<\/span><\/span><\/p>\n<div style=\"line-height: normal; text-align: justify;\">\n<\/div>\n<p><b>  <\/b><\/p>\n<div style=\"line-height: normal; text-align: justify;\">\n<span style=\"font-size: large;\"><span style=\"font-family: &quot;arial&quot; , &quot;helvetica&quot; , sans-serif;\"><b>LUNES 20 de MAYO: COMUNiCACI\u00d3N Y T\u00c9CNiCAS.<\/b>&nbsp; El Programa Provincia Universitaria en Juzbado nos trae a Alberto P\u00e9rez S\u00e1nchez, profesor de la Universidad de Salamanca para charlar en torno a las t\u00e9cnicas de comunicaci\u00f3n.<\/span><\/span><\/div>\n<p>\n<b style=\"font-family: arial, helvetica, sans-serif; font-size: x-large; text-align: justify;\">S\u00c1BADO 25 de MAYO: JORNADA ENTRE PLANTAS.<\/b><span style=\"font-family: &quot;arial&quot; , &quot;helvetica&quot; , sans-serif; font-size: large; text-align: justify;\">&nbsp; &nbsp;Como siempre lo haremos de la mano de los que mejor conocen nuestras plantas.&nbsp; Augusto Krause y Ana Gonz\u00e1lez-Garzo estar\u00e1n con nosotros a lo largo de toda la jornada y queremos seguir aprendiendo con ellos nuevos usos y an\u00e9cdotas bot\u00e1nicas.&nbsp; Ser\u00e1 sin lugar a dudas un buen momento para acercarse a la floraci\u00f3n primaveral.<\/span><\/p>\n","protected":false},"excerpt":{"rendered":"<p>Os presentamos a continuaci\u00f3n la programaci\u00f3n general de cultura para los meses de Abril y Mayo.&nbsp;&nbsp;A medida que transcurran los d\u00edas ofreceremos m\u00e1s detalles de cada una de las propuestas concretas.&nbsp;&nbsp; Contamos con todos vosotros. S\u00c1BADO 13 de ABRiL: TRABAJOS COMUNiTARIOS.&nbsp; Seguiremos construyendo la nueva zona verde junto a la v\u00eda de servicio de la [&hellip;]<\/p>\n","protected":false},"author":2,"featured_media":0,"comment_status":"open","ping_status":"open","sticky":false,"template":"","format":"standard","meta":{"saved_in_kubio":false,"footnotes":""},"categories":[1],"tags":[],"class_list":["post-444","post","type-post","status-publish","format-standard","hentry","category-sin-categoria"],"_links":{"self":[{"href":"https:\/\/juzbado.es\/nuevaweb\/wp-json\/wp\/v2\/posts\/444","targetHints":{"allow":["GET"]}}],"collection":[{"href":"https:\/\/juzbado.es\/nuevaweb\/wp-json\/wp\/v2\/posts"}],"about":[{"href":"https:\/\/juzbado.es\/nuevaweb\/wp-json\/wp\/v2\/types\/post"}],"author":[{"embeddable":true,"href":"https:\/\/juzbado.es\/nuevaweb\/wp-json\/wp\/v2\/users\/2"}],"replies":[{"embeddable":true,"href":"https:\/\/juzbado.es\/nuevaweb\/wp-json\/wp\/v2\/comments?post=444"}],"version-history":[{"count":0,"href":"https:\/\/juzbado.es\/nuevaweb\/wp-json\/wp\/v2\/posts\/444\/revisions"}],"wp:attachment":[{"href":"https:\/\/juzbado.es\/nuevaweb\/wp-json\/wp\/v2\/media?parent=444"}],"wp:term":[{"taxonomy":"category","embeddable":true,"href":"https:\/\/juzbado.es\/nuevaweb\/wp-json\/wp\/v2\/categories?post=444"},{"taxonomy":"post_tag","embeddable":true,"href":"https:\/\/juzbado.es\/nuevaweb\/wp-json\/wp\/v2\/tags?post=444"}],"curies":[{"name":"wp","href":"https:\/\/api.w.org\/{rel}","templated":true}]}}