{"id":448,"date":"2019-03-12T16:18:00","date_gmt":"2019-03-12T15:18:00","guid":{"rendered":"http:\/\/juzbado.es\/nuevaweb\/2019\/03\/12\/nos-ponemos-en-marcha\/"},"modified":"2019-03-12T16:18:00","modified_gmt":"2019-03-12T15:18:00","slug":"nos-ponemos-en-marcha","status":"publish","type":"post","link":"https:\/\/juzbado.es\/nuevaweb\/2019\/03\/12\/nos-ponemos-en-marcha\/","title":{"rendered":"NOS PONEMOS EN MARCHA"},"content":{"rendered":"<div style=\"text-align: justify;\">\n<span style=\"font-size: large;\"><span style=\"font-family: &quot;arial&quot; , &quot;helvetica&quot; , sans-serif;\">Un a\u00f1o m\u00e1s Juzbado se une a la campa\u00f1a estatal de limpieza de nuestros ecosistemas m\u00e1s representativos. En esta ocasi\u00f3n hemos organizado una sesi\u00f3n de limpieza en el r\u00edo Tormes y, para ello, recorreremos sus orillas en busca de peque\u00f1os residuos para su posterior dep\u00f3sito en los contenedores de colores de nuestras dos islas ecol\u00f3gicas.&nbsp; <b>Os convocamos el s\u00e1bado 16 a las 10:00 h. en la plaza<\/b>.&nbsp; Bajaremos al r\u00edo y tras el paseo volveremos al punto de partida.&nbsp; Se trata de la <a href=\"https:\/\/juzbado.blogspot.com\/2018\/06\/contra-la-basuraleza.html\" target=\"_blank\">segunda vez que participamos como ayuntamiento<\/a> y se trata de una campa\u00f1a que secundan muchos grupos, asociaciones, ONGs y otros ayuntamientos entre los d\u00edas 9 y 17 de Marzo en todo el pa\u00eds.<\/span><\/span><\/div>\n<div style=\"line-height: normal; mso-margin-bottom-alt: auto; mso-margin-top-alt: auto; text-align: justify;\">\n<\/div>\n<div style=\"line-height: normal; mso-margin-bottom-alt: auto; mso-margin-top-alt: auto; text-align: justify;\">\n<b><span style=\"font-size: large;\"><span style=\"font-family: &quot;arial&quot; , &quot;helvetica&quot; , sans-serif;\">Este es la primera de las convocatorias de trabajos comunitarios que os queremos proponer esta primavera.&nbsp; Estamos preparando&nbsp; ya un segundo encuentro del que os informaremos en breve.<\/span><\/span><\/b><\/div>\n<div style=\"line-height: normal; mso-margin-bottom-alt: auto; mso-margin-top-alt: auto; text-align: justify;\">\n<br \/>\n<a name='more'><\/a><\/div>\n<div style=\"clear: both; text-align: center;\">\n<a href=\"https:\/\/blogger.googleusercontent.com\/img\/b\/R29vZ2xl\/AVvXsEjCfXhqZA9CfDANT15zQSknMYcYbqD5TCb2c5b2gomtdkfZXmKo1yLPSHvipVs1csSIRWIXE2HbVCvgMhyphenhyphenfQjsXGSu-LzjNoburEGDyaQV5_JNL-ixjdwtEzClFcZuW99jOrlVtAp3JoiQ\/s1600\/LIBERA+JUZBADO+CARTEL+2019.jpg\" style=\"margin-left: 1em; margin-right: 1em;\"><img loading=\"lazy\" decoding=\"async\" border=\"0\" data-original-height=\"1600\" data-original-width=\"1132\" height=\"640\" src=\"https:\/\/blogger.googleusercontent.com\/img\/b\/R29vZ2xl\/AVvXsEjCfXhqZA9CfDANT15zQSknMYcYbqD5TCb2c5b2gomtdkfZXmKo1yLPSHvipVs1csSIRWIXE2HbVCvgMhyphenhyphenfQjsXGSu-LzjNoburEGDyaQV5_JNL-ixjdwtEzClFcZuW99jOrlVtAp3JoiQ\/s640\/LIBERA+JUZBADO+CARTEL+2019.jpg\" width=\"452\" \/><\/a><\/div>\n<div style=\"line-height: normal; mso-margin-bottom-alt: auto; mso-margin-top-alt: auto; text-align: justify;\">\n<\/div>\n<p><span style=\"font-size: large;\"><span style=\"font-family: &quot;arial&quot; , &quot;helvetica&quot; , sans-serif;\">  <\/span><\/span><\/p>\n<div style=\"line-height: normal; mso-margin-bottom-alt: auto; mso-margin-top-alt: auto; text-align: justify;\">\n<span style=\"font-size: large;\"><span style=\"font-family: &quot;arial&quot; , &quot;helvetica&quot; , sans-serif;\">El proyecto \u2018<a href=\"https:\/\/proyectolibera.org\/\" target=\"_blank\">LIBERA, naturaleza sin basura<\/a>\u2019 nace en el a\u00f1o 2017 para frenar las consecuencias&nbsp; de la basura abandonada en los espacios naturales, la basuraleza, en los diferentes ecosistemas espa\u00f1oles. Fue creado por la ONG ambiental decana de Espa\u00f1a, SEO\/BirdLife, en alianza con Ecoembes, la organizaci\u00f3n medioambiental sin \u00e1nimo de lucro que promueve la econom\u00eda circular a trav\u00e9s del reciclaje de los envases.<\/span><\/span><\/p>\n<\/div>\n<div style=\"text-align: justify;\">\n<span style=\"font-size: large;\"><span style=\"font-family: &quot;arial&quot; , &quot;helvetica&quot; , sans-serif;\">  <span style=\"line-height: 115%;\">El objetivo de esta iniciativa es concienciar y movilizar a la ciudadan\u00eda para mantener los espacios naturales libres de basura y que podamos, de esta manera, liberar mucha m\u00e1s vida en favor de la biodiversidad. Para ello, desde LIBERA planteamos un abordaje integral del problema, en tres ejes de acci\u00f3n: conocimiento, prevenci\u00f3n y participaci\u00f3n. <\/span><\/span><\/span><\/div>\n<p><span style=\"font-size: large;\"><span style=\"font-family: &quot;arial&quot; , &quot;helvetica&quot; , sans-serif;\"><span style=\"line-height: 115%;\"><\/span><\/span><\/span><\/p>\n","protected":false},"excerpt":{"rendered":"<p>Un a\u00f1o m\u00e1s Juzbado se une a la campa\u00f1a estatal de limpieza de nuestros ecosistemas m\u00e1s representativos. En esta ocasi\u00f3n hemos organizado una sesi\u00f3n de limpieza en el r\u00edo Tormes y, para ello, recorreremos sus orillas en busca de peque\u00f1os residuos para su posterior dep\u00f3sito en los contenedores de colores de nuestras dos islas ecol\u00f3gicas.&nbsp; [&hellip;]<\/p>\n","protected":false},"author":2,"featured_media":0,"comment_status":"open","ping_status":"open","sticky":false,"template":"","format":"standard","meta":{"saved_in_kubio":false,"footnotes":""},"categories":[1],"tags":[],"class_list":["post-448","post","type-post","status-publish","format-standard","hentry","category-sin-categoria"],"_links":{"self":[{"href":"https:\/\/juzbado.es\/nuevaweb\/wp-json\/wp\/v2\/posts\/448","targetHints":{"allow":["GET"]}}],"collection":[{"href":"https:\/\/juzbado.es\/nuevaweb\/wp-json\/wp\/v2\/posts"}],"about":[{"href":"https:\/\/juzbado.es\/nuevaweb\/wp-json\/wp\/v2\/types\/post"}],"author":[{"embeddable":true,"href":"https:\/\/juzbado.es\/nuevaweb\/wp-json\/wp\/v2\/users\/2"}],"replies":[{"embeddable":true,"href":"https:\/\/juzbado.es\/nuevaweb\/wp-json\/wp\/v2\/comments?post=448"}],"version-history":[{"count":0,"href":"https:\/\/juzbado.es\/nuevaweb\/wp-json\/wp\/v2\/posts\/448\/revisions"}],"wp:attachment":[{"href":"https:\/\/juzbado.es\/nuevaweb\/wp-json\/wp\/v2\/media?parent=448"}],"wp:term":[{"taxonomy":"category","embeddable":true,"href":"https:\/\/juzbado.es\/nuevaweb\/wp-json\/wp\/v2\/categories?post=448"},{"taxonomy":"post_tag","embeddable":true,"href":"https:\/\/juzbado.es\/nuevaweb\/wp-json\/wp\/v2\/tags?post=448"}],"curies":[{"name":"wp","href":"https:\/\/api.w.org\/{rel}","templated":true}]}}