{"id":449,"date":"2019-03-04T18:35:00","date_gmt":"2019-03-04T17:35:00","guid":{"rendered":"http:\/\/juzbado.es\/nuevaweb\/2019\/03\/04\/semana-de-la-mujer-en-juzbado\/"},"modified":"2019-03-04T18:35:00","modified_gmt":"2019-03-04T17:35:00","slug":"semana-de-la-mujer-en-juzbado","status":"publish","type":"post","link":"https:\/\/juzbado.es\/nuevaweb\/2019\/03\/04\/semana-de-la-mujer-en-juzbado\/","title":{"rendered":"SEMANA DE LA MUJER EN JUZBADO"},"content":{"rendered":"<div style=\"text-align: justify;\">\n<span style=\"font-size: large;\"><span style=\"font-family: &quot;arial&quot; , &quot;helvetica&quot; , sans-serif;\">El viernes 8 de marzo se celebra en <b>D\u00eda Internacional de la Mujer Trabajadora<\/b>. &nbsp;Con el lema &nbsp;\u201c<span>Pensemos en igualdad, construyamos con inteligencia, innovemos para el cambio\u201d, la <a href=\"https:\/\/juzbado.blogspot.com\/p\/asociaciones.html\" target=\"_blank\">Asociaci\u00f3n de Mujeres de Juzbado<\/a> nos invita a participar este a\u00f1o en una <b>lectura de \u201ctextos de mujer\u201d<\/b> y asistir a un <b>Caf\u00e9-Teatro<\/b>.&nbsp; Ser\u00e1 el viernes 8 de marzo a partir de las 19:15 h. en el sal\u00f3n de actos.&nbsp; Est\u00e1 previsto que a las 19:45 h. y, tras las lecturas abiertas a qui\u00e9n desee leer, &nbsp;comience el <b>espect\u00e1culo&nbsp; titulado \u201c\u00a1Despierta, ni\u00f1a, despierta!\u201d <\/b>que incluye un mon\u00f3logo de Franca Rame y Dar\u00edo Fo.<span style=\"line-height: 115%;\">Tiene una duraci\u00f3n aproximada de 50 minutos y consta de dos piezas breves, independientes pero interrelacionadas.&nbsp;&nbsp;<\/span><\/span><\/span><\/span><\/div>\n<div style=\"text-align: justify;\">\n<\/div>\n<div style=\"clear: both; text-align: center;\">\n<span style=\"font-size: large;\"><a href=\"https:\/\/blogger.googleusercontent.com\/img\/b\/R29vZ2xl\/AVvXsEhic-1Mc4UO5L6o3jOzX6whNYf-gQXgFtDKS0vc5uAV-390MsSTQ07x_YysgueVKEasWbwplWydxY2K9LunS4K_9x9HCQO8F9EuP6NyjsnJlCYLrkTmlbx7ZKbXYp60AjPsJK66VcKfoxY\/s1600\/D%25C3%258DA+DE+LA+MUJER_juzbado+2019.jpg\" style=\"clear: left; float: left; margin-bottom: 1em; margin-right: 1em;\"><img loading=\"lazy\" decoding=\"async\" alt=\"Juzbado, d\u00eda de la mujer 2019\" border=\"0\" data-original-height=\"1600\" data-original-width=\"1132\" height=\"320\" src=\"https:\/\/blogger.googleusercontent.com\/img\/b\/R29vZ2xl\/AVvXsEhic-1Mc4UO5L6o3jOzX6whNYf-gQXgFtDKS0vc5uAV-390MsSTQ07x_YysgueVKEasWbwplWydxY2K9LunS4K_9x9HCQO8F9EuP6NyjsnJlCYLrkTmlbx7ZKbXYp60AjPsJK66VcKfoxY\/s320\/D%25C3%258DA+DE+LA+MUJER_juzbado+2019.jpg\" title=\"Juzbado, d\u00eda de la mujer 2019\" width=\"225\" \/><\/a><\/span><\/div>\n<p><\/p>\n<div style=\"text-align: justify;\">\n<span style=\"font-size: large;\"><span style=\"font-family: &quot;arial&quot; , &quot;helvetica&quot; , sans-serif;\"><span><span style=\"line-height: 115%;\">La primera es un curioso y especial Programa Radiof\u00f3nico \u00aba la vista\u00bb (creado por Telara\u00f1a Teatro) dirigido a la mujer, en el que contrastan los t\u00f3picos machistas con una inesperada entrevista a Franca Rame, que es la autora, junto con Dar\u00edo Fo, de la segunda pieza, el mon\u00f3logo \u00abEl despertar\u00bb, en el que, como es habitual en estos autores, se refleja con mucho humor e iron\u00eda la rutina diaria de una mujer, trabajadora y madre, doblemente explotada en el trabajo y en casa. La interpretaci\u00f3n corre a cargo de Telara\u00f1a Teatro y est\u00e1 producido por Chirimbamba.&nbsp;&nbsp;<\/span><\/span><\/span><\/span><\/p>\n<p><span style=\"font-size: large;\"><span style=\"font-family: &quot;arial&quot; , &quot;helvetica&quot; , sans-serif;\"><span><span style=\"line-height: 115%;\">Desde aqu\u00ed trasladamos la invitaci\u00f3n que nos hace llegar la activa asociaci\u00f3n para acudir a esta cita en Juzbado. Recordamos que la propuesta est\u00e1 recomendada para ni\u00f1os mayores de 10 a\u00f1os.<\/span>&nbsp;<\/span><\/span><\/span><\/p>\n<div style=\"clear: both; text-align: center;\">\n<a href=\"https:\/\/blogger.googleusercontent.com\/img\/b\/R29vZ2xl\/AVvXsEgKqHwR0cJy1CAa_NUvEYnOGKs_PUDbSdTlF_izXDMben7vnum16CaOghEpeGZVoUjWIxRoy9nivCjLTqE1C5ojl9emky_4DZlVZKz8j4NRQpekUcKwyNHaAFFoQvL44H8pd1I-P88V8wA\/s1600\/Proyecci%25C3%25B3n+mujer+Rural+JUZBADO+%2528WEB%2529.jpg\" style=\"clear: left; float: left; margin-bottom: 1em; margin-right: 1em;\"><img loading=\"lazy\" decoding=\"async\" alt=\"Juzbado, mujer rural\" border=\"0\" data-original-height=\"1200\" data-original-width=\"856\" height=\"320\" src=\"https:\/\/blogger.googleusercontent.com\/img\/b\/R29vZ2xl\/AVvXsEgKqHwR0cJy1CAa_NUvEYnOGKs_PUDbSdTlF_izXDMben7vnum16CaOghEpeGZVoUjWIxRoy9nivCjLTqE1C5ojl9emky_4DZlVZKz8j4NRQpekUcKwyNHaAFFoQvL44H8pd1I-P88V8wA\/s320\/Proyecci%25C3%25B3n+mujer+Rural+JUZBADO+%2528WEB%2529.jpg\" title=\"Juzbado, mujer rural\" width=\"228\" \/><\/a><\/div>\n<p><span style=\"font-size: large;\"><span style=\"font-family: &quot;arial&quot; , &quot;helvetica&quot; , sans-serif;\"><span>Pero la celebraci\u00f3n del D\u00eda de la Mujer arranca el mi\u00e9rcoles 6 con una proyecci\u00f3n que no nos dejar\u00e1 indiferentes.&nbsp; Se trata del Videoforum que nos propone el <a href=\"http:\/\/colectivokhora.es\/\" target=\"_blank\">Colectivo Khora<\/a> en el marco del Laboratorio Rural acerca del <b>largometraje documental \u201c<\/b><a href=\"https:\/\/www.youtube.com\/watch?v=pffac2bUnF4\" target=\"_blank\">Mujer Rural, camino a la igualdad<\/a><b>\u201d<\/b> (duraci\u00f3n 50 min.).&nbsp; R<\/span>odado en nuestra provincia en el 2002, muestra el cambio de roles que han experimentado las mujeres de las zonas rurales.&nbsp; <b>Ser\u00e1 a las 19:00 h. en el sal\u00f3n de actos del Ayuntamiento de Juzbado<\/b>.<\/span><\/span><\/div>\n","protected":false},"excerpt":{"rendered":"<p>El viernes 8 de marzo se celebra en D\u00eda Internacional de la Mujer Trabajadora. &nbsp;Con el lema &nbsp;\u201cPensemos en igualdad, construyamos con inteligencia, innovemos para el cambio\u201d, la Asociaci\u00f3n de Mujeres de Juzbado nos invita a participar este a\u00f1o en una lectura de \u201ctextos de mujer\u201d y asistir a un Caf\u00e9-Teatro.&nbsp; Ser\u00e1 el viernes 8 [&hellip;]<\/p>\n","protected":false},"author":2,"featured_media":0,"comment_status":"open","ping_status":"open","sticky":false,"template":"","format":"standard","meta":{"saved_in_kubio":false,"footnotes":""},"categories":[1],"tags":[],"class_list":["post-449","post","type-post","status-publish","format-standard","hentry","category-sin-categoria"],"_links":{"self":[{"href":"https:\/\/juzbado.es\/nuevaweb\/wp-json\/wp\/v2\/posts\/449","targetHints":{"allow":["GET"]}}],"collection":[{"href":"https:\/\/juzbado.es\/nuevaweb\/wp-json\/wp\/v2\/posts"}],"about":[{"href":"https:\/\/juzbado.es\/nuevaweb\/wp-json\/wp\/v2\/types\/post"}],"author":[{"embeddable":true,"href":"https:\/\/juzbado.es\/nuevaweb\/wp-json\/wp\/v2\/users\/2"}],"replies":[{"embeddable":true,"href":"https:\/\/juzbado.es\/nuevaweb\/wp-json\/wp\/v2\/comments?post=449"}],"version-history":[{"count":0,"href":"https:\/\/juzbado.es\/nuevaweb\/wp-json\/wp\/v2\/posts\/449\/revisions"}],"wp:attachment":[{"href":"https:\/\/juzbado.es\/nuevaweb\/wp-json\/wp\/v2\/media?parent=449"}],"wp:term":[{"taxonomy":"category","embeddable":true,"href":"https:\/\/juzbado.es\/nuevaweb\/wp-json\/wp\/v2\/categories?post=449"},{"taxonomy":"post_tag","embeddable":true,"href":"https:\/\/juzbado.es\/nuevaweb\/wp-json\/wp\/v2\/tags?post=449"}],"curies":[{"name":"wp","href":"https:\/\/api.w.org\/{rel}","templated":true}]}}