{"id":450,"date":"2019-02-28T14:46:00","date_gmt":"2019-02-28T13:46:00","guid":{"rendered":"http:\/\/juzbado.es\/nuevaweb\/2019\/02\/28\/juzbado-en-el-congreso-nacional-de-medio-ambiente\/"},"modified":"2019-02-28T14:46:00","modified_gmt":"2019-02-28T13:46:00","slug":"juzbado-en-el-congreso-nacional-de-medio-ambiente","status":"publish","type":"post","link":"https:\/\/juzbado.es\/nuevaweb\/2019\/02\/28\/juzbado-en-el-congreso-nacional-de-medio-ambiente\/","title":{"rendered":"JUZBADO EN EL CONGRESO NACIONAL DE MEDIO AMBIENTE"},"content":{"rendered":"<div style=\"text-align: justify;\">\n<span style=\"font-family: &quot;arial&quot; , &quot;helvetica&quot; , sans-serif;\"><span style=\"font-size: large;\">Gracias al convenio de cooperaci\u00f3n educativa de pr\u00e1cticas acad\u00e9micas firmado en 2012 entre el Ayuntamiento de Juzbado y la Universidad de Salamanca, el verano pasado recibimos de nuevo a dos alumnos de la <a href=\"http:\/\/fcaa.usal.es\/\" target=\"_blank\">Facultad de Ciencias Agrarias y Ambientales<\/a> y la <a href=\"http:\/\/facultadciencias.usal.es\/?q=es\/node\/2\" target=\"_blank\">Facultad de Ciencias<\/a>.&nbsp; <b>Se trat\u00f3 de una estancia de un mes a lo largo del cual Desir\u00e9e Hern\u00e1ndez Montero y Adri\u00e1n P\u00e9rez Vicente <\/b>tuvieron ocasi\u00f3n de participar en nuestro quehacer municipal y, tambi\u00e9n, de conocer de cerca el funcionamiento del <a href=\"http:\/\/museodelafalla.blogspot.com\/\" target=\"_blank\">Museo de la Falla<\/a>.&nbsp; Las sustanciales labores realizadas por los dos j\u00f3venes alumnos -y que coordinamos conjuntamente desde la Oficina de Desarrollo Local y sendas facultades-, resultaron en <a href=\"https:\/\/museodelafalla.blogspot.com\/2018\/07\/el-museo-de-la-falla-crea-una-nueva-geo.html\" target=\"_blank\">varias publicaciones<\/a>, de las cu\u00e1les destacamos ahora algunas.<\/span><\/span><span style=\"mso-spacerun: yes;\"><span style=\"font-family: &quot;arial&quot; , &quot;helvetica&quot; , sans-serif;\"><span style=\"font-size: large;\">&nbsp;<\/span><\/span>&nbsp;<\/span><\/div>\n<div style=\"text-align: justify;\">\n<br \/>\n<a name='more'><\/a><\/div>\n<div style=\"text-align: justify;\">\n<span style=\"font-family: &quot;arial&quot; , &quot;helvetica&quot; , sans-serif;\"><span style=\"font-size: large;\"><b>El pasado noviembre presentamos dos comunicaciones t\u00e9cnicas con sello juzbadino en el Congreso Nacional de Medio Ambiente.<\/b>&nbsp; El <a href=\"http:\/\/www.conama2018.org\/web\/index.php?lang=es\" target=\"_blank\">CONAMA<\/a> es un foro que se celebra bianualmente en Madrid donde se comparten con toda la comunidad los progresos y avances en materia de Medio Ambiente y Desarrollo Sostenible en nuestro pa\u00eds. &nbsp;Los resultados de las investigaciones y trabajos realizados en nuestro municipio salmantino son el colof\u00f3n no solo del convenio de colaboraci\u00f3n y del trabajo de los alumnos, sino tambi\u00e9n de otras cuestiones que tienen que ver con nuestro modelo de desarrollo local.&nbsp; <\/span><\/span><\/div>\n<div style=\"text-align: justify;\">\n<\/div>\n<div style=\"text-align: justify;\">\n<span style=\"font-family: &quot;arial&quot; , &quot;helvetica&quot; , sans-serif;\"><span style=\"font-size: large;\">Queremos destacar aqu\u00ed por un lado el arte rural como plataforma de promoci\u00f3n de nuestro municipio y punto de partida de una de los trabajos presentados y, tambi\u00e9n, la cooperaci\u00f3n y solidaridad intracomunitarias, sea en forma de <a href=\"https:\/\/juzbado.blogspot.com\/2016\/11\/el-tormes-que-une.html\" target=\"_blank\">trabajos voluntarios<\/a> o <a href=\"https:\/\/juzbado.blogspot.com\/2018\/03\/la-colaboracion-vecinal-apuntala-un.html\" target=\"_blank\">iniciativas vecinales<\/a> que se realizan en Juzbado desde hace ya alg\u00fan tiempo.&nbsp; <b>De hecho, en alguna ocasi\u00f3n nos han trasladado felicitaciones por llevar a cabo iniciativas de \u00abciencia ciudadana\u00bb, en particular, por el novedoso mapeo colectivo del arbolado municipal en un pueblo de Castilla y Le\u00f3n.<\/b><\/span><\/span><\/div>\n<div style=\"text-align: justify;\">\n<\/div>\n<div style=\"text-align: justify;\">\n<span style=\"font-family: &quot;arial&quot; , &quot;helvetica&quot; , sans-serif;\"><span style=\"font-size: large;\"><b>Es por ello que las comunicaciones presentadas se titulan y se resumen de la siguiente manera<\/b> (clicad en el enlace para obtener m\u00e1s informaci\u00f3n de cada comunicaci\u00f3n). En breve estar\u00e1n expuestos en los espacios municipales.<\/span><\/span><\/div>\n<div style=\"text-align: justify;\">\n<\/div>\n<div style=\"text-align: justify;\">\n<a href=\"http:\/\/www.conama2018.org\/web\/generico.php?idpaginas=&amp;lang=es&amp;menu=438&amp;id=46&amp;op=view&amp;tipo=C\" target=\"_blank\"><span style=\"font-family: &quot;arial&quot; , &quot;helvetica&quot; , sans-serif;\"><span style=\"font-size: large;\"><b>HERRAMIENTAS DE REALIDAD AUMENTADA PARA UNA NUEVA MIRADA DEL MUNDO RURAL<\/b><\/span><\/span><\/a><span style=\"font-family: &quot;arial&quot; , &quot;helvetica&quot; , sans-serif;\"><i style=\"mso-bidi-font-style: normal;\">&nbsp;<\/i><\/span><\/div>\n<div>\n<\/div>\n<p><span style=\"font-family: &quot;arial&quot; , &quot;helvetica&quot; , sans-serif;\">  <\/span><\/p>\n<div>\n<a href=\"http:\/\/www.conama2018.org\/web\/generico.php?idpaginas=&amp;lang=es&amp;menu=438&amp;id=35&amp;op=view&amp;tipo=C\" target=\"_blank\"><span style=\"font-size: large;\"><span style=\"font-family: &quot;arial&quot; , &quot;helvetica&quot; , sans-serif;\"><b>PARTICIPACI\u00d3N Y ARBOLADO P\u00daBLICO EN EL MEDIO RURAL<\/b><\/span><\/span><\/a><\/div>\n<div>\n<\/div>\n<p><span style=\"font-family: &quot;arial&quot; , &quot;helvetica&quot; , sans-serif;\">  <\/span><\/p>\n<div style=\"clear: both; text-align: center;\">\n<a href=\"https:\/\/blogger.googleusercontent.com\/img\/b\/R29vZ2xl\/AVvXsEjpXQc-nu6n2cNajuobVcGnFI0LQ9ehmf_XOCe3WzoFlgh16odQnn-UlvwXfRJaopIf-7IknBjPb3EHSWi4FS0Rb1iUg3sY3A9KHJ9BCIHNKT-u10wlmidDjV1SVzqixobbdhrkqmVShC8\/s1600\/poster+juntos+banner.png\" style=\"margin-left: 1em; margin-right: 1em;\"><img loading=\"lazy\" decoding=\"async\" alt=\"Juzbado, CONAMA, Congreso Nacional de Medio AMbiente\" border=\"0\" data-original-height=\"1148\" data-original-width=\"1216\" height=\"604\" src=\"https:\/\/blogger.googleusercontent.com\/img\/b\/R29vZ2xl\/AVvXsEjpXQc-nu6n2cNajuobVcGnFI0LQ9ehmf_XOCe3WzoFlgh16odQnn-UlvwXfRJaopIf-7IknBjPb3EHSWi4FS0Rb1iUg3sY3A9KHJ9BCIHNKT-u10wlmidDjV1SVzqixobbdhrkqmVShC8\/s640\/poster+juntos+banner.png\" title=\"Juzbado, CONAMA, Congreso Nacional de Medio AMbiente\" width=\"640\" \/><\/a><\/div>\n<div style=\"text-align: justify;\">\n<\/div>\n","protected":false},"excerpt":{"rendered":"<p>Gracias al convenio de cooperaci\u00f3n educativa de pr\u00e1cticas acad\u00e9micas firmado en 2012 entre el Ayuntamiento de Juzbado y la Universidad de Salamanca, el verano pasado recibimos de nuevo a dos alumnos de la Facultad de Ciencias Agrarias y Ambientales y la Facultad de Ciencias.&nbsp; Se trat\u00f3 de una estancia de un mes a lo largo [&hellip;]<\/p>\n","protected":false},"author":2,"featured_media":0,"comment_status":"open","ping_status":"open","sticky":false,"template":"","format":"standard","meta":{"saved_in_kubio":false,"footnotes":""},"categories":[1],"tags":[],"class_list":["post-450","post","type-post","status-publish","format-standard","hentry","category-sin-categoria"],"_links":{"self":[{"href":"https:\/\/juzbado.es\/nuevaweb\/wp-json\/wp\/v2\/posts\/450","targetHints":{"allow":["GET"]}}],"collection":[{"href":"https:\/\/juzbado.es\/nuevaweb\/wp-json\/wp\/v2\/posts"}],"about":[{"href":"https:\/\/juzbado.es\/nuevaweb\/wp-json\/wp\/v2\/types\/post"}],"author":[{"embeddable":true,"href":"https:\/\/juzbado.es\/nuevaweb\/wp-json\/wp\/v2\/users\/2"}],"replies":[{"embeddable":true,"href":"https:\/\/juzbado.es\/nuevaweb\/wp-json\/wp\/v2\/comments?post=450"}],"version-history":[{"count":0,"href":"https:\/\/juzbado.es\/nuevaweb\/wp-json\/wp\/v2\/posts\/450\/revisions"}],"wp:attachment":[{"href":"https:\/\/juzbado.es\/nuevaweb\/wp-json\/wp\/v2\/media?parent=450"}],"wp:term":[{"taxonomy":"category","embeddable":true,"href":"https:\/\/juzbado.es\/nuevaweb\/wp-json\/wp\/v2\/categories?post=450"},{"taxonomy":"post_tag","embeddable":true,"href":"https:\/\/juzbado.es\/nuevaweb\/wp-json\/wp\/v2\/tags?post=450"}],"curies":[{"name":"wp","href":"https:\/\/api.w.org\/{rel}","templated":true}]}}