{"id":451,"date":"2019-02-26T12:24:00","date_gmt":"2019-02-26T11:24:00","guid":{"rendered":"http:\/\/juzbado.es\/nuevaweb\/2019\/02\/26\/nunca-es-tarde-para-las-aguedas\/"},"modified":"2019-02-26T12:24:00","modified_gmt":"2019-02-26T11:24:00","slug":"nunca-es-tarde-para-las-aguedas","status":"publish","type":"post","link":"https:\/\/juzbado.es\/nuevaweb\/2019\/02\/26\/nunca-es-tarde-para-las-aguedas\/","title":{"rendered":"NUNCA ES TARDE PARA LAS \u00c1GUEDAS"},"content":{"rendered":"<div style=\"text-align: justify;\">\n<span style=\"font-size: large;\"><span style=\"font-family: &quot;arial&quot; , &quot;helvetica&quot; , sans-serif;\">El pasado s\u00e1bado 23 de Febrero la <a href=\"http:\/\/juzbado.blogspot.com\/p\/asociaciones.html\" target=\"_blank\">Asociaci\u00f3n de Mujeres de Juzbado<\/a> celebr\u00f3 Las \u00c1guedas.&nbsp; La jornada comenz\u00f3 con una misa en honor a Santa \u00c1gueda, a cuya finalizaci\u00f3n siguieron unos bailes por las calles del pueblo.&nbsp; Tras un tiempo para la conversaci\u00f3n entre vecinos y amigos, m\u00e1s de 70 comensales se reunieron en el sal\u00f3n de actos del Ayuntamiento para degustar un men\u00fa a la altura de esta celebraci\u00f3n anual.&nbsp;&nbsp;<\/span><\/span><\/div>\n<div style=\"text-align: justify;\">\n<br \/>\n<a name='more'><\/a><\/div>\n<div style=\"text-align: justify;\">\n<span style=\"font-size: large;\"><span style=\"font-family: &quot;arial&quot; , &quot;helvetica&quot; , sans-serif;\"><b>Desde aqu\u00ed queremos felicitar a la Asociaci\u00f3n de Mujeres por sus propuestas y la sensibilidad con que aglutinan a todos los vecinos y amigos de Juzbado.<\/b> En breve presentar\u00e1n los actos de conmemoraci\u00f3n del D\u00eda 8 de Marzo.<\/span><\/span><\/div>\n<div style=\"text-align: justify;\">\n<\/div>\n<table align=\"center\" cellpadding=\"0\" cellspacing=\"0\" style=\"margin-left: auto; margin-right: auto; text-align: center;\">\n<tbody>\n<tr>\n<td style=\"text-align: center;\"><a href=\"https:\/\/blogger.googleusercontent.com\/img\/b\/R29vZ2xl\/AVvXsEjtEe25sSngvjaJRc1veNAz0Z_7kLO7u5Qc5tGZlOPZUyxU26sGrBK67TnFU1jp3FbF3da2O3DCj8xjYTUQmk1MmuAfGNygsnsq5ho5WO9ApimktcSs3QdikrbRR212RdxdRsYtRXgUjn8\/s1600\/IMG-20190223-WA0032-01.jpeg\" style=\"margin-left: auto; margin-right: auto;\"><img loading=\"lazy\" decoding=\"async\" alt=\"Juzbado, \u00e1guedas juzbado 2019\" border=\"0\" data-original-height=\"402\" data-original-width=\"716\" height=\"358\" src=\"https:\/\/blogger.googleusercontent.com\/img\/b\/R29vZ2xl\/AVvXsEjtEe25sSngvjaJRc1veNAz0Z_7kLO7u5Qc5tGZlOPZUyxU26sGrBK67TnFU1jp3FbF3da2O3DCj8xjYTUQmk1MmuAfGNygsnsq5ho5WO9ApimktcSs3QdikrbRR212RdxdRsYtRXgUjn8\/s640\/IMG-20190223-WA0032-01.jpeg\" title=\"Juzbado, \u00e1guedas juzbado 2019\" width=\"640\" \/><\/a><\/td>\n<\/tr>\n<tr>\n<td style=\"text-align: center;\"><span style=\"font-family: &quot;arial&quot; , &quot;helvetica&quot; , sans-serif;\">Los m\u00e1s peque\u00f1os \u00abbailan\u00bb la botella. Foto: C.P.P.<\/span><\/td>\n<\/tr>\n<\/tbody>\n<\/table>\n<div style=\"text-align: justify;\">\n<\/div>\n","protected":false},"excerpt":{"rendered":"<p>El pasado s\u00e1bado 23 de Febrero la Asociaci\u00f3n de Mujeres de Juzbado celebr\u00f3 Las \u00c1guedas.&nbsp; La jornada comenz\u00f3 con una misa en honor a Santa \u00c1gueda, a cuya finalizaci\u00f3n siguieron unos bailes por las calles del pueblo.&nbsp; Tras un tiempo para la conversaci\u00f3n entre vecinos y amigos, m\u00e1s de 70 comensales se reunieron en el [&hellip;]<\/p>\n","protected":false},"author":2,"featured_media":0,"comment_status":"open","ping_status":"open","sticky":false,"template":"","format":"standard","meta":{"saved_in_kubio":false,"footnotes":""},"categories":[1],"tags":[],"class_list":["post-451","post","type-post","status-publish","format-standard","hentry","category-sin-categoria"],"_links":{"self":[{"href":"https:\/\/juzbado.es\/nuevaweb\/wp-json\/wp\/v2\/posts\/451","targetHints":{"allow":["GET"]}}],"collection":[{"href":"https:\/\/juzbado.es\/nuevaweb\/wp-json\/wp\/v2\/posts"}],"about":[{"href":"https:\/\/juzbado.es\/nuevaweb\/wp-json\/wp\/v2\/types\/post"}],"author":[{"embeddable":true,"href":"https:\/\/juzbado.es\/nuevaweb\/wp-json\/wp\/v2\/users\/2"}],"replies":[{"embeddable":true,"href":"https:\/\/juzbado.es\/nuevaweb\/wp-json\/wp\/v2\/comments?post=451"}],"version-history":[{"count":0,"href":"https:\/\/juzbado.es\/nuevaweb\/wp-json\/wp\/v2\/posts\/451\/revisions"}],"wp:attachment":[{"href":"https:\/\/juzbado.es\/nuevaweb\/wp-json\/wp\/v2\/media?parent=451"}],"wp:term":[{"taxonomy":"category","embeddable":true,"href":"https:\/\/juzbado.es\/nuevaweb\/wp-json\/wp\/v2\/categories?post=451"},{"taxonomy":"post_tag","embeddable":true,"href":"https:\/\/juzbado.es\/nuevaweb\/wp-json\/wp\/v2\/tags?post=451"}],"curies":[{"name":"wp","href":"https:\/\/api.w.org\/{rel}","templated":true}]}}