{"id":455,"date":"2019-01-09T19:51:00","date_gmt":"2019-01-09T18:51:00","guid":{"rendered":"http:\/\/juzbado.es\/nuevaweb\/2019\/01\/09\/calendario-de-juzbado-2019\/"},"modified":"2019-01-09T19:51:00","modified_gmt":"2019-01-09T18:51:00","slug":"calendario-de-juzbado-2019","status":"publish","type":"post","link":"https:\/\/juzbado.es\/nuevaweb\/2019\/01\/09\/calendario-de-juzbado-2019\/","title":{"rendered":"CALENDARIO DE JUZBADO 2019"},"content":{"rendered":"<div style=\"text-align: justify;\">\n<span style=\"font-size: large;\"><span style=\"font-family: &quot;arial&quot; , &quot;helvetica&quot; , sans-serif;\">Un a\u00f1o m\u00e1s os presentamos el <b>Calendario de Juzbado 2019<\/b>.&nbsp; Como os coment\u00e1bamos en una <a href=\"https:\/\/juzbado.blogspot.com\/2018\/11\/colaboraciones-para-el-calendario-2019.html\" target=\"_blank\">comunicaci\u00f3n anterior<\/a>, y tras mucho pensarlo, este a\u00f1o el calendario retrata nuestro pueblo a trav\u00e9s del Reino vegetal con instant\u00e1neas <span lang=\"es\"><b>de \u00e1rboles, plantas y flores. &nbsp;<\/b>&nbsp;<\/span><\/span><\/span><\/p>\n<p><a name='more'><\/a><\/p>\n<p><span style=\"font-size: large;\"><span style=\"font-family: &quot;arial&quot; , &quot;helvetica&quot; , sans-serif;\"><span lang=\"es\"><a href=\"https:\/\/juzbado.blogspot.com\/2018\/11\/colaboraciones-para-el-calendario-2019.html\" target=\"_blank\">Nada m\u00e1s anunciar la convocatoria 2019<\/a>, l<\/span>as colaboraciones no se hicieron esperar y han sido de nuevo muy numerosas, quedando escasos huecos sin ilustrar. La mayor\u00eda son de Juzbado, pero otras proceden de pa\u00edses lejanos gracias a los viajes de nuestros vecinos viajeros y, tambi\u00e9n, de otras personas que nos han enviado fotograf\u00edas desde aquellos lugares donde residen.&nbsp; Destacan algunas fotos procedentes de Ecuador, Jap\u00f3n o EEUU pero tambi\u00e9n las tenemos del transcurrir de las estaciones en nuestro pueblo bajo diferentes las diferentes miradas de todos vosotros.<\/span><\/span><\/div>\n<div style=\"text-align: justify;\">\n<\/p>\n<table align=\"center\" cellpadding=\"0\" cellspacing=\"0\" style=\"margin-left: auto; margin-right: auto; text-align: center;\">\n<tbody>\n<tr>\n<td style=\"text-align: center;\"><a href=\"https:\/\/drive.google.com\/file\/d\/1NdYUyOi6ZF18PfYyQM-lT67T3_IwYD0F\/view\" style=\"margin-left: auto; margin-right: auto;\" target=\"_blank\"><img loading=\"lazy\" decoding=\"async\" alt=\"Juzbado, calendario 2019\" border=\"0\" data-original-height=\"1600\" data-original-width=\"1132\" height=\"640\" src=\"https:\/\/blogger.googleusercontent.com\/img\/b\/R29vZ2xl\/AVvXsEiVMxwUTIqBj48bflgHYVOf2RCVod_RFK_RDv2S-7Bz6hZ5feJfLhKU7KbUUOmAIaKI8Nsu45YXl7fndSpzKEITanWrdoFWKi9OQ3giZx1S1xQrqrCqmvf3teRa2oS5IDAMcONnSeCRdSY\/s640\/portada+calendario+juzbado+2019.jpg\" title=\"Juzbado, calendario 2019\" width=\"452\" \/><\/a><\/td>\n<\/tr>\n<tr>\n<td style=\"text-align: center;\"><span style=\"color: red;\"><span style=\"font-size: small;\"><span style=\"font-family: &quot;arial&quot; , &quot;helvetica&quot; , sans-serif;\"><b>CLICA EN LA FOTO PARA DESCARGAR VERSI\u00d3N EN PDF<\/b><\/span><\/span><\/span><\/td>\n<\/tr>\n<\/tbody>\n<\/table>\n<div style=\"clear: both; text-align: center;\">\n<span style=\"font-size: large;\"><span style=\"font-family: &quot;arial&quot; , &quot;helvetica&quot; , sans-serif;\"><\/span><\/span><\/div>\n<p><span style=\"font-size: large;\"><span style=\"font-family: &quot;arial&quot; , &quot;helvetica&quot; , sans-serif;\"><br \/>\n<\/span><\/span><\/div>\n<div style=\"text-align: justify;\">\n<span style=\"font-size: large;\"><span style=\"font-family: &quot;arial&quot; , &quot;helvetica&quot; , sans-serif;\"><\/p>\n<p><\/span><\/span><\/p>\n<div>\n<span style=\"font-size: large;\"><span style=\"font-family: &quot;arial&quot; , &quot;helvetica&quot; , sans-serif;\"><b>Este calendario de Juzbado 2019 ha sido posible gracias a la colaboraci\u00f3n del alumnado de las clases de inform\u00e1tica que lo ha concebido, dise\u00f1ado y elaborado.<\/b>&nbsp;<\/span><\/span><\/div>\n<div>\n<\/div>\n<div style=\"mso-pagination: none;\">\n<span style=\"font-size: large;\"><span style=\"font-family: &quot;arial&quot; , &quot;helvetica&quot; , sans-serif;\">Este calendario se distribuye gratuitamente y es la 4\u00aa edici\u00f3n&nbsp; de una propuesta&nbsp; de participaci\u00f3n vecinal. Se pueden recoger ejemplares hasta finalizar existencias en la Oficina de Desarrollo Local de Juzbado (primera planta del Ayuntamiento).&nbsp; Tambi\u00e9n hay una <a href=\"https:\/\/drive.google.com\/file\/d\/1NdYUyOi6ZF18PfYyQM-lT67T3_IwYD0F\/view\" target=\"_blank\">versi\u00f3n PDF.<\/a><\/span><\/span><\/div>\n<div style=\"mso-pagination: none;\">\n<\/div>\n<div style=\"mso-pagination: none;\">\n<\/div>\n<p><span style=\"font-size: medium;\"><span style=\"font-family: &quot;arial&quot; , &quot;helvetica&quot; , sans-serif;\"><!--[if !mso]>\n\n<![endif]--><!--[if pub]><xml>\n <b:Publication type=\"OplPub\" oty=\"68\" oh=\"256\">\n  <b:OhPrintBlock priv=\"30E\">281<\/b:OhPrintBlock>\n  <b:NuDefaultUnits priv=\"1004\">1<\/b:NuDefaultUnits>\n  <b:DptlPageDimensions type=\"OplPt\" priv=\"1211\">\n   <b:Xl priv=\"104\">7560000<\/b:Xl>\n   <b:Yl priv=\"204\">10692000<\/b:Yl>\n  <\/b:DptlPageDimensions>\n  <b:DxlDefaultTab priv=\"1504\">359410<\/b:DxlDefaultTab>\n  <b:OhGallery priv=\"180E\">259<\/b:OhGallery>\n  <b:OhFancyBorders priv=\"190E\">261<\/b:OhFancyBorders>\n  <b:OhCaptions priv=\"1A0E\">257<\/b:OhCaptions>\n  <b:OhQuillDoc priv=\"200E\">276<\/b:OhQuillDoc>\n  <b:OhMailMergeData priv=\"210E\">262<\/b:OhMailMergeData>\n  <b:OhColorScheme priv=\"220E\">279<\/b:OhColorScheme>\n  <b:DwNextUniqueO priv=\"2304\">1<\/b:DwNextUniqueOid>\n  <b:IdentGUID priv=\"2A07\">0``````````````````````<\/b:IdentGUID>\n  <b:DpgSpecial priv=\"2C03\">5<\/b:DpgSpecial>\n  <b:CTimesEdited priv=\"3C04\">1<\/b:CTimesEdited>\n  <b:NuDefaultUnitsEx priv=\"4104\">1<\/b:NuDefaultUnitsEx>\n  <b:OhImpositionEngine priv=\"440E\">285<\/b:OhImpositionEngine>\n <\/b:Publication>\n <b:PrinterInfo type=\"OplPrb\" oty=\"75\" oh=\"281\">\n  <b:OhColorSepBlock priv=\"30E\">282<\/b:OhColorSepBlock>\n  <b:OpmOutsidePrintMode priv=\"B04\">1<\/b:OpmOutsidePrintMode>\n  <b:FInitComplete priv=\"1400\">False<\/b:FInitComplete>\n  <b:DpiX priv=\"2203\">0<\/b:DpiX>\n  <b:DpiY priv=\"2303\">0<\/b:DpiY>\n  <b:DxlOverlap priv=\"2404\">0<\/b:DxlOverlap>\n  <b:DylOverlap priv=\"2504\">0<\/b:DylOverlap>\n <\/b:PrinterInfo>\n <b:ColorSeperationInfo type=\"OplCsb\" oty=\"79\" oh=\"282\">\n  <b:Plates type=\"OplCsp\" priv=\"214\">\n   <b:OplCsp type=\"OplCsp\" priv=\"11\">\n    <b:EcpPlate type=\"OplEcp\" priv=\"213\">\n     <b:Color priv=\"104\">-1<\/b:Color>\n    <\/b:EcpPlate>\n   <\/b:OplCsp>\n  <\/b:Plates>\n  <b:DzlOverprintMost priv=\"304\">304800<\/b:DzlOverprintMost>\n  <b:CprOverprintMin priv=\"404\">243<\/b:CprOverprintMin>\n  <b:FKeepawayTrap priv=\"700\">True<\/b:FKeepawayTrap>\n  <b:CprTrapMin1 priv=\"904\">128<\/b:CprTrapMin1>\n  <b:CprTrapMin2 priv=\"A04\">77<\/b:CprTrapMin2>\n  <b:CprKeepawayMin priv=\"B04\">255<\/b:CprKeepawayMin>\n  <b:DzlTrap priv=\"C04\">3175<\/b:DzlTrap>\n  <b:DzlIndTrap priv=\"D04\">3175<\/b:DzlIndTrap>\n  <b:PctCenterline priv=\"E04\">70<\/b:PctCenterline>\n  <b:FMarksRegistration priv=\"F00\">True<\/b:FMarksRegistration>\n  <b:FMarksJob priv=\"1000\">True<\/b:FMarksJob>\n  <b:FMarksDensity priv=\"1100\">True<\/b:FMarksDensity>\n  <b:FMarksColor priv=\"1200\">True<\/b:FMarksColor>\n  <b:FLineScreenDefault priv=\"1300\">True<\/b:FLineScreenDefault>\n <\/b:ColorSeperationInfo>\n <b:TextDocProperties type=\"OplDocq\" oty=\"91\" oh=\"276\">\n  <b:OhPlcqsb priv=\"20E\">278<\/b:OhPlcqsb>\n  <b:EcpSplitMenu type=\"OplEcp\" priv=\"A13\">\n   <b:Color>134217728<\/b:Color>\n  <\/b:EcpSplitMenu>\n <\/b:TextDocProperties>\n <b:StoryBlock type=\"OplPlcQsb\" oty=\"101\" oh=\"278\">\n  <b:IqsbMax priv=\"104\">1<\/b:IqsbMax>\n  <b:Rgqsb type=\"OplQsb\" priv=\"214\">\n   <b:OplQsb type=\"OplQsb\" priv=\"11\">\n    <b:Qs priv=\"104\">1<\/b:Qsid>\n    <b:TomfCopyfitBase priv=\"80B\">-9999996.000000<\/b:TomfCopyfitBase>\n    <b:TomfCopyfitBase2 priv=\"90B\">-9999996.000000<\/b:TomfCopyfitBase2>\n    <b:DzlHotZone priv=\"A04\">229870<\/b:DzlHotZone>\n   <\/b:OplQsb>\n  <\/b:Rgqsb>\n <\/b:StoryBlock>\n <b:ColorScheme type=\"OplSccm\" oty=\"92\" oh=\"279\">\n  <b:Cecp priv=\"104\">8<\/b:Cecp>\n  <b:Rgecp type=\"OplEcp\" priv=\"214\">\n   <b:OplEcp priv=\"F\">Empty<\/b:OplEcp>\n   <b:OplEcp type=\"OplEcp\" priv=\"111\">\n    <b:Color>16711680<\/b:Color>\n   <\/b:OplEcp>\n   <b:OplEcp type=\"OplEcp\" priv=\"211\">\n    <b:Color>52479<\/b:Color>\n   <\/b:OplEcp>\n   <b:OplEcp type=\"OplEcp\" priv=\"311\">\n    <b:Color>26367<\/b:Color>\n   <\/b:OplEcp>\n   <b:OplEcp type=\"OplEcp\" priv=\"411\">\n    <b:Color>13421772<\/b:Color>\n   <\/b:OplEcp>\n   <b:OplEcp type=\"OplEcp\" priv=\"511\">\n    <b:Color>16737792<\/b:Color>\n   <\/b:OplEcp>\n   <b:OplEcp type=\"OplEcp\" priv=\"611\">\n    <b:Color>13382502<\/b:Color>\n   <\/b:OplEcp>\n   <b:OplEcp type=\"OplEcp\" priv=\"711\">\n    <b:Color>16777215<\/b:Color>\n   <\/b:OplEcp>\n  <\/b:Rgecp>\n  <b:SzSchemeName priv=\"618\">Bluebird<\/b:SzSchemeName>\n <\/b:ColorScheme>\n <![if pub11]>\n <![endif]>\n<\/xml><![endif]--><!--[if pub]><xml>\n <b:Page type=\"OplPd\" oty=\"67\" oh=\"265\">\n  <b:PtlvOrigin type=\"OplPt\" priv=\"511\">\n   <b:Xl>22858575<\/b:Xl>\n   <b:Yl>22852950<\/b:Yl>\n  <\/b:PtlvOrigin>\n  <b:O priv=\"605\">(`@`````````<\/b:Oid>\n  <b:OhoplWebPageProps priv=\"90E\">266<\/b:OhoplWebPageProps>\n  <b:OhpdMaster priv=\"D0D\">263<\/b:OhpdMaster>\n  <b:PgtType priv=\"1004\">5<\/b:PgtType>\n  <b:PtlvOriginEx type=\"OplPt\" priv=\"1111\">\n   <b:Xl>110183775<\/b:Xl>\n   <b:Yl>110178150<\/b:Yl>\n  <\/b:PtlvOriginEx>\n <\/b:Page>\n<\/xml><![endif]--><!--[if gte mso 9]><xml>\n <o:shapedefaults v:ext=\"edit\" spidmax=\"3075\" fill=\"f\" fillcolor=\"white [7]\"\n  strokecolor=\"black [0]\">\n  <v:fill color=\"white [7]\" color2=\"white [7]\" on=\"f\"\/>\n  <v:stroke color=\"black [0]\" color2=\"white [7]\">\n   <o:left v:ext=\"view\" color=\"black [0]\" color2=\"white [7]\"\/>\n   <o:top v:ext=\"view\" color=\"black [0]\" color2=\"white [7]\"\/>\n   <o:right v:ext=\"view\" color=\"black [0]\" color2=\"white [7]\"\/>\n   <o:bottom v:ext=\"view\" color=\"black [0]\" color2=\"white [7]\"\/>\n   <o:column v:ext=\"view\" color=\"black [0]\" color2=\"white [7]\"\/>\n  <\/v:stroke>\n  <v:shadow color=\"#ccc [4]\"\/>\n  <v:textbox inset=\"2.88pt,2.88pt,2.88pt,2.88pt\"\/>\n  <o:colormenu v:ext=\"edit\" fillcolor=\"blue [1]\" strokecolor=\"black [0]\"\n   shadowcolor=\"#ccc [4]\"\/>\n <\/o:shapedefaults><o:shapelayout v:ext=\"edit\">\n  <o:idmap v:ext=\"edit\" data=\"1\"\/>\n <\/o:shapelayout><\/xml><![endif]--><br \/><\/span><\/span><\/div>\n","protected":false},"excerpt":{"rendered":"<p>Un a\u00f1o m\u00e1s os presentamos el Calendario de Juzbado 2019.&nbsp; Como os coment\u00e1bamos en una comunicaci\u00f3n anterior, y tras mucho pensarlo, este a\u00f1o el calendario retrata nuestro pueblo a trav\u00e9s del Reino vegetal con instant\u00e1neas de \u00e1rboles, plantas y flores. &nbsp;&nbsp; Nada m\u00e1s anunciar la convocatoria 2019, las colaboraciones no se hicieron esperar y han [&hellip;]<\/p>\n","protected":false},"author":2,"featured_media":0,"comment_status":"open","ping_status":"open","sticky":false,"template":"","format":"standard","meta":{"saved_in_kubio":false,"footnotes":""},"categories":[1],"tags":[],"class_list":["post-455","post","type-post","status-publish","format-standard","hentry","category-sin-categoria"],"_links":{"self":[{"href":"https:\/\/juzbado.es\/nuevaweb\/wp-json\/wp\/v2\/posts\/455","targetHints":{"allow":["GET"]}}],"collection":[{"href":"https:\/\/juzbado.es\/nuevaweb\/wp-json\/wp\/v2\/posts"}],"about":[{"href":"https:\/\/juzbado.es\/nuevaweb\/wp-json\/wp\/v2\/types\/post"}],"author":[{"embeddable":true,"href":"https:\/\/juzbado.es\/nuevaweb\/wp-json\/wp\/v2\/users\/2"}],"replies":[{"embeddable":true,"href":"https:\/\/juzbado.es\/nuevaweb\/wp-json\/wp\/v2\/comments?post=455"}],"version-history":[{"count":0,"href":"https:\/\/juzbado.es\/nuevaweb\/wp-json\/wp\/v2\/posts\/455\/revisions"}],"wp:attachment":[{"href":"https:\/\/juzbado.es\/nuevaweb\/wp-json\/wp\/v2\/media?parent=455"}],"wp:term":[{"taxonomy":"category","embeddable":true,"href":"https:\/\/juzbado.es\/nuevaweb\/wp-json\/wp\/v2\/categories?post=455"},{"taxonomy":"post_tag","embeddable":true,"href":"https:\/\/juzbado.es\/nuevaweb\/wp-json\/wp\/v2\/tags?post=455"}],"curies":[{"name":"wp","href":"https:\/\/api.w.org\/{rel}","templated":true}]}}