{"id":457,"date":"2018-12-23T11:30:00","date_gmt":"2018-12-23T10:30:00","guid":{"rendered":"http:\/\/juzbado.es\/nuevaweb\/2018\/12\/23\/concierto-de-navidad-2\/"},"modified":"2018-12-23T11:30:00","modified_gmt":"2018-12-23T10:30:00","slug":"concierto-de-navidad-2","status":"publish","type":"post","link":"https:\/\/juzbado.es\/nuevaweb\/2018\/12\/23\/concierto-de-navidad-2\/","title":{"rendered":"CONCIERTO DE NAVIDAD"},"content":{"rendered":"<div style=\"text-align: justify;\">\n<span style=\"font-size: large;\"><span style=\"font-family: &quot;arial&quot; , &quot;helvetica&quot; , sans-serif;\">El s\u00e1bado 22 de Diciembre celebramos en Juzbado el comienzo de la navidad con el tradicional concierto en nuestra iglesia parroquial que, en esta ocasi\u00f3n, cont\u00f3 con la presencia de la <span style=\"color: black;\"><a data-saferedirecturl=\"https:\/\/www.google.com\/url?q=http:\/\/juzbado.blogspot.com\/2018\/12\/aguinaldo-y-concierto-de-navidad.html&amp;source=gmail&amp;ust=1547547823168000&amp;usg=AFQjCNHrTD7f10lVXlCJAfBbfCNQW3IRew\" href=\"https:\/\/www.blogger.com\/null\" target=\"_blank\">joven agrupaci\u00f3n <b>Coro Merak\u00ef <\/b><\/a><\/span>(Escuela de M\u00fasica Sirinx). Compartimos algunas fotos de uno de nuestros conciertos m\u00e1s queridos del a\u00f1o y al que acudieron casi un centenar de personas.<\/span><\/span><\/div>\n<div style=\"text-align: justify;\">\n<br \/>\n<a name='more'><\/a><\/div>\n<div style=\"clear: both; text-align: center;\">\n<a href=\"https:\/\/blogger.googleusercontent.com\/img\/b\/R29vZ2xl\/AVvXsEgYUnu1Fmjd8Hvl_0BTBLwvJm0OMN1_b6WGd1hT1xET7AS1_Fu7lxuRzwAmG7VhAhK8kV-e6GJHsuFw4raAXtXm-IkyDjdpYNnoeFEEemn-wnWRQqwLHgn_97GuayEbRMpi9qv8r8TYt64\/s1600\/concierto+navidad+2018+snapseed+juzbado+%25281%2529+%2528WEB%2529.jpeg\" style=\"margin-left: 1em; margin-right: 1em;\"><img loading=\"lazy\" decoding=\"async\" alt=\"Juzbado, Concierto de Navidad 2018, Coro Meraki, Escuela de M\u00fasica Sirinx\" border=\"0\" data-original-height=\"1002\" data-original-width=\"1600\" height=\"400\" src=\"https:\/\/blogger.googleusercontent.com\/img\/b\/R29vZ2xl\/AVvXsEgYUnu1Fmjd8Hvl_0BTBLwvJm0OMN1_b6WGd1hT1xET7AS1_Fu7lxuRzwAmG7VhAhK8kV-e6GJHsuFw4raAXtXm-IkyDjdpYNnoeFEEemn-wnWRQqwLHgn_97GuayEbRMpi9qv8r8TYt64\/s640\/concierto+navidad+2018+snapseed+juzbado+%25281%2529+%2528WEB%2529.jpeg\" title=\"Juzbado, Concierto de Navidad 2018, Coro Meraki, Escuela de M\u00fasica Sirinx\" width=\"640\" \/><\/a><\/div>\n<p><\/p>\n<div style=\"clear: both; text-align: center;\">\n<a href=\"https:\/\/blogger.googleusercontent.com\/img\/b\/R29vZ2xl\/AVvXsEgZWlESZnH9bzsav_nkEoPpofwz51RoKIIAkpQS_907gqtFeXCpWUxpUh6n2vi_RrkgD5oz_VruOVz2y93_J96iP460z2eQIxJwrBvaHK7LcexBKiXOsDmF4ao64xQitnLqCvVnLAE_p1Y\/s1600\/concierto+navidad+2018+snapseed+juzbado+%25285%2529+%2528WEB%2529.jpeg\" style=\"margin-left: 1em; margin-right: 1em;\"><img loading=\"lazy\" decoding=\"async\" alt=\"Juzbado, Concierto de Navidad 2018, Coro Meraki, Escuela de M\u00fasica Sirinx\" border=\"0\" data-original-height=\"900\" data-original-width=\"1600\" height=\"360\" src=\"https:\/\/blogger.googleusercontent.com\/img\/b\/R29vZ2xl\/AVvXsEgZWlESZnH9bzsav_nkEoPpofwz51RoKIIAkpQS_907gqtFeXCpWUxpUh6n2vi_RrkgD5oz_VruOVz2y93_J96iP460z2eQIxJwrBvaHK7LcexBKiXOsDmF4ao64xQitnLqCvVnLAE_p1Y\/s640\/concierto+navidad+2018+snapseed+juzbado+%25285%2529+%2528WEB%2529.jpeg\" title=\"Juzbado, Concierto de Navidad 2018, Coro Meraki, Escuela de M\u00fasica Sirinx\" width=\"640\" \/><\/a><\/div>\n<p><\/p>\n<div style=\"clear: both; text-align: center;\">\n<a href=\"https:\/\/blogger.googleusercontent.com\/img\/b\/R29vZ2xl\/AVvXsEjdSMxRIOFA1WzEvZpeQnD2xgGGzVTPCpQr4e_PXDw_Z8h1e7xDmrb7buU7zIpToXFhXWoFByIXnKNV2ZItcaqq43VN9NPq1UBPm76Qq5NEN0AAv2-9u15TGAd6uqEHSWBMVAKpcZHmNL8\/s1600\/concierto+navidad+2018+snapseed+juzbado+%25286%2529+%2528WEB%2529.jpeg\" style=\"margin-left: 1em; margin-right: 1em;\"><img loading=\"lazy\" decoding=\"async\" alt=\"Juzbado, Concierto de Navidad 2018, Coro Meraki, Escuela de M\u00fasica Sirinx\" border=\"0\" data-original-height=\"900\" data-original-width=\"1600\" height=\"360\" src=\"https:\/\/blogger.googleusercontent.com\/img\/b\/R29vZ2xl\/AVvXsEjdSMxRIOFA1WzEvZpeQnD2xgGGzVTPCpQr4e_PXDw_Z8h1e7xDmrb7buU7zIpToXFhXWoFByIXnKNV2ZItcaqq43VN9NPq1UBPm76Qq5NEN0AAv2-9u15TGAd6uqEHSWBMVAKpcZHmNL8\/s640\/concierto+navidad+2018+snapseed+juzbado+%25286%2529+%2528WEB%2529.jpeg\" title=\"Juzbado, Concierto de Navidad 2018, Coro Meraki, Escuela de M\u00fasica Sirinx\" width=\"640\" \/><\/a><\/div>\n","protected":false},"excerpt":{"rendered":"<p>El s\u00e1bado 22 de Diciembre celebramos en Juzbado el comienzo de la navidad con el tradicional concierto en nuestra iglesia parroquial que, en esta ocasi\u00f3n, cont\u00f3 con la presencia de la joven agrupaci\u00f3n Coro Merak\u00ef (Escuela de M\u00fasica Sirinx). Compartimos algunas fotos de uno de nuestros conciertos m\u00e1s queridos del a\u00f1o y al que acudieron [&hellip;]<\/p>\n","protected":false},"author":2,"featured_media":0,"comment_status":"open","ping_status":"open","sticky":false,"template":"","format":"standard","meta":{"saved_in_kubio":false,"footnotes":""},"categories":[1],"tags":[],"class_list":["post-457","post","type-post","status-publish","format-standard","hentry","category-sin-categoria"],"_links":{"self":[{"href":"https:\/\/juzbado.es\/nuevaweb\/wp-json\/wp\/v2\/posts\/457","targetHints":{"allow":["GET"]}}],"collection":[{"href":"https:\/\/juzbado.es\/nuevaweb\/wp-json\/wp\/v2\/posts"}],"about":[{"href":"https:\/\/juzbado.es\/nuevaweb\/wp-json\/wp\/v2\/types\/post"}],"author":[{"embeddable":true,"href":"https:\/\/juzbado.es\/nuevaweb\/wp-json\/wp\/v2\/users\/2"}],"replies":[{"embeddable":true,"href":"https:\/\/juzbado.es\/nuevaweb\/wp-json\/wp\/v2\/comments?post=457"}],"version-history":[{"count":0,"href":"https:\/\/juzbado.es\/nuevaweb\/wp-json\/wp\/v2\/posts\/457\/revisions"}],"wp:attachment":[{"href":"https:\/\/juzbado.es\/nuevaweb\/wp-json\/wp\/v2\/media?parent=457"}],"wp:term":[{"taxonomy":"category","embeddable":true,"href":"https:\/\/juzbado.es\/nuevaweb\/wp-json\/wp\/v2\/categories?post=457"},{"taxonomy":"post_tag","embeddable":true,"href":"https:\/\/juzbado.es\/nuevaweb\/wp-json\/wp\/v2\/tags?post=457"}],"curies":[{"name":"wp","href":"https:\/\/api.w.org\/{rel}","templated":true}]}}