{"id":46,"date":"2024-07-24T11:24:00","date_gmt":"2024-07-24T09:24:00","guid":{"rendered":"http:\/\/juzbado.es\/nuevaweb\/2024\/07\/24\/visita-vecinal-al-balneario\/"},"modified":"2024-07-24T11:24:00","modified_gmt":"2024-07-24T09:24:00","slug":"visita-vecinal-al-balneario","status":"publish","type":"post","link":"https:\/\/juzbado.es\/nuevaweb\/2024\/07\/24\/visita-vecinal-al-balneario\/","title":{"rendered":"VISITA VECINAL AL BALNEARIO"},"content":{"rendered":"<p style=\"text-align: justify;\"><span style=\"font-family: arial; font-size: medium;\">En el marco de la <a href=\"https:\/\/juzbado.blogspot.com\/2024\/07\/verano-en-juzbado.html\" target=\"_blank\">programaci\u00f3n cultural y participativa de verano<\/a>, os proponemos tambi\u00e9n disfrutar de un recurso que est\u00e1 bien cerca de Juzbado. Estamos hablando del <a href=\"https:\/\/balnearioledesma.com\/\" target=\"_blank\">Balneario de Los Ba\u00f1os de Ledesma<\/a>.&nbsp; Os proponemos un circuito termal con comida para el jueves 22 de agosto.&nbsp; Ser\u00e1 seg\u00fan los siguientes requisitos que mostramos m\u00e1s abajo:<\/span><\/p>\n<p style=\"text-align: justify;\"><span style=\"font-family: arial; font-size: medium;\"><\/span><\/p>\n<div style=\"clear: both; text-align: center;\"><span style=\"font-family: arial; font-size: medium;\"><a href=\"https:\/\/blogger.googleusercontent.com\/img\/b\/R29vZ2xl\/AVvXsEgYzBwHQkO4VpIbc3dzrdHZ9BMEt2RylAdaVyaflfr6XmI9c2xYqdG2BOerup0lyXf5rvWKEJwKW2K-jqEPz2AQuMrQKZRP5qbdfjTPJf1YfH4i87jB4HL30qCizFJG3Lg-iufuvME6zZfK2VsUUs4t_C_gmx-JkyAG0IcU98jiYezxRQcFuFILgJkE2dA\/s1600\/WhatsApp%20Image%202024-07-24%20at%2010.46.55.jpeg\" style=\"margin-left: 1em; margin-right: 1em;\"><img loading=\"lazy\" decoding=\"async\" alt=\"Juzbado, balneario de Ledesma, verano 2024\" border=\"0\" data-original-height=\"1600\" data-original-width=\"1600\" height=\"640\" src=\"https:\/\/blogger.googleusercontent.com\/img\/b\/R29vZ2xl\/AVvXsEgYzBwHQkO4VpIbc3dzrdHZ9BMEt2RylAdaVyaflfr6XmI9c2xYqdG2BOerup0lyXf5rvWKEJwKW2K-jqEPz2AQuMrQKZRP5qbdfjTPJf1YfH4i87jB4HL30qCizFJG3Lg-iufuvME6zZfK2VsUUs4t_C_gmx-JkyAG0IcU98jiYezxRQcFuFILgJkE2dA\/w640-h640\/WhatsApp%20Image%202024-07-24%20at%2010.46.55.jpeg\" title=\"Juzbado, balneario de Ledesma, verano 2024\" width=\"640\" \/><\/a><\/span><\/div>\n<p><span style=\"font-family: arial; font-size: medium;\">&nbsp;<\/span><\/p>\n","protected":false},"excerpt":{"rendered":"<p>En el marco de la programaci\u00f3n cultural y participativa de verano, os proponemos tambi\u00e9n disfrutar de un recurso que est\u00e1 bien cerca de Juzbado. Estamos hablando del Balneario de Los Ba\u00f1os de Ledesma.&nbsp; Os proponemos un circuito termal con comida para el jueves 22 de agosto.&nbsp; Ser\u00e1 seg\u00fan los siguientes requisitos que mostramos m\u00e1s abajo: [&hellip;]<\/p>\n","protected":false},"author":2,"featured_media":0,"comment_status":"open","ping_status":"open","sticky":false,"template":"","format":"standard","meta":{"saved_in_kubio":false,"footnotes":""},"categories":[131,128,135,142],"tags":[],"class_list":["post-46","post","type-post","status-publish","format-standard","hentry","category-balneario-banos-de-ledesma","category-balneario-de-ledesma","category-verano-2024","category-verano-cultural"],"_links":{"self":[{"href":"https:\/\/juzbado.es\/nuevaweb\/wp-json\/wp\/v2\/posts\/46","targetHints":{"allow":["GET"]}}],"collection":[{"href":"https:\/\/juzbado.es\/nuevaweb\/wp-json\/wp\/v2\/posts"}],"about":[{"href":"https:\/\/juzbado.es\/nuevaweb\/wp-json\/wp\/v2\/types\/post"}],"author":[{"embeddable":true,"href":"https:\/\/juzbado.es\/nuevaweb\/wp-json\/wp\/v2\/users\/2"}],"replies":[{"embeddable":true,"href":"https:\/\/juzbado.es\/nuevaweb\/wp-json\/wp\/v2\/comments?post=46"}],"version-history":[{"count":0,"href":"https:\/\/juzbado.es\/nuevaweb\/wp-json\/wp\/v2\/posts\/46\/revisions"}],"wp:attachment":[{"href":"https:\/\/juzbado.es\/nuevaweb\/wp-json\/wp\/v2\/media?parent=46"}],"wp:term":[{"taxonomy":"category","embeddable":true,"href":"https:\/\/juzbado.es\/nuevaweb\/wp-json\/wp\/v2\/categories?post=46"},{"taxonomy":"post_tag","embeddable":true,"href":"https:\/\/juzbado.es\/nuevaweb\/wp-json\/wp\/v2\/tags?post=46"}],"curies":[{"name":"wp","href":"https:\/\/api.w.org\/{rel}","templated":true}]}}