{"id":463,"date":"2018-11-20T13:13:00","date_gmt":"2018-11-20T12:13:00","guid":{"rendered":"http:\/\/juzbado.es\/nuevaweb\/2018\/11\/20\/colaboraciones-para-el-calendario-2019\/"},"modified":"2018-11-20T13:13:00","modified_gmt":"2018-11-20T12:13:00","slug":"colaboraciones-para-el-calendario-2019","status":"publish","type":"post","link":"https:\/\/juzbado.es\/nuevaweb\/2018\/11\/20\/colaboraciones-para-el-calendario-2019\/","title":{"rendered":"COLABORACIONES PARA EL CALENDARIO 2019"},"content":{"rendered":"<div style=\"mso-pagination: none; text-align: justify; text-align: justify; text-justify: newspaper; text-justify: newspaper; text-kashida-space: 50%; text-kashida-space: 50%;\">\n<span style=\"font-size: large;\"><span style=\"font-family: &quot;arial&quot; , &quot;helvetica&quot; , sans-serif;\"><span lang=\"es\">Un a\u00f1o m\u00e1s os convocamos para participar en la elaboraci\u00f3n comunitaria del <\/span><span lang=\"es\" style=\"text-transform: uppercase;\">calendario<\/span><span lang=\"es\"> del pueblo para el a\u00f1o 2019. Tras mucho pensarlo, este a\u00f1o hemos decidido retaros a presentar <b>fotograf\u00edas de \u00e1rboles, plantas y flores<\/b>, es decir, instant\u00e1neas del Reino Vegetal para un calendario bot\u00e1nico.&nbsp; Ser\u00e1n m\u00e1s atractivas si en ellas se entremezclan otros objetos o personas. <b>Y recordad, plantas siempre vivas, en su medio.<\/b>&nbsp; \u00a1Y si son de Juzbado mejor!&nbsp;&nbsp;<\/span><\/span><\/span><\/div>\n<div style=\"mso-pagination: none; text-align: justify; text-align: justify; text-justify: newspaper; text-justify: newspaper; text-kashida-space: 50%; text-kashida-space: 50%;\">\n<\/div>\n<div style=\"mso-pagination: none; text-align: justify; text-align: justify; text-justify: newspaper; text-justify: newspaper; text-kashida-space: 50%; text-kashida-space: 50%;\">\n<span style=\"font-size: large;\"><span style=\"font-family: &quot;arial&quot; , &quot;helvetica&quot; , sans-serif;\"><span lang=\"es\">Como s\u00e1beis, el calendario se nutre de vuestras fotograf\u00edas y tambi\u00e9n del <b>trabajo de las personas que asisten a las clases de inform\u00e1tica<\/b>.&nbsp; Estas \u00faltimas son las que conciben, dise\u00f1an,&nbsp; y maquetan todas las hojas del calendario.&nbsp; <span style=\"color: red;\"><b>El plazo para presentar fotograf\u00edas finaliza el 12 de Diciembre.<\/b><\/span><\/span><span style=\"color: red;\"><span lang=\"es\" style=\"font-weight: bold;\">&nbsp;<\/span><\/span><\/span><\/span><\/p>\n<div style=\"text-align: center;\">\n<span style=\"font-size: x-large;\"><span style=\"font-family: &quot;arial&quot; , &quot;helvetica&quot; , sans-serif;\"><span style=\"color: #38761d;\"><span lang=\"es\" style=\"font-weight: bold;\">\u00bfC\u00d3MO POD\u00c9IS PARTICIPAR?<\/span><\/span><span lang=\"es\"><b><span style=\"color: #38761d;\">&nbsp;<\/span>&nbsp;<\/b><\/span><\/span><\/span><br \/>\n<span style=\"font-size: x-large;\"><span style=\"font-family: &quot;arial&quot; , &quot;helvetica&quot; , sans-serif;\"><span lang=\"es\"><b><\/b><\/span><\/span><\/span><br \/>\n<a name='more'><\/a><span style=\"font-size: x-large;\"><span style=\"font-family: &quot;arial&quot; , &quot;helvetica&quot; , sans-serif;\"><span lang=\"es\"><b>&nbsp;<\/b><\/span><\/span><\/span><\/div>\n<p><span style=\"font-size: large;\"><span style=\"font-family: &quot;arial&quot; , &quot;helvetica&quot; , sans-serif;\"><span lang=\"es\">Env\u00eda un m\u00e1ximo de 3 fotograf\u00edas al siguiente correo electr\u00f3nico juzbadolibroabierto@gmail.com (o dir\u00edgete a la biblioteca municipal o a la Oficina de Desarrollo Local), indicando: nombre y apellidos del autor y\/o due\u00f1o de la foto y, si es posible, breves indicaciones de la imagen: lugar, personas que aparecen, nombre de la planta&#8230;.Se podr\u00e1n recibir tambi\u00e9n fotos en papel para su posterior digitalizaci\u00f3n.<\/span><\/span><\/span><\/div>\n<div style=\"clear: both; text-align: center;\">\n<span style=\"font-size: large;\"><a href=\"https:\/\/blogger.googleusercontent.com\/img\/b\/R29vZ2xl\/AVvXsEgxSdIgO0ltdSOt_GJHyB2cAK34pjUbbpuAjwJqZ_CryS6_bKT_fbwjULZmgPr84ISpqXN_2PksdvD5nvtuur9XV7r-N9u7BAM_qf2Zcmg4MpA0gcu_VOIU-ACo_D7A_QC1BbGUn_l4BG8\/s1600\/convocatoria+calendario+2019.jpg\" style=\"margin-left: 1em; margin-right: 1em;\"><img loading=\"lazy\" decoding=\"async\" alt=\"Juzbado, calendario 2019\" border=\"0\" data-original-height=\"1600\" data-original-width=\"1132\" height=\"640\" src=\"https:\/\/blogger.googleusercontent.com\/img\/b\/R29vZ2xl\/AVvXsEgxSdIgO0ltdSOt_GJHyB2cAK34pjUbbpuAjwJqZ_CryS6_bKT_fbwjULZmgPr84ISpqXN_2PksdvD5nvtuur9XV7r-N9u7BAM_qf2Zcmg4MpA0gcu_VOIU-ACo_D7A_QC1BbGUn_l4BG8\/s640\/convocatoria+calendario+2019.jpg\" title=\"Juzbado, calendario 2019\" width=\"452\" \/><\/a><\/span><\/div>\n<p><span style=\"font-size: large;\"><span style=\"font-family: &quot;arial&quot; , &quot;helvetica&quot; , sans-serif;\"><span lang=\"es\"><span style=\"font-size: small;\">Nota: En el caso de que aparezcan personas, os sugerimos que comprob\u00e9is que nadie se sienta inc\u00f3modo y as\u00ed podamos disfrutar de un nuevo calendario vecinal \u00fanico e irrepetible fruto del trabajo comunitario.<\/span>&nbsp; <\/span><\/span><\/span><br \/>\n<span style=\"font-size: large;\"><span style=\"font-family: &quot;arial&quot; , &quot;helvetica&quot; , sans-serif;\">  <\/span><\/span><\/p>\n<div>\n<\/div>\n","protected":false},"excerpt":{"rendered":"<p>Un a\u00f1o m\u00e1s os convocamos para participar en la elaboraci\u00f3n comunitaria del calendario del pueblo para el a\u00f1o 2019. Tras mucho pensarlo, este a\u00f1o hemos decidido retaros a presentar fotograf\u00edas de \u00e1rboles, plantas y flores, es decir, instant\u00e1neas del Reino Vegetal para un calendario bot\u00e1nico.&nbsp; Ser\u00e1n m\u00e1s atractivas si en ellas se entremezclan otros objetos [&hellip;]<\/p>\n","protected":false},"author":2,"featured_media":0,"comment_status":"open","ping_status":"open","sticky":false,"template":"","format":"standard","meta":{"saved_in_kubio":false,"footnotes":""},"categories":[1],"tags":[],"class_list":["post-463","post","type-post","status-publish","format-standard","hentry","category-sin-categoria"],"_links":{"self":[{"href":"https:\/\/juzbado.es\/nuevaweb\/wp-json\/wp\/v2\/posts\/463","targetHints":{"allow":["GET"]}}],"collection":[{"href":"https:\/\/juzbado.es\/nuevaweb\/wp-json\/wp\/v2\/posts"}],"about":[{"href":"https:\/\/juzbado.es\/nuevaweb\/wp-json\/wp\/v2\/types\/post"}],"author":[{"embeddable":true,"href":"https:\/\/juzbado.es\/nuevaweb\/wp-json\/wp\/v2\/users\/2"}],"replies":[{"embeddable":true,"href":"https:\/\/juzbado.es\/nuevaweb\/wp-json\/wp\/v2\/comments?post=463"}],"version-history":[{"count":0,"href":"https:\/\/juzbado.es\/nuevaweb\/wp-json\/wp\/v2\/posts\/463\/revisions"}],"wp:attachment":[{"href":"https:\/\/juzbado.es\/nuevaweb\/wp-json\/wp\/v2\/media?parent=463"}],"wp:term":[{"taxonomy":"category","embeddable":true,"href":"https:\/\/juzbado.es\/nuevaweb\/wp-json\/wp\/v2\/categories?post=463"},{"taxonomy":"post_tag","embeddable":true,"href":"https:\/\/juzbado.es\/nuevaweb\/wp-json\/wp\/v2\/tags?post=463"}],"curies":[{"name":"wp","href":"https:\/\/api.w.org\/{rel}","templated":true}]}}