{"id":466,"date":"2018-11-16T12:14:00","date_gmt":"2018-11-16T11:14:00","guid":{"rendered":"http:\/\/juzbado.es\/nuevaweb\/2018\/11\/16\/otono-en-juzbado-3\/"},"modified":"2018-11-16T12:14:00","modified_gmt":"2018-11-16T11:14:00","slug":"otono-en-juzbado-3","status":"publish","type":"post","link":"https:\/\/juzbado.es\/nuevaweb\/2018\/11\/16\/otono-en-juzbado-3\/","title":{"rendered":"OTO\u00d1O EN JUZBADO"},"content":{"rendered":"<div style=\"text-align: justify;\">\n<span style=\"font-size: large;\"><span style=\"font-family: &quot;arial&quot; , &quot;helvetica&quot; , sans-serif;\">Tal vez sea el oto\u00f1o una de las \u00e9pocas con los paisajes -junto con la primavera- m\u00e1s sugerentes.&nbsp; <b>Este pr\u00f3ximo fin de semana ser\u00e1 sin duda alguna el que mejor muestre la coloraci\u00f3n de la hoja de toda la ribera tormesina a su paso por nuestro municipio.&nbsp;&nbsp;<\/b><\/span><\/span><\/div>\n<div style=\"text-align: justify;\">\n<span style=\"font-size: large;\"><span style=\"font-family: &quot;arial&quot; , &quot;helvetica&quot; , sans-serif;\">&nbsp;<\/span><\/span><span style=\"font-size: large;\"><span style=\"font-family: &quot;arial&quot; , &quot;helvetica&quot; , sans-serif;\"><a href=\"https:\/\/blogger.googleusercontent.com\/img\/b\/R29vZ2xl\/AVvXsEjwrep7OJa7_AHqev6O9d1xM-a76YFbd44oSAF5FMIMu9XN5wzeIzzpAuXkBCnd0FhaIQCfsYOpbtI3FCQyeNPoyfzk2Uh3W1-QM0NCVp_tKr444w9Ozoy95LN92bad5t1AyNR6Gy2zkxM\/s1600\/juzbado+oto%25C3%25B1o+2018+%252823%2529.jpeg\" style=\"margin-left: 1em; margin-right: 1em;\"><img loading=\"lazy\" decoding=\"async\" alt=\"Juzbado oto\u00f1o 2018 \" border=\"0\" data-original-height=\"1067\" data-original-width=\"1600\" height=\"426\" src=\"https:\/\/blogger.googleusercontent.com\/img\/b\/R29vZ2xl\/AVvXsEjwrep7OJa7_AHqev6O9d1xM-a76YFbd44oSAF5FMIMu9XN5wzeIzzpAuXkBCnd0FhaIQCfsYOpbtI3FCQyeNPoyfzk2Uh3W1-QM0NCVp_tKr444w9Ozoy95LN92bad5t1AyNR6Gy2zkxM\/s640\/juzbado+oto%25C3%25B1o+2018+%252823%2529.jpeg\" title=\"Juzbado oto\u00f1o 2018 \" width=\"640\" \/><\/a><\/span><\/span><\/div>\n<div style=\"clear: both; text-align: center;\">\n<span style=\"font-size: large;\"><\/span><\/div>\n<p>\n<a name='more'><\/a><\/p>\n<div style=\"text-align: justify;\">\n<span style=\"font-size: large;\"><span style=\"font-family: &quot;arial&quot; , &quot;helvetica&quot; , sans-serif;\"><b>Nuestros caminos junto a los m\u00e1rgenes del Tormes estar\u00e1n decorados de tonos anaranjados, amarillos y ocres.<\/b>&nbsp; R\u00edo arriba el <a href=\"https:\/\/www.google.com\/maps\/d\/viewer?mid=1mdQw-amVMI9ZF1umm2Dq5NV533g&amp;ll=41.0687234725053%2C-5.859811327715988&amp;z=13\" target=\"_blank\">Camino de Santa Luc\u00eda<\/a>,&nbsp; que une Juzbado con Almenara de Tormes, atraviesa paisajes de ribera y adehesados de mucho inter\u00e9s ecol\u00f3gico y agrario. En buena parte del recorrido se sigue el trazado del ya vetusto canal de Zorita, una senda que se recorre en menos de una hora.&nbsp; Y r\u00edo abajo est\u00e1 el <a href=\"https:\/\/www.google.com\/maps\/d\/viewer?mid=1eqrlq1WwvogNo3t3rBSz7NwsuG4&amp;ll=41.07575622700316%2C-5.878002065158398&amp;z=14\" target=\"_blank\">Camino Viejo de Los Ba\u00f1os<\/a> que se adentra tambi\u00e9n en los m\u00e1rgenes arribe\u00f1os de un desconocido Tormes hasta el <a href=\"http:\/\/www.balnearioledesma.com\/\" target=\"_blank\">Balneario de los Ba\u00f1os de Ledesma<\/a> con una dificultad baja y una duraci\u00f3n estimada de 1 hora.<\/span><\/span><\/div>\n<div style=\"text-align: justify;\">\n<span style=\"font-size: large;\"><span style=\"font-family: &quot;arial&quot; , &quot;helvetica&quot; , sans-serif;\">&nbsp; <\/span><\/span><span style=\"font-size: large;\"><span style=\"font-family: &quot;arial&quot; , &quot;helvetica&quot; , sans-serif;\"><a href=\"https:\/\/blogger.googleusercontent.com\/img\/b\/R29vZ2xl\/AVvXsEihEH2LiBX3gEd8viqDVLszVkCDOBoqX8F9nDPC1LjiHhDxNtt0-HUzIKfG33-wXh438eVPljdW6990GYKRWMIlHvwBY39S0iMDgQrBfU14GmFqTUazUz7NQOqHGyfzSaGrN7eVyYvqLxw\/s1600\/juzbado+oto%25C3%25B1o+2018+%252819%2529.jpeg\" style=\"margin-left: 1em; margin-right: 1em;\"><img loading=\"lazy\" decoding=\"async\" alt=\"Juzbado oto\u00f1o 2018 \" border=\"0\" data-original-height=\"1067\" data-original-width=\"1600\" height=\"426\" src=\"https:\/\/blogger.googleusercontent.com\/img\/b\/R29vZ2xl\/AVvXsEihEH2LiBX3gEd8viqDVLszVkCDOBoqX8F9nDPC1LjiHhDxNtt0-HUzIKfG33-wXh438eVPljdW6990GYKRWMIlHvwBY39S0iMDgQrBfU14GmFqTUazUz7NQOqHGyfzSaGrN7eVyYvqLxw\/s640\/juzbado+oto%25C3%25B1o+2018+%252819%2529.jpeg\" title=\"Juzbado oto\u00f1o 2018 \" width=\"640\" \/><\/a><\/span><\/span><\/div>\n<div style=\"text-align: justify;\">\n<span style=\"font-size: large;\"><span style=\"font-family: &quot;arial&quot; , &quot;helvetica&quot; , sans-serif;\"><b>Todos los caminos nos regalan durante estos d\u00edas unas vistas \u00fanicas e irrepetibles, a pocas jornadas ya de que se caiga definitivamente toda la hoja<\/b> de \u00e1rboles como los chopos, alisos, abedules o fresnos.&nbsp;&nbsp;<\/span><\/span><\/p>\n<div style=\"clear: both; text-align: center;\">\n<a href=\"https:\/\/blogger.googleusercontent.com\/img\/b\/R29vZ2xl\/AVvXsEiuUL4jqMfWVVCzp9_UVs2phwJUQgtU9VLGMh2fDSsOX9b8AqeQfMkxRyV7S4UQYnBYQFJb74RCL95JpnfrdeX3psQKa06blA1OgNXBrKyG1nGDpvuid5QJvf7lKu8-dEbfHG7lP22r6ZE\/s1600\/juzbado+oto%25C3%25B1o+2018+%252841%2529.jpeg\" style=\"margin-left: 1em; margin-right: 1em;\"><img loading=\"lazy\" decoding=\"async\" alt=\"Juzbado oto\u00f1o 2018 \" border=\"0\" data-original-height=\"1067\" data-original-width=\"1600\" height=\"426\" src=\"https:\/\/blogger.googleusercontent.com\/img\/b\/R29vZ2xl\/AVvXsEiuUL4jqMfWVVCzp9_UVs2phwJUQgtU9VLGMh2fDSsOX9b8AqeQfMkxRyV7S4UQYnBYQFJb74RCL95JpnfrdeX3psQKa06blA1OgNXBrKyG1nGDpvuid5QJvf7lKu8-dEbfHG7lP22r6ZE\/s640\/juzbado+oto%25C3%25B1o+2018+%252841%2529.jpeg\" title=\"Juzbado oto\u00f1o 2018 \" width=\"640\" \/><\/a><\/div>\n<p>\n<span style=\"font-size: large;\"><span style=\"font-family: &quot;arial&quot; , &quot;helvetica&quot; , sans-serif;\"><b>Desde nuestros miradores de la Pe\u00f1a del Castillo, junto al <a href=\"http:\/\/www.museodelafalla.es\/\" target=\"_blank\">Museo de la Falla<\/a>, se disfruta de unas amplias vistas<\/b>, estos d\u00edas iluminada por una ribera saturada de colores irrepetibles hasta el a\u00f1o que viene.&nbsp;&nbsp;<\/span><\/span><\/div>\n<div style=\"text-align: justify;\">\n<\/div>\n<div style=\"clear: both; text-align: center;\">\n<span style=\"font-size: large;\"><a href=\"https:\/\/blogger.googleusercontent.com\/img\/b\/R29vZ2xl\/AVvXsEhIkfj-8WNZ5yrx1Z1QoUW0KYMGfPKN2vp6ekkjehbwZnTnOFfP6w6fG5dRFaho2Ndj4qkjh-NapAlblnvnDmPBVuDKvuCXlrmSops2wVfWq5SI0gO7VMdqOppiYpOdhbwJguhkpdx0eNs\/s1600\/juzbado+oto%25C3%25B1o+2018+%252837%2529.jpeg\" style=\"margin-left: 1em; margin-right: 1em;\"><img loading=\"lazy\" decoding=\"async\" alt=\"Juzbado oto\u00f1o 2018 \" border=\"0\" data-original-height=\"1067\" data-original-width=\"1600\" height=\"426\" src=\"https:\/\/blogger.googleusercontent.com\/img\/b\/R29vZ2xl\/AVvXsEhIkfj-8WNZ5yrx1Z1QoUW0KYMGfPKN2vp6ekkjehbwZnTnOFfP6w6fG5dRFaho2Ndj4qkjh-NapAlblnvnDmPBVuDKvuCXlrmSops2wVfWq5SI0gO7VMdqOppiYpOdhbwJguhkpdx0eNs\/s640\/juzbado+oto%25C3%25B1o+2018+%252837%2529.jpeg\" title=\"Juzbado oto\u00f1o 2018 \" width=\"640\" \/><\/a><\/span><\/div>\n<p><\/p>\n<div style=\"text-align: justify;\">\n<span style=\"font-size: large;\"><span style=\"font-family: &quot;arial&quot; , &quot;helvetica&quot; , sans-serif;\"><b>A todo ello se suma la recientemente inaugurada galer\u00eda de muralismo al aire libre<\/b> que jalona nuestras calles.&nbsp; Se trata de un conjunto de <a href=\"http:\/\/juzbado.blogspot.com\/2018\/11\/reportaje-sobre-el-certamen-de.html\" target=\"_blank\">5 grandes obras murales<\/a> que se unen al <a href=\"http:\/\/juzbado.blogspot.com\/p\/galeria-rural.html\" target=\"_blank\">gran mural Libro Abierto<\/a> y que enriquecen la visita a nuestro municipio.&nbsp;&nbsp;<\/span><\/span><\/div>\n<div style=\"text-align: justify;\">\n<div style=\"clear: both; text-align: center;\">\n<a href=\"https:\/\/blogger.googleusercontent.com\/img\/b\/R29vZ2xl\/AVvXsEhZx0ZMH1MRNHCJub_NcjCCdu2yOH_QRoQXp6uHe5wDz1FGNyHWHRkJDve92mvAKWjHHiVEaFCmao5wrQkysw-v1vbzmt_xwu-LPSzMq4dWV6FIZcF0Govt4yen3PLwgRop66d207bcoC8\/s1600\/juzbado+oto%25C3%25B1o+2018+%252814%2529.jpeg\" style=\"margin-left: 1em; margin-right: 1em;\"><img loading=\"lazy\" decoding=\"async\" alt=\"Juzbado oto\u00f1o 2018 \" border=\"0\" data-original-height=\"1067\" data-original-width=\"1600\" height=\"426\" src=\"https:\/\/blogger.googleusercontent.com\/img\/b\/R29vZ2xl\/AVvXsEhZx0ZMH1MRNHCJub_NcjCCdu2yOH_QRoQXp6uHe5wDz1FGNyHWHRkJDve92mvAKWjHHiVEaFCmao5wrQkysw-v1vbzmt_xwu-LPSzMq4dWV6FIZcF0Govt4yen3PLwgRop66d207bcoC8\/s640\/juzbado+oto%25C3%25B1o+2018+%252814%2529.jpeg\" title=\"Juzbado oto\u00f1o 2018 \" width=\"640\" \/><\/a><\/div>\n<p><\/div>\n<div style=\"text-align: justify;\">\n<span style=\"font-size: large;\"><span style=\"font-family: &quot;arial&quot; , &quot;helvetica&quot; , sans-serif;\"><b>Os invitamos a venir a Juzbado a disfrutar de los grandes espacios y del aire libre y a vivir directamente el oto\u00f1o.&nbsp; <\/b>Aprovechamos la ocasi\u00f3n para eso, para desearos un Feliz Oto\u00f1o.<\/span><\/span><\/div>\n<div style=\"text-align: justify;\">\n<\/div>\n","protected":false},"excerpt":{"rendered":"<p>Tal vez sea el oto\u00f1o una de las \u00e9pocas con los paisajes -junto con la primavera- m\u00e1s sugerentes.&nbsp; Este pr\u00f3ximo fin de semana ser\u00e1 sin duda alguna el que mejor muestre la coloraci\u00f3n de la hoja de toda la ribera tormesina a su paso por nuestro municipio.&nbsp;&nbsp; &nbsp; Nuestros caminos junto a los m\u00e1rgenes del [&hellip;]<\/p>\n","protected":false},"author":2,"featured_media":0,"comment_status":"open","ping_status":"open","sticky":false,"template":"","format":"standard","meta":{"saved_in_kubio":false,"footnotes":""},"categories":[1],"tags":[],"class_list":["post-466","post","type-post","status-publish","format-standard","hentry","category-sin-categoria"],"_links":{"self":[{"href":"https:\/\/juzbado.es\/nuevaweb\/wp-json\/wp\/v2\/posts\/466","targetHints":{"allow":["GET"]}}],"collection":[{"href":"https:\/\/juzbado.es\/nuevaweb\/wp-json\/wp\/v2\/posts"}],"about":[{"href":"https:\/\/juzbado.es\/nuevaweb\/wp-json\/wp\/v2\/types\/post"}],"author":[{"embeddable":true,"href":"https:\/\/juzbado.es\/nuevaweb\/wp-json\/wp\/v2\/users\/2"}],"replies":[{"embeddable":true,"href":"https:\/\/juzbado.es\/nuevaweb\/wp-json\/wp\/v2\/comments?post=466"}],"version-history":[{"count":0,"href":"https:\/\/juzbado.es\/nuevaweb\/wp-json\/wp\/v2\/posts\/466\/revisions"}],"wp:attachment":[{"href":"https:\/\/juzbado.es\/nuevaweb\/wp-json\/wp\/v2\/media?parent=466"}],"wp:term":[{"taxonomy":"category","embeddable":true,"href":"https:\/\/juzbado.es\/nuevaweb\/wp-json\/wp\/v2\/categories?post=466"},{"taxonomy":"post_tag","embeddable":true,"href":"https:\/\/juzbado.es\/nuevaweb\/wp-json\/wp\/v2\/tags?post=466"}],"curies":[{"name":"wp","href":"https:\/\/api.w.org\/{rel}","templated":true}]}}