{"id":467,"date":"2018-11-13T11:45:00","date_gmt":"2018-11-13T10:45:00","guid":{"rendered":"http:\/\/juzbado.es\/nuevaweb\/2018\/11\/13\/cultura-en-otono-2018\/"},"modified":"2018-11-13T11:45:00","modified_gmt":"2018-11-13T10:45:00","slug":"cultura-en-otono-2018","status":"publish","type":"post","link":"https:\/\/juzbado.es\/nuevaweb\/2018\/11\/13\/cultura-en-otono-2018\/","title":{"rendered":"CULTURA EN OTO\u00d1O 2018"},"content":{"rendered":"<div style=\"text-align: justify;\">\n<span style=\"font-family: &quot;arial&quot; , &quot;helvetica&quot; , sans-serif;\"><span style=\"font-size: large;\">Os<br \/>\n mostramos a continuaci\u00f3n la programaci\u00f3n cultural de oto\u00f1o que comienza este s\u00e1bado 17 de Noviembre con una propuesta para los m\u00e1s peque\u00f1os.&nbsp; Construiremos comederos para las peque\u00f1as aves del oto\u00f1o y aprovecharemos para plantar bulbos y as\u00ed disfrutar de flores nuevas en la primavera.&nbsp; Aqu\u00ed abajo pod\u00e9is consultar las dem\u00e1s propuestas:<\/span><\/span><\/div>\n<p>\n<a name='more'><\/a><\/p>\n<div style=\"clear: both; text-align: center;\">\n<span style=\"font-size: large;\"><a href=\"https:\/\/blogger.googleusercontent.com\/img\/b\/R29vZ2xl\/AVvXsEhRL_KEBI8sNJFNaazp-w1wxK3oN4TBdmNShcRoCU8MdsBQf4P3EJGLSlkXYM6XI8DYgSCakmiTLI3EBWgr_WNm9qce9H097fSCI46qwLbIefr06-OyiPZXJFg-Z62FOCyUJlxQObId9Cg\/s1600\/oto%25C3%25B1o+cultural+2018+CARTEL+%2528Copiar%2529.jpg\" style=\"margin-left: 1em; margin-right: 1em;\"><img loading=\"lazy\" decoding=\"async\" alt=\"Juzbado, cultura en oto\u00f1o 2018\" border=\"0\" data-original-height=\"600\" data-original-width=\"424\" height=\"640\" src=\"https:\/\/blogger.googleusercontent.com\/img\/b\/R29vZ2xl\/AVvXsEhRL_KEBI8sNJFNaazp-w1wxK3oN4TBdmNShcRoCU8MdsBQf4P3EJGLSlkXYM6XI8DYgSCakmiTLI3EBWgr_WNm9qce9H097fSCI46qwLbIefr06-OyiPZXJFg-Z62FOCyUJlxQObId9Cg\/s640\/oto%25C3%25B1o+cultural+2018+CARTEL+%2528Copiar%2529.jpg\" title=\"Juzbado, cultura en oto\u00f1o 2018\" width=\"452\" \/><\/a><\/span><\/div>\n<p><\/p>\n<div style=\"text-align: justify;\">\n<span style=\"font-family: &quot;arial&quot; , &quot;helvetica&quot; , sans-serif;\"><span style=\"font-size: large;\">NOTA: Pod\u00e9is <a href=\"https:\/\/drive.google.com\/file\/d\/1ZNnA1EL3JcFGiqufP8HuBSW2UYfb8RCr\/view\" target=\"_blank\">descargaros el cartel en PDF<\/a> pero existe un tr\u00edptico impreso en papel en la mesa informativa del Ayuntamiento a vuestra disposici\u00f3n.<\/span><\/span><\/div>\n","protected":false},"excerpt":{"rendered":"<p>Os mostramos a continuaci\u00f3n la programaci\u00f3n cultural de oto\u00f1o que comienza este s\u00e1bado 17 de Noviembre con una propuesta para los m\u00e1s peque\u00f1os.&nbsp; Construiremos comederos para las peque\u00f1as aves del oto\u00f1o y aprovecharemos para plantar bulbos y as\u00ed disfrutar de flores nuevas en la primavera.&nbsp; Aqu\u00ed abajo pod\u00e9is consultar las dem\u00e1s propuestas: NOTA: Pod\u00e9is descargaros [&hellip;]<\/p>\n","protected":false},"author":2,"featured_media":0,"comment_status":"open","ping_status":"open","sticky":false,"template":"","format":"standard","meta":{"saved_in_kubio":false,"footnotes":""},"categories":[1],"tags":[],"class_list":["post-467","post","type-post","status-publish","format-standard","hentry","category-sin-categoria"],"_links":{"self":[{"href":"https:\/\/juzbado.es\/nuevaweb\/wp-json\/wp\/v2\/posts\/467","targetHints":{"allow":["GET"]}}],"collection":[{"href":"https:\/\/juzbado.es\/nuevaweb\/wp-json\/wp\/v2\/posts"}],"about":[{"href":"https:\/\/juzbado.es\/nuevaweb\/wp-json\/wp\/v2\/types\/post"}],"author":[{"embeddable":true,"href":"https:\/\/juzbado.es\/nuevaweb\/wp-json\/wp\/v2\/users\/2"}],"replies":[{"embeddable":true,"href":"https:\/\/juzbado.es\/nuevaweb\/wp-json\/wp\/v2\/comments?post=467"}],"version-history":[{"count":0,"href":"https:\/\/juzbado.es\/nuevaweb\/wp-json\/wp\/v2\/posts\/467\/revisions"}],"wp:attachment":[{"href":"https:\/\/juzbado.es\/nuevaweb\/wp-json\/wp\/v2\/media?parent=467"}],"wp:term":[{"taxonomy":"category","embeddable":true,"href":"https:\/\/juzbado.es\/nuevaweb\/wp-json\/wp\/v2\/categories?post=467"},{"taxonomy":"post_tag","embeddable":true,"href":"https:\/\/juzbado.es\/nuevaweb\/wp-json\/wp\/v2\/tags?post=467"}],"curies":[{"name":"wp","href":"https:\/\/api.w.org\/{rel}","templated":true}]}}