{"id":468,"date":"2018-11-13T11:33:00","date_gmt":"2018-11-13T10:33:00","guid":{"rendered":"http:\/\/juzbado.es\/nuevaweb\/2018\/11\/13\/castanas-y-fiesta-de-agradecimiento\/"},"modified":"2018-11-13T11:33:00","modified_gmt":"2018-11-13T10:33:00","slug":"castanas-y-fiesta-de-agradecimiento","status":"publish","type":"post","link":"https:\/\/juzbado.es\/nuevaweb\/2018\/11\/13\/castanas-y-fiesta-de-agradecimiento\/","title":{"rendered":"CASTA\u00d1AS Y FIESTA DE AGRADECIMIENTO"},"content":{"rendered":"<div style=\"text-align: justify;\">\n<span style=\"font-family: &quot;arial&quot; , &quot;helvetica&quot; , sans-serif;\"><span style=\"font-size: large;\">La <a href=\"http:\/\/escuelalibrewayra.es\/\" target=\"_blank\">Escuela Wayra<\/a> celebrar\u00e1 el s\u00e1bado 24 de Noviembre su fiesta de agradecimiento tras la <a href=\"https:\/\/www.goteo.org\/project\/wayra-escuela-libre-y-rural\" target=\"_blank\">campa\u00f1a de micro-mecenazgo<\/a> celebrada durante esta primavera.&nbsp; Como sab\u00e9is, la escuela ha podido financiar un medio de transporte gracias al mecenazgo de muchas personas que han apoyado esta original iniciativa.&nbsp; La fiesta ser\u00e1 tambi\u00e9n el momento de la tradicional casta\u00f1ada del oto\u00f1o y, en definitiva, una jornada para disfrutar todos juntos y a la que est\u00e1is invitados a participar.<\/span><\/span><\/p>\n<p><a name='more'><\/a><\/p>\n<p><span style=\"font-family: &quot;arial&quot; , &quot;helvetica&quot; , sans-serif;\"><span style=\"font-size: large;\">El d\u00eda arrancar\u00e1 con la <b>plantaci\u00f3n de una treintena de \u00e1rboles<\/b> que se sumar\u00e1n a los que ya est\u00e1n plantados a la entrada del pueblo. Ser\u00e1 a las 11:00 h.&nbsp; A partir de las 12:00 h. se llevar\u00e1n a cabo <b>varias propuestas simult\u00e1neas<\/b> en la remozada Casa del Maestro, el Sal\u00f3n de Actos del Ayuntamiento, la <a href=\"https:\/\/juzbado.blogspot.com\/p\/biblioteca.html\" target=\"_blank\">Biblioteca Municipal<\/a> y los miradores de la Pe\u00f1a del Castillo.&nbsp; Aprovechamos para anunciaros que ser\u00e1 el d\u00eda en el que se presente en sociedad el nuevo aspecto de la Casa del Maestro tras unos meses de intensos trabajos.<\/span><\/span><\/p>\n<p><span style=\"font-family: &quot;arial&quot; , &quot;helvetica&quot; , sans-serif;\"><span style=\"font-size: large;\">Alrededor de las 14:00 horas <b>se celebrar\u00e1 una comida popular ofrecida por el colectivo Wayra en el Sal\u00f3n de Actos<\/b> del Ayuntamiento y, a partir de las 15:00 h. disfrutaremos de algunas sorpresas art\u00edsticas y esc\u00e9nicas en el mismo lugar. A lo largo de la tarde tendr\u00e1 lugar un <b>\u00abguatrueque\u00bb<\/b>, que consiste en el intercambio de todas aquellas cosas que vamos almacenando en casa y que ya no usamos: ropa de grandes y peques, juguetes, complementos, incluso alg\u00fan mueble de peque\u00f1o tama\u00f1o. Os invitamos a traer todo aquello que ya no utilic\u00e9is y que prob\u00e9is si se puede cambiar por algo.<\/span><\/span><\/p>\n<p><span style=\"font-family: &quot;arial&quot; , &quot;helvetica&quot; , sans-serif;\"><span style=\"font-size: large;\">A continuaci\u00f3n se celebrar\u00e1 la <b>calbotada con las mejores casta\u00f1as<\/b> para todas las personas participantes gracias a la experiencia y a los utensilios de nuestro casta\u00f1ero de referencia Pavel.<\/span><\/span><\/div>\n<div style=\"text-align: justify;\">\n<\/div>\n<div style=\"clear: both; text-align: center;\">\n<a href=\"https:\/\/blogger.googleusercontent.com\/img\/b\/R29vZ2xl\/AVvXsEgbKbLwewY27e60lISlR2P9xxf9nWxT6GR-gGxJOk2Wan9nZ4nyy7wgK1WlxY_HH7TYoH9FtJ7sLGtzzbBNiqivEYYZaxHKW1cewdHD_tPhxz1YM7f4r-4jk3JA6aLyytOdJi1dI8B4izw\/s1600\/fiestadeagradecimiento.jpg\" style=\"margin-left: 1em; margin-right: 1em;\"><img loading=\"lazy\" decoding=\"async\" alt=\"Juzbado, escuela rural wayra\" border=\"0\" data-original-height=\"700\" data-original-width=\"496\" height=\"640\" src=\"https:\/\/blogger.googleusercontent.com\/img\/b\/R29vZ2xl\/AVvXsEgbKbLwewY27e60lISlR2P9xxf9nWxT6GR-gGxJOk2Wan9nZ4nyy7wgK1WlxY_HH7TYoH9FtJ7sLGtzzbBNiqivEYYZaxHKW1cewdHD_tPhxz1YM7f4r-4jk3JA6aLyytOdJi1dI8B4izw\/s640\/fiestadeagradecimiento.jpg\" title=\"Juzbado, escuela rural wayra\" width=\"452\" \/><\/a><\/div>\n<div style=\"text-align: justify;\">\n<\/div>\n","protected":false},"excerpt":{"rendered":"<p>La Escuela Wayra celebrar\u00e1 el s\u00e1bado 24 de Noviembre su fiesta de agradecimiento tras la campa\u00f1a de micro-mecenazgo celebrada durante esta primavera.&nbsp; Como sab\u00e9is, la escuela ha podido financiar un medio de transporte gracias al mecenazgo de muchas personas que han apoyado esta original iniciativa.&nbsp; La fiesta ser\u00e1 tambi\u00e9n el momento de la tradicional casta\u00f1ada [&hellip;]<\/p>\n","protected":false},"author":2,"featured_media":0,"comment_status":"open","ping_status":"open","sticky":false,"template":"","format":"standard","meta":{"saved_in_kubio":false,"footnotes":""},"categories":[1],"tags":[],"class_list":["post-468","post","type-post","status-publish","format-standard","hentry","category-sin-categoria"],"_links":{"self":[{"href":"https:\/\/juzbado.es\/nuevaweb\/wp-json\/wp\/v2\/posts\/468","targetHints":{"allow":["GET"]}}],"collection":[{"href":"https:\/\/juzbado.es\/nuevaweb\/wp-json\/wp\/v2\/posts"}],"about":[{"href":"https:\/\/juzbado.es\/nuevaweb\/wp-json\/wp\/v2\/types\/post"}],"author":[{"embeddable":true,"href":"https:\/\/juzbado.es\/nuevaweb\/wp-json\/wp\/v2\/users\/2"}],"replies":[{"embeddable":true,"href":"https:\/\/juzbado.es\/nuevaweb\/wp-json\/wp\/v2\/comments?post=468"}],"version-history":[{"count":0,"href":"https:\/\/juzbado.es\/nuevaweb\/wp-json\/wp\/v2\/posts\/468\/revisions"}],"wp:attachment":[{"href":"https:\/\/juzbado.es\/nuevaweb\/wp-json\/wp\/v2\/media?parent=468"}],"wp:term":[{"taxonomy":"category","embeddable":true,"href":"https:\/\/juzbado.es\/nuevaweb\/wp-json\/wp\/v2\/categories?post=468"},{"taxonomy":"post_tag","embeddable":true,"href":"https:\/\/juzbado.es\/nuevaweb\/wp-json\/wp\/v2\/tags?post=468"}],"curies":[{"name":"wp","href":"https:\/\/api.w.org\/{rel}","templated":true}]}}