{"id":469,"date":"2018-11-12T12:25:00","date_gmt":"2018-11-12T11:25:00","guid":{"rendered":"http:\/\/juzbado.es\/nuevaweb\/2018\/11\/12\/cafe-teatro-contra-la-violencia-de-genero\/"},"modified":"2018-11-12T12:25:00","modified_gmt":"2018-11-12T11:25:00","slug":"cafe-teatro-contra-la-violencia-de-genero","status":"publish","type":"post","link":"https:\/\/juzbado.es\/nuevaweb\/2018\/11\/12\/cafe-teatro-contra-la-violencia-de-genero\/","title":{"rendered":"CAF\u00c9 TEATRO CONTRA LA VIOLENCIA DE G\u00c9NERO"},"content":{"rendered":"<div style=\"text-align: justify;\">\n<span style=\"font-family: &quot;arial&quot; , &quot;helvetica&quot; , sans-serif;\"><span style=\"font-size: large;\">La <a href=\"https:\/\/juzbado.blogspot.com\/p\/asociaciones.html\" target=\"_blank\">Asociaci\u00f3n de Mujeres de Juzbado<\/a> nos invita el domingo 25 de noviembre a participar en el primer Caf\u00e9-Teatro que se organiza en Juzbado en relaci\u00f3n al 25 de Noviembre, <a href=\"http:\/\/www.un.org\/es\/events\/endviolenceday\/\" target=\"_blank\">D\u00eda Internacional contra la Violencia de G\u00e9nero<\/a>.&nbsp;&nbsp;<\/span><\/span><\/div>\n<div style=\"text-align: justify;\">\n<br \/>\n<a name='more'><\/a><\/div>\n<div style=\"text-align: justify;\">\n<span style=\"font-family: &quot;arial&quot; , &quot;helvetica&quot; , sans-serif;\"><span style=\"font-size: large;\">La obra de teatro seleccionada para la ocasi\u00f3n se titula \u00abLa Mujer sola\u00bb, un texto de <a href=\"https:\/\/es.wikipedia.org\/wiki\/Franca_Rame\" target=\"_blank\">Franca Rame<\/a> y <a href=\"https:\/\/es.wikipedia.org\/wiki\/Dario_Fo\" target=\"_blank\">Dar\u00edo Fo<\/a> que interpretar\u00e1 la compa\u00f1\u00eda salmantina Chirimbamba en su versi\u00f3n Telara\u00f1a Teatro.&nbsp; Al mismo tiempo que se desarrolla la funci\u00f3n, los asistentes podr\u00e1n tomar un caf\u00e9 con pastas en un sal\u00f3n de actos que estar\u00e1 preparado para la ocasi\u00f3n.&nbsp;&nbsp;<\/span><\/span><\/div>\n<div style=\"text-align: justify;\">\n<\/div>\n<div style=\"text-align: justify;\">\n<span style=\"font-family: &quot;arial&quot; , &quot;helvetica&quot; , sans-serif;\"><span style=\"font-size: large;\">El acto de conmemoraci\u00f3n de esta fecha es el resultado del trabajo de colaboraci\u00f3n entre la Asociaci\u00f3n de Mujeres de Juzbado y el <a href=\"http:\/\/www.lasalina.es\/Aplicaciones\/GestorInter.jsp?prestacion=Cipublico&amp;funcion=MuestraInformacionCeas0&amp;codCeas=6\" target=\"_blank\">Centro de Acci\u00f3n Social de Ledesma<\/a> de la Diputaci\u00f3n de Salamanca. El caf\u00e9 teatro es un acto p\u00fablico y gratuito y tendr\u00e1 una duraci\u00f3n de 1 h. 20\u00b4. <u>La obra no est\u00e1 recomendada para menores de 16 a\u00f1os<\/u> y comenzar\u00e1 a las 17:00 h.<\/span><\/span><\/div>\n<div style=\"clear: both; text-align: center;\">\n<a href=\"https:\/\/blogger.googleusercontent.com\/img\/b\/R29vZ2xl\/AVvXsEh4gKhAcRwVQy0IlUaHKFDCd6GBCJxUW2jGhcmR5762pA_Sxr3eUDUeUd4ijqIwNfXZfwxSn1gjc3xtUKDE3gGJ89ec8qEpgzPdDfH5hjA2B6r6KSbD0EVnZIJnOnwF38CZABj3Nc1W0xw\/s1600\/25+noviembre+juzbado+asociaci%25C3%25B3n+mujeres+.jpg\" style=\"margin-left: 1em; margin-right: 1em;\"><img loading=\"lazy\" decoding=\"async\" alt=\"Juzbado teatro Asociaci\u00f3n de Mujeres \" border=\"0\" data-original-height=\"1600\" data-original-width=\"1132\" height=\"640\" src=\"https:\/\/blogger.googleusercontent.com\/img\/b\/R29vZ2xl\/AVvXsEh4gKhAcRwVQy0IlUaHKFDCd6GBCJxUW2jGhcmR5762pA_Sxr3eUDUeUd4ijqIwNfXZfwxSn1gjc3xtUKDE3gGJ89ec8qEpgzPdDfH5hjA2B6r6KSbD0EVnZIJnOnwF38CZABj3Nc1W0xw\/s640\/25+noviembre+juzbado+asociaci%25C3%25B3n+mujeres+.jpg\" title=\"Juzbado teatro Asociaci\u00f3n de Mujeres \" width=\"452\" \/><\/a><\/div>\n<div style=\"text-align: justify;\">\n<span style=\"font-family: &quot;arial&quot; , &quot;helvetica&quot; , sans-serif;\"><span style=\"font-size: large;\"><br \/><\/span><\/span><\/div>\n","protected":false},"excerpt":{"rendered":"<p>La Asociaci\u00f3n de Mujeres de Juzbado nos invita el domingo 25 de noviembre a participar en el primer Caf\u00e9-Teatro que se organiza en Juzbado en relaci\u00f3n al 25 de Noviembre, D\u00eda Internacional contra la Violencia de G\u00e9nero.&nbsp;&nbsp; La obra de teatro seleccionada para la ocasi\u00f3n se titula \u00abLa Mujer sola\u00bb, un texto de Franca Rame [&hellip;]<\/p>\n","protected":false},"author":2,"featured_media":0,"comment_status":"open","ping_status":"open","sticky":false,"template":"","format":"standard","meta":{"saved_in_kubio":false,"footnotes":""},"categories":[1],"tags":[],"class_list":["post-469","post","type-post","status-publish","format-standard","hentry","category-sin-categoria"],"_links":{"self":[{"href":"https:\/\/juzbado.es\/nuevaweb\/wp-json\/wp\/v2\/posts\/469","targetHints":{"allow":["GET"]}}],"collection":[{"href":"https:\/\/juzbado.es\/nuevaweb\/wp-json\/wp\/v2\/posts"}],"about":[{"href":"https:\/\/juzbado.es\/nuevaweb\/wp-json\/wp\/v2\/types\/post"}],"author":[{"embeddable":true,"href":"https:\/\/juzbado.es\/nuevaweb\/wp-json\/wp\/v2\/users\/2"}],"replies":[{"embeddable":true,"href":"https:\/\/juzbado.es\/nuevaweb\/wp-json\/wp\/v2\/comments?post=469"}],"version-history":[{"count":0,"href":"https:\/\/juzbado.es\/nuevaweb\/wp-json\/wp\/v2\/posts\/469\/revisions"}],"wp:attachment":[{"href":"https:\/\/juzbado.es\/nuevaweb\/wp-json\/wp\/v2\/media?parent=469"}],"wp:term":[{"taxonomy":"category","embeddable":true,"href":"https:\/\/juzbado.es\/nuevaweb\/wp-json\/wp\/v2\/categories?post=469"},{"taxonomy":"post_tag","embeddable":true,"href":"https:\/\/juzbado.es\/nuevaweb\/wp-json\/wp\/v2\/tags?post=469"}],"curies":[{"name":"wp","href":"https:\/\/api.w.org\/{rel}","templated":true}]}}