{"id":47,"date":"2024-07-24T08:56:00","date_gmt":"2024-07-24T06:56:00","guid":{"rendered":"http:\/\/juzbado.es\/nuevaweb\/2024\/07\/24\/juzbado-acoge-de-nuevo-a-familias-refugiadas-en-espana\/"},"modified":"2024-07-24T08:56:00","modified_gmt":"2024-07-24T06:56:00","slug":"juzbado-acoge-de-nuevo-a-familias-refugiadas-en-espana","status":"publish","type":"post","link":"https:\/\/juzbado.es\/nuevaweb\/2024\/07\/24\/juzbado-acoge-de-nuevo-a-familias-refugiadas-en-espana\/","title":{"rendered":"JUZBADO ACOGE DE NUEVO A FAMILIAS REFUGIADAS EN ESPA\u00d1A"},"content":{"rendered":"<p style=\"text-align: justify;\"><span style=\"font-family: arial; font-size: medium; mso-fareast-font-family: &quot;Times New Roman&quot;; mso-fareast-language: ES; mso-font-kerning: 0pt; mso-ligatures: none;\">El pasado 20 de julio, el pueblo de Juzbado acogi\u00f3<br \/>\ndurante unas horas a 60 personas procedentes de varios pa\u00edses acogidas a la<br \/>\nprotecci\u00f3n internacional.<span style=\"mso-spacerun: yes;\">&nbsp; <\/span><span style=\"mso-spacerun: yes;\">&nbsp;<\/span>Se trata de un intercambio cultural realizado<br \/>\nen nuestro municipio gracias a la <a href=\"https:\/\/www.accem.es\/\" target=\"_blank\">ONG Accem<\/a>, la <a href=\"https:\/\/juzbado.blogspot.com\/p\/asociaciones.html\" target=\"_blank\">Asociaci\u00f3n de Mayores deJuzbado<\/a> y los vecinos y vecinas de Juzbado.<span style=\"mso-spacerun: yes;\">&nbsp;<br \/>\n<\/span>Las familias que nos visitaron en esta quinta celebraci\u00f3n del programa \u201cJuzbado<br \/>\nAcoge\u201d, proceden de pa\u00edses como Senegal, Gambia, Venezuela, Colombia, Per\u00fa,<br \/>\nEcuador, El Salvador y Honduras.<\/span><\/p>\n<p style=\"text-align: justify;\"><span style=\"font-family: arial; font-size: medium; mso-fareast-font-family: &quot;Times New Roman&quot;; mso-fareast-language: ES; mso-font-kerning: 0pt; mso-ligatures: none;\"><\/span><\/p>\n<table align=\"center\" cellpadding=\"0\" cellspacing=\"0\" style=\"margin-left: auto; margin-right: auto;\">\n<tbody>\n<tr>\n<td style=\"text-align: center;\"><span style=\"font-size: medium;\"><a href=\"https:\/\/blogger.googleusercontent.com\/img\/b\/R29vZ2xl\/AVvXsEh60OrP6xN5Gv9UjwafTxgnYwYQgJP4T-fjjkniJZylsTGN51keQ7ro7hwP2-1WsNAh5qtClUSaK5bKoQyodbzVZLPg_XUznzbbYqSCqr-FcYDcPk52f3OLx-2usdR8bmCkYXpDSssI6iti9t8S4g2angYfUXJeCaA6HAVzlPbteKXC66QvAxbJ_WXegL4\/s1600\/WhatsApp%20Image%202024-07-23%20at%2010.03.51(3).jpeg\" style=\"font-family: arial; margin-left: auto; margin-right: auto;\"><img loading=\"lazy\" decoding=\"async\" border=\"0\" data-original-height=\"739\" data-original-width=\"1600\" height=\"296\" src=\"https:\/\/blogger.googleusercontent.com\/img\/b\/R29vZ2xl\/AVvXsEh60OrP6xN5Gv9UjwafTxgnYwYQgJP4T-fjjkniJZylsTGN51keQ7ro7hwP2-1WsNAh5qtClUSaK5bKoQyodbzVZLPg_XUznzbbYqSCqr-FcYDcPk52f3OLx-2usdR8bmCkYXpDSssI6iti9t8S4g2angYfUXJeCaA6HAVzlPbteKXC66QvAxbJ_WXegL4\/w640-h296\/WhatsApp%20Image%202024-07-23%20at%2010.03.51(3).jpeg\" width=\"640\" \/><\/a><\/span><\/td>\n<\/tr>\n<tr>\n<td style=\"text-align: center;\"><span style=\"font-size: medium;\"><span style=\"font-family: arial;\">Participantes en la acogida en la Pe\u00f1a del Castillo de Juzbado<br \/><\/span><\/span><\/td>\n<\/tr>\n<\/tbody>\n<\/table>\n<p><span style=\"font-family: arial; font-size: medium; mso-fareast-font-family: &quot;Times New Roman&quot;; mso-fareast-language: ES; mso-font-kerning: 0pt; mso-ligatures: none;\">&nbsp;<span><a name='more'><\/a><\/span><\/span><\/p>\n<p style=\"text-align: justify;\"><span face=\"&quot;Arial&quot;,sans-serif\" style=\"font-size: medium; mso-fareast-font-family: &quot;Times New Roman&quot;; mso-fareast-language: ES; mso-font-kerning: 0pt; mso-ligatures: none;\"><span style=\"font-family: arial;\">La jornada consisti\u00f3 en una bienvenida por parte<br \/>\nde <b>Fernando Rubio, alcalde de Juzbado y rodeado de parte del equipo<br \/>\nconsistorial as\u00ed como de numerosos vecinos.<span style=\"mso-spacerun: yes;\">&nbsp;<br \/>\n<\/span>Rubio afirm\u00f3 que \u201cel mundo rural est\u00e1 lleno de oportunidades para nuevos<br \/>\npobladores\u201d y que \u201cJuzbado es un pueblo de acogida\u201d.<\/b> A continuaci\u00f3n, el numeroso<br \/>\ngrupo recorri\u00f3 las calles y lugares m\u00e1s emblem\u00e1ticos de Juzbado, deteni\u00e9ndose<br \/>\nen los miradores de la Pe\u00f1a del Castillo, el Museo del a Falla o el Centro<br \/>\nbot\u00e1nico, para terminar en el sal\u00f3n de actos.<span style=\"mso-spacerun: yes;\">&nbsp;<br \/>\n<\/span>All\u00ed se ofreci\u00f3 una paella a todos los asistentes elaborada por el Chef<br \/>\nNano y coordinada por Faustino Iglesias, Tino, presidente de la <a href=\"https:\/\/juzbado.blogspot.com\/p\/asociaciones.html\" target=\"_blank\">Asociaci\u00f3n de Mayores<\/a>.<br \/>\n<span style=\"mso-spacerun: yes;\">&nbsp;<\/span><b>Este \u00faltimo reconoci\u00f3 p\u00fablicamente la \u201csatisfacci\u00f3n<br \/>\nque genera esta acogida que cumple ya un lustro\u201d.<span style=\"mso-spacerun: yes;\">&nbsp; <\/span>A lo que a\u00f1adi\u00f3 \u201cla generosidad mutua que los<br \/>\nvecinos de Juzbado y los visitantes demuestran cada a\u00f1o es para emocionarse\u201d.<\/b><span style=\"mso-spacerun: yes;\">&nbsp; <\/span>Durante la comida se degustaron, adem\u00e1s de la<br \/>\nriqu\u00edsima paella, elaboraciones dulces y saladas de las propias familias participantes.<span style=\"mso-spacerun: yes;\">&nbsp; <\/span>Un momento especial en el que se sucedieron<br \/>\nconversaciones de mucho inter\u00e9s en torno a una mesa llena de ex\u00f3ticos platos y<br \/>\nque, sin duda, enriquecieron y deleitaron la experiencia de todos los<br \/>\nasistentes.&nbsp;<\/span><\/span><span face=\"&quot;Arial&quot;,sans-serif\" style=\"font-size: 18pt; mso-fareast-font-family: &quot;Times New Roman&quot;; mso-fareast-language: ES; mso-font-kerning: 0pt; mso-ligatures: none;\">&nbsp;<\/span><\/p>\n<p style=\"text-align: justify;\"><span face=\"&quot;Arial&quot;,sans-serif\" style=\"font-size: 18pt; mso-fareast-font-family: &quot;Times New Roman&quot;; mso-fareast-language: ES; mso-font-kerning: 0pt; mso-ligatures: none;\"><\/span><\/p>\n<table align=\"center\" cellpadding=\"0\" cellspacing=\"0\" style=\"margin-left: auto; margin-right: auto;\">\n<tbody>\n<tr>\n<td style=\"text-align: center;\"><a href=\"https:\/\/blogger.googleusercontent.com\/img\/b\/R29vZ2xl\/AVvXsEjFP853exFhOdC4CWKFkWDJDW1ImWq0K-HSp-3m8E8Vj0z0r0ZaQTsDUj_ek8gZRTZGgtUfTFSb0fTB25CZHl66apEG8Zv6B26Fu7wqQuqk5As-leoJ_eIjb8Ju3bBnrAnsvfp8bECevxLD1f1DipkaE4XUPt1DkeBfGYGuIPEeMD6E7kstiWNtmJe0P3g\/s1600\/WhatsApp%20Image%202024-07-23%20at%2010.03.51(1).jpeg\" style=\"margin-left: auto; margin-right: auto;\"><img loading=\"lazy\" decoding=\"async\" border=\"0\" data-original-height=\"739\" data-original-width=\"1600\" height=\"296\" src=\"https:\/\/blogger.googleusercontent.com\/img\/b\/R29vZ2xl\/AVvXsEjFP853exFhOdC4CWKFkWDJDW1ImWq0K-HSp-3m8E8Vj0z0r0ZaQTsDUj_ek8gZRTZGgtUfTFSb0fTB25CZHl66apEG8Zv6B26Fu7wqQuqk5As-leoJ_eIjb8Ju3bBnrAnsvfp8bECevxLD1f1DipkaE4XUPt1DkeBfGYGuIPEeMD6E7kstiWNtmJe0P3g\/w640-h296\/WhatsApp%20Image%202024-07-23%20at%2010.03.51(1).jpeg\" width=\"640\" \/><\/a><\/td>\n<\/tr>\n<tr>\n<td style=\"text-align: center;\">Momento de bienvenida en el atrio de la iglesia con Teresa (ACCEM), Fernando Rubio y Mariano Dom\u00ednguez (Ayuntamiento de Juzbado).<\/td>\n<\/tr>\n<\/tbody>\n<\/table>\n<p><span face=\"&quot;Arial&quot;,sans-serif\" style=\"font-size: 18pt; mso-fareast-font-family: &quot;Times New Roman&quot;; mso-fareast-language: ES; mso-font-kerning: 0pt; mso-ligatures: none;\">&nbsp;<\/span><\/p>\n<p style=\"text-align: justify;\"><span style=\"font-family: arial; font-size: medium; mso-fareast-font-family: &quot;Times New Roman&quot;; mso-fareast-language: ES; mso-font-kerning: 0pt; mso-ligatures: none;\">Tras la comida se celebr\u00f3 el tradicional micro<br \/>\nabierto gracias al cu\u00e1l fueron muchas las voces intervinientes.<span style=\"mso-spacerun: yes;\">&nbsp; <\/span>Vecinos y visitantes intercambiaron palabras<br \/>\nde agradecimiento, canciones, poemas y bailes.<span style=\"mso-spacerun: yes;\">&nbsp;<br \/>\n<\/span>Pilar Recio, vecina de Juzbado, present\u00f3 un poema in\u00e9dito para la<br \/>\nocasi\u00f3n titulado \u00abTierras lejanas\u00bb. La jornada de convivencia multicultural finaliz\u00f3 con<br \/>\nun chapuz\u00f3n en las <a href=\"https:\/\/blogger.googleusercontent.com\/img\/a\/AVvXsEjeN907Ec1JQ1x2Rz006hcLpXaNMUZc_pk43X5O8NX8RsI6n94TNUeCJ_HxFl6X8A37NYM7CpNtvidojwlp1j_tJqYqkdcyslNhbADVhQXxS35ShP9_Nsanf94dlr9msq4R9Pzkuh7yctSYqNVZUc0IwwoNPumRr_9GjVIvYhYQlKVudu_cThgNFhLInGs=s138\" target=\"_blank\">piscinas municipales<\/a>.<\/span><\/p>\n<p style=\"text-align: justify;\"><span face=\"&quot;Arial&quot;,sans-serif\" style=\"font-size: 18pt; mso-fareast-font-family: &quot;Times New Roman&quot;; mso-fareast-language: ES; mso-font-kerning: 0pt; mso-ligatures: none;\"><\/span><\/p>\n<table align=\"center\" cellpadding=\"0\" cellspacing=\"0\" style=\"margin-left: auto; margin-right: auto;\">\n<tbody>\n<tr>\n<td style=\"text-align: center;\"><a href=\"https:\/\/blogger.googleusercontent.com\/img\/b\/R29vZ2xl\/AVvXsEj4LQoz8agSMzqCkKVdk9Ez1sw1RMZTf_orpMdZfkEvojWoqgq-qjEfDYpqeEwNJ96BsMBxwJLFBErsKGp6WFGBZDTRv9BE0OCA8_d55uQGjWKfBkGBA-clr9Fd9CFJLtlcOn8ePWlXlKB7ZBC9e4B9hILI6VHe31o4KCm4WcyyCN2IBBxb95C76lbW6KY\/s1600\/WhatsApp%20Image%202024-07-23%20at%2010.03.51.jpeg\" style=\"margin-left: auto; margin-right: auto;\"><img loading=\"lazy\" decoding=\"async\" border=\"0\" data-original-height=\"739\" data-original-width=\"1600\" height=\"296\" src=\"https:\/\/blogger.googleusercontent.com\/img\/b\/R29vZ2xl\/AVvXsEj4LQoz8agSMzqCkKVdk9Ez1sw1RMZTf_orpMdZfkEvojWoqgq-qjEfDYpqeEwNJ96BsMBxwJLFBErsKGp6WFGBZDTRv9BE0OCA8_d55uQGjWKfBkGBA-clr9Fd9CFJLtlcOn8ePWlXlKB7ZBC9e4B9hILI6VHe31o4KCm4WcyyCN2IBBxb95C76lbW6KY\/w640-h296\/WhatsApp%20Image%202024-07-23%20at%2010.03.51.jpeg\" width=\"640\" \/><\/a><\/td>\n<\/tr>\n<tr>\n<td style=\"text-align: center;\">Vecinos y visitantes durante la comida popular de acogida en el sal\u00f3n de actos.<\/td>\n<\/tr>\n<\/tbody>\n<\/table>\n<p><span style=\"font-family: arial; font-size: medium; mso-fareast-font-family: &quot;Times New Roman&quot;; mso-fareast-language: ES; mso-font-kerning: 0pt; mso-ligatures: none;\">El pueblo de Juzbado quiere demostrar con esta<br \/>\nconvivencia que un mundo rural vivo es aquel que demuestra compromiso no solo<br \/>\npor los retos end\u00f3genos, sino tambi\u00e9n con aquellos desaf\u00edos de escala<br \/>\ninternacional.&nbsp;&nbsp;<\/span><\/p>\n<p><span style=\"font-family: arial; font-size: medium; mso-fareast-font-family: &quot;Times New Roman&quot;; mso-fareast-language: ES; mso-font-kerning: 0pt; mso-ligatures: none;\"><\/span><\/p>\n<table align=\"center\" cellpadding=\"0\" cellspacing=\"0\" style=\"margin-left: auto; margin-right: auto;\">\n<tbody>\n<tr>\n<td style=\"text-align: center;\"><a href=\"https:\/\/blogger.googleusercontent.com\/img\/b\/R29vZ2xl\/AVvXsEhIyY3CXA6EnxCWBB_1QluM3LYjunHsfq8eT_KJdpstQTf38IqUKQnYd7Bh_2qYUgnB4J-Uo97QsDmXgDS3h6zKXsadMhke4fjpA_9dHm_hjZTJbu8Mz5ECFHBZxWaNaHBTLqpcy0xj2tgItFLKA1K-CEVzepcHl8AvaVKU5T4ZJKl0L-xQZ9l4D3ZUCUo\/s1600\/WhatsApp%20Image%202024-07-23%20at%2010.03.51(7).jpeg\" style=\"margin-left: auto; margin-right: auto;\"><img loading=\"lazy\" decoding=\"async\" border=\"0\" data-original-height=\"899\" data-original-width=\"1600\" height=\"360\" src=\"https:\/\/blogger.googleusercontent.com\/img\/b\/R29vZ2xl\/AVvXsEhIyY3CXA6EnxCWBB_1QluM3LYjunHsfq8eT_KJdpstQTf38IqUKQnYd7Bh_2qYUgnB4J-Uo97QsDmXgDS3h6zKXsadMhke4fjpA_9dHm_hjZTJbu8Mz5ECFHBZxWaNaHBTLqpcy0xj2tgItFLKA1K-CEVzepcHl8AvaVKU5T4ZJKl0L-xQZ9l4D3ZUCUo\/w640-h360\/WhatsApp%20Image%202024-07-23%20at%2010.03.51(7).jpeg\" width=\"640\" \/><\/a><\/td>\n<\/tr>\n<tr>\n<td style=\"text-align: center;\">El chef Nano durante los preparativos de la paella popular<\/td>\n<\/tr>\n<\/tbody>\n<\/table>\n<p><span style=\"font-family: arial; font-size: medium; mso-fareast-font-family: &quot;Times New Roman&quot;; mso-fareast-language: ES; mso-font-kerning: 0pt; mso-ligatures: none;\"><br \/><\/span><\/p>\n","protected":false},"excerpt":{"rendered":"<p>El pasado 20 de julio, el pueblo de Juzbado acogi\u00f3 durante unas horas a 60 personas procedentes de varios pa\u00edses acogidas a la protecci\u00f3n internacional.&nbsp; &nbsp;Se trata de un intercambio cultural realizado en nuestro municipio gracias a la ONG Accem, la Asociaci\u00f3n de Mayores deJuzbado y los vecinos y vecinas de Juzbado.&nbsp; Las familias que [&hellip;]<\/p>\n","protected":false},"author":2,"featured_media":0,"comment_status":"open","ping_status":"open","sticky":false,"template":"","format":"standard","meta":{"saved_in_kubio":false,"footnotes":""},"categories":[7,6,129,32,144,4,147,143,145,146],"tags":[],"class_list":["post-47","post","type-post","status-publish","format-standard","hentry","category-accem","category-asociacion-de-mayores","category-cultura-en-verano","category-fernando-rubio","category-julio","category-juzbado-acoge","category-mariano-dominguez","category-mariano-rodriguez","category-ong","category-refugiados"],"_links":{"self":[{"href":"https:\/\/juzbado.es\/nuevaweb\/wp-json\/wp\/v2\/posts\/47","targetHints":{"allow":["GET"]}}],"collection":[{"href":"https:\/\/juzbado.es\/nuevaweb\/wp-json\/wp\/v2\/posts"}],"about":[{"href":"https:\/\/juzbado.es\/nuevaweb\/wp-json\/wp\/v2\/types\/post"}],"author":[{"embeddable":true,"href":"https:\/\/juzbado.es\/nuevaweb\/wp-json\/wp\/v2\/users\/2"}],"replies":[{"embeddable":true,"href":"https:\/\/juzbado.es\/nuevaweb\/wp-json\/wp\/v2\/comments?post=47"}],"version-history":[{"count":0,"href":"https:\/\/juzbado.es\/nuevaweb\/wp-json\/wp\/v2\/posts\/47\/revisions"}],"wp:attachment":[{"href":"https:\/\/juzbado.es\/nuevaweb\/wp-json\/wp\/v2\/media?parent=47"}],"wp:term":[{"taxonomy":"category","embeddable":true,"href":"https:\/\/juzbado.es\/nuevaweb\/wp-json\/wp\/v2\/categories?post=47"},{"taxonomy":"post_tag","embeddable":true,"href":"https:\/\/juzbado.es\/nuevaweb\/wp-json\/wp\/v2\/tags?post=47"}],"curies":[{"name":"wp","href":"https:\/\/api.w.org\/{rel}","templated":true}]}}