{"id":471,"date":"2018-11-06T12:21:00","date_gmt":"2018-11-06T11:21:00","guid":{"rendered":"http:\/\/juzbado.es\/nuevaweb\/2018\/11\/06\/una-ventana-abierta-al-tormes\/"},"modified":"2018-11-06T12:21:00","modified_gmt":"2018-11-06T11:21:00","slug":"una-ventana-abierta-al-tormes","status":"publish","type":"post","link":"https:\/\/juzbado.es\/nuevaweb\/2018\/11\/06\/una-ventana-abierta-al-tormes\/","title":{"rendered":"UNA VENTANA ABIERTA AL TORMES"},"content":{"rendered":"<div style=\"text-align: justify;\">\n<span style=\"font-family: &quot;arial&quot; , &quot;sans-serif&quot;; font-size: 12.0pt;\"><span style=\"font-size: large;\"><b>Desde hace unas semanas contamos con una nueva publicaci\u00f3n de inter\u00e9s<\/b> para nuestro municipio y, tambi\u00e9n, para todas aquellas personas que nos visitan.<span style=\"mso-spacerun: yes;\">&nbsp; <\/span>Se trata de un d\u00edptico titulado \u201c<b>Camino Viejo de los Ba\u00f1os: una ventana abierta al Tormes<\/b>\u201d que se puede recoger en la mesa informativa del Ayuntamiento y en el <a href=\"http:\/\/www.museodelafalla.es\/\" target=\"_blank\">Museo de la Falla<\/a>.<\/span><span style=\"mso-spacerun: yes;\"><span style=\"font-size: large;\">&nbsp;<\/span>&nbsp;<\/span><\/span><\/p>\n<\/div>\n<div style=\"clear: both; text-align: center;\">\n<a href=\"https:\/\/blogger.googleusercontent.com\/img\/b\/R29vZ2xl\/AVvXsEgUgmMdVJPPfVFjSlRlqKe1GQXNB7pajrAIv3itUDlybzfgkMlLx4XOayob2VsXf0pv-l5kqjvJGvt9-JkrkCSOBSPVzhhdRQ5Rfc3xBiRVdVLMwbH4qCKxUzFk0Ay-Jq3YT_pSYDl1goM\/s1600\/TRIPTICO+BALNEARIO+2018_P%25C3%25A1gina_1+%2528Copiar%2529.jpg\" style=\"clear: left; float: left; margin-bottom: 1em; margin-right: 1em;\"><img loading=\"lazy\" decoding=\"async\" alt=\"Juzbado, libro abierto del paisaje, caminos viejo de los Ba\u00f1os\" border=\"0\" data-original-height=\"566\" data-original-width=\"800\" height=\"452\" src=\"https:\/\/blogger.googleusercontent.com\/img\/b\/R29vZ2xl\/AVvXsEgUgmMdVJPPfVFjSlRlqKe1GQXNB7pajrAIv3itUDlybzfgkMlLx4XOayob2VsXf0pv-l5kqjvJGvt9-JkrkCSOBSPVzhhdRQ5Rfc3xBiRVdVLMwbH4qCKxUzFk0Ay-Jq3YT_pSYDl1goM\/s640\/TRIPTICO+BALNEARIO+2018_P%25C3%25A1gina_1+%2528Copiar%2529.jpg\" title=\"Juzbado, libro abierto del paisaje, caminos viejo de los Ba\u00f1os\" width=\"640\" \/><\/a><\/div>\n<div style=\"line-height: normal; mso-margin-bottom-alt: auto; mso-margin-top-alt: auto; text-align: justify;\">\n<span style=\"font-family: &quot;arial&quot; , &quot;sans-serif&quot;; font-size: 12.0pt;\"><span style=\"mso-spacerun: yes;\"><\/span><\/span><span style=\"font-family: &quot;times new roman&quot; , &quot;serif&quot;; font-size: 12.0pt;\"><\/span><\/div>\n<div style=\"line-height: normal; mso-margin-bottom-alt: auto; mso-margin-top-alt: auto; text-align: justify;\">\n<br \/>\n<span style=\"font-family: &quot;arial&quot; , &quot;sans-serif&quot;; font-size: large;\"><\/span><br \/>\n<a name='more'><\/a><span style=\"font-family: &quot;arial&quot; , &quot;sans-serif&quot;; font-size: large;\">Nuestra ribera tormesina es cada vez m\u00e1s transitada por paseantes, tanto hacia el <a href=\"http:\/\/www.balnearioledesma.com\/\" target=\"_blank\">Balneario de Los Ba\u00f1os de Ledesma<\/a> como hacia <a href=\"http:\/\/www.almenaradetormes.es\/index.asp?id_categoria=1\" target=\"_blank\">Almenara de Tormes<\/a>.<span style=\"mso-spacerun: yes;\">&nbsp; <\/span><b>Queremos reforzar la informaci\u00f3n que <a href=\"http:\/\/fundaciontormes-eb.org\/albergue-ciam\/rutas-senalizadas\/camino-viejo-de-los-banos\" target=\"_blank\">ya exist\u00eda<\/a> sobre estas rutas de inter\u00e9s paisaj\u00edstico, tur\u00edstico y medio ambiental.<\/b><span style=\"mso-spacerun: yes;\">&nbsp; <\/span>La margen derecha del Tormes re\u00fane un conjunto de valores naturales y culturales que la convierten en un<span style=\"mso-spacerun: yes;\">&nbsp; <\/span>atractivo para muchas de las personas que, por ejemplo, se alojan en el cercano Balneario y que desean recorrer nuestros paisajes adehesados o de ribera.<span style=\"mso-spacerun: yes;\">&nbsp;&nbsp;<\/span><\/span><\/p>\n<p><span style=\"font-family: &quot;arial&quot; , &quot;sans-serif&quot;; font-size: large;\"><span style=\"mso-spacerun: yes;\">Recordemos que el r\u00edo Tormes y sus riberas a su paso por Juzbado est\u00e1n reconocidas como un <a href=\"http:\/\/rednatura.jcyl.es\/natura2000\/inicio.html\" target=\"_blank\">Lugar de Inter\u00e9s Comunitario de la Red Natura 2000<\/a>. <\/span>Son frecuentes por tanto las visitas de aquellos en nuestro pueblo, mostrando curiosidad especialmente por nuestro entramado urbano, los miradores de la Pe\u00f1a del Castillo o nuestras propuestas po\u00e9ticas y, las m\u00e1s recientes, de <a href=\"http:\/\/juzbado.blogspot.com\/2018\/10\/10-fotografias-del-certamen-de-muralismo.html\" target=\"_blank\">\u00edndole art\u00edstico<\/a>.&nbsp; Tambi\u00e9n por conocer de cerca nuestro <a href=\"http:\/\/www.museodelafalla.es\/\" target=\"_blank\">Museo de la Falla<\/a>.<\/span><\/div>\n<div style=\"line-height: normal; mso-margin-bottom-alt: auto; mso-margin-top-alt: auto; text-align: justify;\">\n<span style=\"font-size: large;\"><br \/><\/span><\/div>\n<div style=\"line-height: normal; mso-margin-bottom-alt: auto; mso-margin-top-alt: auto; text-align: justify;\">\n<span style=\"font-family: &quot;arial&quot; , &quot;sans-serif&quot;; font-size: large;\">Por todo ello, <b>ponemos a vuestra disposici\u00f3n esta nueva lectura que esperamos sea de vuestro inter\u00e9s<\/b> y que est\u00e1 disponible en varios formatos. Est\u00e1 en <a href=\"https:\/\/drive.google.com\/file\/d\/1rdtyEYlGcF-BQrbiC3Rc7QDMvsTVXxGZ\/view?usp=sharing\" target=\"_blank\">versi\u00f3n PDF<\/a> y para las personas que prefieran consultar esta <a href=\"https:\/\/www.google.com\/maps\/d\/viewer?mid=1eqrlq1WwvogNo3t3rBSz7NwsuG4&amp;ll=41.07575622700316%2C-5.878002065158398&amp;z=14\" target=\"_blank\">ruta online<\/a> pueden hacerlo a trav\u00e9s de <a href=\"https:\/\/www.google.com\/maps\/d\/u\/0\/viewer?mid=1eqrlq1WwvogNo3t3rBSz7NwsuG4&amp;ll=41.07575622700316%2C-5.878002065158398&amp;z=14\" target=\"_blank\">Google Maps<\/a> (vista m\u00e1s abajo).&nbsp;&nbsp;<\/span><\/p>\n<p><span style=\"font-family: &quot;arial&quot; , &quot;sans-serif&quot;; font-size: large;\">En definitiva, una nueva ventana abierta a nuestros paisajes \u00ababiertos\u00bb y que, durante esta \u00e9poca del a\u00f1o, alcanzan las estampas y coloridos m\u00e1s intensos de todo el a\u00f1o.<\/span><\/div>\n<div style=\"line-height: normal; mso-margin-bottom-alt: auto; mso-margin-top-alt: auto; text-align: justify;\">\n<\/div>\n<div style=\"line-height: normal; mso-margin-bottom-alt: auto; mso-margin-top-alt: auto; text-align: justify;\">\n<iframe loading=\"lazy\" height=\"480\" src=\"https:\/\/www.google.com\/maps\/d\/u\/0\/embed?mid=1eqrlq1WwvogNo3t3rBSz7NwsuG4\" width=\"640\"><\/iframe><\/p>\n<p><span style=\"font-family: &quot;arial&quot; , &quot;sans-serif&quot;; font-size: 12.0pt;\">(<a href=\"https:\/\/drive.google.com\/file\/d\/1gyzce615Um0K_ioJE1csiv2raM-G0W2G\/view?usp=sharing\" target=\"_blank\">Clica aqu\u00ed para descargar el archivo .KML<\/a>)<\/span><\/div>\n<div style=\"line-height: normal; mso-margin-bottom-alt: auto; mso-margin-top-alt: auto; text-align: justify;\">\n<\/div>\n","protected":false},"excerpt":{"rendered":"<p>Desde hace unas semanas contamos con una nueva publicaci\u00f3n de inter\u00e9s para nuestro municipio y, tambi\u00e9n, para todas aquellas personas que nos visitan.&nbsp; Se trata de un d\u00edptico titulado \u201cCamino Viejo de los Ba\u00f1os: una ventana abierta al Tormes\u201d que se puede recoger en la mesa informativa del Ayuntamiento y en el Museo de la [&hellip;]<\/p>\n","protected":false},"author":2,"featured_media":0,"comment_status":"open","ping_status":"open","sticky":false,"template":"","format":"standard","meta":{"saved_in_kubio":false,"footnotes":""},"categories":[1],"tags":[],"class_list":["post-471","post","type-post","status-publish","format-standard","hentry","category-sin-categoria"],"_links":{"self":[{"href":"https:\/\/juzbado.es\/nuevaweb\/wp-json\/wp\/v2\/posts\/471","targetHints":{"allow":["GET"]}}],"collection":[{"href":"https:\/\/juzbado.es\/nuevaweb\/wp-json\/wp\/v2\/posts"}],"about":[{"href":"https:\/\/juzbado.es\/nuevaweb\/wp-json\/wp\/v2\/types\/post"}],"author":[{"embeddable":true,"href":"https:\/\/juzbado.es\/nuevaweb\/wp-json\/wp\/v2\/users\/2"}],"replies":[{"embeddable":true,"href":"https:\/\/juzbado.es\/nuevaweb\/wp-json\/wp\/v2\/comments?post=471"}],"version-history":[{"count":0,"href":"https:\/\/juzbado.es\/nuevaweb\/wp-json\/wp\/v2\/posts\/471\/revisions"}],"wp:attachment":[{"href":"https:\/\/juzbado.es\/nuevaweb\/wp-json\/wp\/v2\/media?parent=471"}],"wp:term":[{"taxonomy":"category","embeddable":true,"href":"https:\/\/juzbado.es\/nuevaweb\/wp-json\/wp\/v2\/categories?post=471"},{"taxonomy":"post_tag","embeddable":true,"href":"https:\/\/juzbado.es\/nuevaweb\/wp-json\/wp\/v2\/tags?post=471"}],"curies":[{"name":"wp","href":"https:\/\/api.w.org\/{rel}","templated":true}]}}