{"id":473,"date":"2018-10-15T20:09:00","date_gmt":"2018-10-15T18:09:00","guid":{"rendered":"http:\/\/juzbado.es\/nuevaweb\/2018\/10\/15\/6-artistas-dejaran-su-obra-en-las-calles-de-juzbado\/"},"modified":"2018-10-15T20:09:00","modified_gmt":"2018-10-15T18:09:00","slug":"6-artistas-dejaran-su-obra-en-las-calles-de-juzbado","status":"publish","type":"post","link":"https:\/\/juzbado.es\/nuevaweb\/2018\/10\/15\/6-artistas-dejaran-su-obra-en-las-calles-de-juzbado\/","title":{"rendered":"6 ARTISTAS DEJAR\u00c1N SU OBRA EN LAS CALLES DE JUZBADO"},"content":{"rendered":"<div style=\"line-height: normal; margin-bottom: .0001pt; margin-bottom: 0cm; text-align: justify;\">\n<span style=\"font-family: &quot;arial&quot; , &quot;helvetica&quot; , sans-serif; font-size: large;\"><b style=\"mso-bidi-font-weight: normal;\"><span style=\"mso-ansi-language: ES;\">El pr\u00f3ximo 21 de octubre, domingo, el municipio de Juzbado acoger\u00e1 la VIII Edici\u00f3n del Certamen de Pintura en el Medio Rural que organiza el Ayuntamiento de la localidad con el patrocinio de ENUSA.<\/span><\/b><\/span><\/p>\n<p><a name='more'><\/a><\/p>\n<p><span style=\"font-family: &quot;arial&quot; , &quot;helvetica&quot; , sans-serif; font-size: large;\"><b style=\"mso-bidi-font-weight: normal;\"><span style=\"mso-ansi-language: ES;\">Con la celebraci\u00f3n de esta nueva edici\u00f3n, centrada en esta ocasi\u00f3n en el Muralismo, se da un paso m\u00e1s all\u00e1 en la trayectoria seguida en las <a href=\"https:\/\/juzbado.blogspot.com\/2017\/06\/7-certamen-de-pintura-en-el-medio-rural.html\" target=\"_blank\">siete ediciones anteriores<\/a>. Desde el Ayuntamiento de Juzbado se ha considerado que es el momento de cambiar de formato y apostar \u00abpor un arte que se quede con nosotros\u00bb.<\/span><\/b><\/span><\/p>\n<p><span style=\"font-family: &quot;arial&quot; , &quot;helvetica&quot; , sans-serif; font-size: large;\"><b style=\"mso-bidi-font-weight: normal;\"><span style=\"mso-ansi-language: ES;\">La trayectoria cultural de Juzbado en torno a la pintura y a la polifac\u00e9tica mutualidad del arte y el mundo rural, son las bases id\u00f3neas para seguir siendo innovadores y estar a la cabeza de la vanguardia art\u00edstica en Castilla y Le\u00f3n, celebrando este primer certamen de arte mural no solo a escala local, sino tambi\u00e9n nacional. Con este evento, las obras permanecer\u00e1n en las calles y las plazas de Juzbado y dotar\u00e1n al municipio de una posici\u00f3n ventajosa en relaci\u00f3n a la expresi\u00f3n art\u00edstica como herramienta de reivindicaci\u00f3n del arte y del mundo rural<\/span><\/b><span style=\"mso-ansi-language: ES;\">.<\/span><b style=\"mso-bidi-font-weight: normal;\"><span style=\"mso-ansi-language: ES;\">&nbsp;<\/span><\/b><\/span><\/p>\n<div style=\"clear: both; text-align: center;\">\n<a href=\"https:\/\/blogger.googleusercontent.com\/img\/b\/R29vZ2xl\/AVvXsEjMLRKNVNAVM8PEQ39Rklj8eBouyBAv_ZC-k3LunU4I94ZxRl5oneD-QqlDI-p1axPm3-UBrwXkpA9QM0v6MeW6Kk9rdO5ou0pD560WMHmxTC9hTkT3iC7uHtlb3yGitjabWoFyAzYQh8A\/s1600\/Juzbado+Salamanca+Mural+Joaqu%25C3%25ADn+Vila+Pablo+Herrero+%252826%2529.jpeg\" style=\"margin-left: 1em; margin-right: 1em;\"><img loading=\"lazy\" decoding=\"async\" alt=\"Juzbado Libro Abierto\" border=\"0\" data-original-height=\"1200\" data-original-width=\"1600\" height=\"480\" src=\"https:\/\/blogger.googleusercontent.com\/img\/b\/R29vZ2xl\/AVvXsEjMLRKNVNAVM8PEQ39Rklj8eBouyBAv_ZC-k3LunU4I94ZxRl5oneD-QqlDI-p1axPm3-UBrwXkpA9QM0v6MeW6Kk9rdO5ou0pD560WMHmxTC9hTkT3iC7uHtlb3yGitjabWoFyAzYQh8A\/s640\/Juzbado+Salamanca+Mural+Joaqu%25C3%25ADn+Vila+Pablo+Herrero+%252826%2529.jpeg\" title=\"Juzbado Libro Abierto\" width=\"640\" \/><\/a><\/div>\n<p>\n<span style=\"font-family: &quot;arial&quot; , &quot;helvetica&quot; , sans-serif; font-size: large;\"><b style=\"mso-bidi-font-weight: normal;\"><span style=\"mso-ansi-language: ES;\">Desarrollo del Certamen<\/span><\/b><span style=\"mso-ansi-language: ES;\">&nbsp;<\/span><\/span><\/p>\n<p><span style=\"font-family: &quot;arial&quot; , &quot;helvetica&quot; , sans-serif; font-size: large;\"><span style=\"mso-ansi-language: ES;\">La t\u00e9cnica pict\u00f3rica en esta ocasi\u00f3n ser\u00e1, por tanto, la t\u00e9cnica mural o de gran formato, y para ello se ha habilitado un cat\u00e1logo de espacios susceptibles para la intervenci\u00f3n art\u00edstica en el n\u00facleo urbano de Juzbado. Adem\u00e1s, se ha llevado a cabo un proceso de presentaci\u00f3n de candidaturas, de las cuales se han seleccionado cinco para llevar a cabo los trabajos pict\u00f3ricos. La tem\u00e1tica versar\u00e1 sobre aspectos ligados a la localidad de Juzbado y a su t\u00e9rmino municipal, valorando especialmente aspectos como paisajes, medio natural, arquitectura, escenas y personas, etc.<\/span><\/span><\/p>\n<p><span style=\"font-family: &quot;arial&quot; , &quot;helvetica&quot; , sans-serif; font-size: large;\"><span style=\"mso-ansi-language: ES;\">El periodo para la realizaci\u00f3n de las obras murales ser\u00e1 la tercera semana de octubre de 2018, entre los d\u00edas 17 (mi\u00e9rcoles) y 20 (s\u00e1bado). El d\u00eda 21 de octubre se inaugurar\u00e1n p\u00fablicamente los trabajos murales seleccionados en compa\u00f1\u00eda de los patrocinadores, vecinos y amigos del municipio. Est\u00e1is todos invitados a acompa\u00f1arnos.<\/span><b style=\"mso-bidi-font-weight: normal;\"><span style=\"mso-ansi-language: ES;\">&nbsp;<\/span><\/b><\/span><\/p>\n<p><span style=\"font-family: &quot;arial&quot; , &quot;helvetica&quot; , sans-serif; font-size: large;\"><b style=\"mso-bidi-font-weight: normal;\"><span style=\"mso-ansi-language: ES;\">Candidatos seleccionados<\/span><\/b><span style=\"mso-ansi-language: ES;\">&nbsp;<\/span><\/span><\/p>\n<p><span style=\"font-family: &quot;arial&quot; , &quot;helvetica&quot; , sans-serif; font-size: large;\"><span style=\"mso-ansi-language: ES;\">El pasado d\u00eda 4, se reuni\u00f3 en Juzbado el jurado calificador del Certamen, seleccionando finalmente por unanimidad 5 candidaturas de entre el total de las presentadas.&nbsp; El jurando estuvo compuesto por <span lang=\"ES-TRAD\" style=\"font-family: &quot;arial&quot; , &quot;sans-serif&quot;; letter-spacing: -0.15pt;\">Fernando Rubio de la Iglesia (alcalde de Juzbado) en calidad de presidente y los vocales <b>F\u00e9lix Curto (artista pl\u00e1stico y fot\u00f3grafo), Clara Colinas (profesora y cr\u00edtica de arte) y M\u00aa Montserrat Gonz\u00e1lez Gonz\u00e1lez (pintora y profesora)<\/b>. <\/span>Las candidaturas seleccionadas son las siguientes:<\/span><b style=\"mso-bidi-font-weight: normal;\"><span style=\"mso-ansi-language: ES;\">&nbsp;<\/span><\/b><\/span><\/p>\n<p><span style=\"font-family: &quot;arial&quot; , &quot;helvetica&quot; , sans-serif; font-size: large;\"><a href=\"https:\/\/www.instagram.com\/sea_162\/\" target=\"_blank\"><b style=\"mso-bidi-font-weight: normal;\"><span style=\"mso-ansi-language: ES;\">SEA162<\/span><\/b><\/a><span style=\"mso-ansi-language: ES;\">. Alonso Murillo se define a s\u00ed mismo como grafitero y artista geom\u00e9trico. Reside actualmente en Madrid y su carrera comienza hace 20 a\u00f1os cuando descubre que el graffiti era una buena forma de conectar naturaleza y arte. Su trayectoria es amplia y dilatada en el tiempo. Siempre ha estado envuelta de la experimentaci\u00f3n y la reflexi\u00f3n que ofrece la interacci\u00f3n art\u00edstica con la naturaleza, en una constante b\u00fasqueda de nuevas formas de estimular y plantear interrogantes al observador.<\/span><b style=\"mso-bidi-font-weight: normal;\"><span style=\"mso-ansi-language: ES;\">&nbsp;<\/span><\/b><\/span><\/p>\n<p><span style=\"font-family: &quot;arial&quot; , &quot;helvetica&quot; , sans-serif; font-size: large;\"><b style=\"mso-bidi-font-weight: normal;\"><span style=\"mso-ansi-language: ES;\"><a href=\"https:\/\/www.instagram.com\/artesprada\/\" target=\"_blank\">Artes<\/a>.<\/span><\/b><b> <\/b>To\u00f1o Prada es un grafitero y artista de  origen leon\u00e9s. Ya con una forjada experiencia en el mundo del muralismo,  comenz\u00f3 dando sus primeros pasos en su ciudad natal, donde sal\u00eda a  pintar muros desde muy joven con un pu\u00f1ado de sprays y a veces de la  mano de artistas de la zona que en aquella \u00e9poca consideraba referentes y  hoy en d\u00eda se han convertido en compa\u00f1eros y amigos de profesi\u00f3n.Es  uno de los promotores del conocido festival internacional de arte  ARTAERORAP de La Ba\u00f1eza, uno de los festivales m\u00e1s importantes del  pa\u00eds,&nbsp; que ya forma parte de la conocida plataforma de arte  StreetArtCities y que adem\u00e1s, a\u00f1o a a\u00f1o aumenta considerablemente su  afluencia de artistas y p\u00fablico, debido al trabajo insaciable de toda la  organizaci\u00f3n.<b style=\"mso-bidi-font-weight: normal;\"><span style=\"mso-ansi-language: ES;\">&nbsp;<\/span><\/b><\/span><\/p>\n<p><span style=\"font-family: &quot;arial&quot; , &quot;helvetica&quot; , sans-serif; font-size: large;\"><a href=\"https:\/\/www.instagram.com\/cristianblanxer\/\" target=\"_blank\"><b style=\"mso-bidi-font-weight: normal;\"><span style=\"mso-ansi-language: ES;\">Cristian Blanxer<\/span><\/b><\/a><span style=\"mso-ansi-language: ES;\">, nacido en Barcelona el 1985, comenz\u00f3 a trabajar como Freelance e Ilustrador en el 2008, una vez finalizada la carrera de Bellas Artes. Su esp\u00edritu polifac\u00e9tico lo ha llevado a explorar diferentes estilos y t\u00e9cnicas. Esta inquietud por descubrir nuevos caminos, la frescura de sus pinceladas y la intensidad con la que percibe el color, quedan plasmados en su obra. La luz impresionista y la mancha expresiva de pulsi\u00f3n po\u00e9tica caracteriza el recorrido art\u00edstico de Blanxer. En buena parte de su obra reproduce acciones humanas, que van de situaciones m\u00e1s cotidianas a otras m\u00e1s surrealistas.<\/span><b style=\"mso-bidi-font-weight: normal;\"><span style=\"mso-ansi-language: ES;\">&nbsp;<\/span><\/b><\/span><\/p>\n<p><span style=\"font-family: &quot;arial&quot; , &quot;helvetica&quot; , sans-serif; font-size: large;\"><a href=\"https:\/\/www.instagram.com\/pierapapeltijera\/\" target=\"_blank\"><b style=\"mso-bidi-font-weight: normal;\"><span style=\"mso-ansi-language: ES;\">Repo<\/span><\/b><\/a><span style=\"mso-ansi-language: ES;\">. V\u00edctor Garc\u00eda, nacido hace 36 a\u00f1os en Barcelona reside actualmente en la provincia de Huelva. Etiquetado por el diario El Pa\u00eds como el \u201cgrafitero del flamenco\u201d, es conocido por su trabajo mural y su destreza con el collage, a trav\u00e9s del cual ha retratado a m\u00faltiples personajes con un estilo propio y original. Este artista colabora habitualmente con Blanxer y, a sugerencia de este, su candidatura para este certamen ser\u00e1 compartida.<\/span><b style=\"mso-bidi-font-weight: normal;\"><span style=\"mso-ansi-language: ES;\">&nbsp;<\/span><\/b><\/span><\/p>\n<p><span style=\"font-family: &quot;arial&quot; , &quot;helvetica&quot; , sans-serif; font-size: large;\"><b style=\"mso-bidi-font-weight: normal;\"><span style=\"mso-ansi-language: ES;\"><a href=\"https:\/\/www.instagram.com\/suk_ha_rt\/\" target=\"_blank\">SukHa<\/a>.<\/span><\/b><span style=\"mso-ansi-language: ES;\"> Teresa Mart\u00edn Patino, graduada en Bellas Artes, completa su formaci\u00f3n en la escuela profesional de dibujo ESDIP como ilustradora digital. Centrada en el arte urbano y la ilustraci\u00f3n no deja de lado otras disciplinas art\u00edsticas como la fotograf\u00eda, el dise\u00f1o o la serigraf\u00eda. Sus pinturas expresan feminidad y naturaleza. Conocida por su particular y sensible forma de reflejar patrones geom\u00e9tricos y org\u00e1nicos, su obra sorprende al observador en cualquier lugar, tratando siempre de transmitir la relaci\u00f3n entre vulnerabilidad y belleza, explorando la conexi\u00f3n entre lo interno y lo externo.<\/span><b style=\"mso-bidi-font-weight: normal;\"><span style=\"mso-ansi-language: ES;\">&nbsp;<\/span><\/b><\/span><\/p>\n<p><span style=\"font-family: &quot;arial&quot; , &quot;helvetica&quot; , sans-serif; font-size: large;\"><a href=\"https:\/\/www.instagram.com\/taquen\/\" target=\"_blank\"><b style=\"mso-bidi-font-weight: normal;\"><span style=\"mso-ansi-language: ES;\">Taquen<\/span><\/b><\/a><span style=\"mso-ansi-language: ES;\">. Gonzalo Mart\u00edn es un joven artista nacido en A Coru\u00f1a y que actualmente reside en Madrid. Su amplia obra mural la compagina con el dibujo y la pintura, siempre interesado en la b\u00fasqueda de los cambios y el movimiento que surgen de la interacci\u00f3n del hombre con la naturaleza. Tiene muchas de sus obras repartidas por Madrid y por todo el pa\u00eds, d\u00f3nde es cada vez m\u00e1s demandado, pero tambi\u00e9n en lugares tan distantes como Katmand\u00fa (Nepal).<\/span><b style=\"mso-bidi-font-weight: normal;\"><span style=\"mso-ansi-language: ES;\">&nbsp;<\/span><\/b><\/span><\/p>\n<p><span style=\"font-family: &quot;arial&quot; , &quot;helvetica&quot; , sans-serif; font-size: large;\"><b style=\"mso-bidi-font-weight: normal;\"><span style=\"mso-ansi-language: ES;\">JUZBADO Y SU DEFENSA DE UN MEDIO RURAL VIVO:<\/span><\/b><span style=\"mso-ansi-language: ES;\">&nbsp;<\/span><\/span><\/p>\n<p><span style=\"font-family: &quot;arial&quot; , &quot;helvetica&quot; , sans-serif; font-size: large;\"><span style=\"mso-ansi-language: ES;\">El arte mural est\u00e1 adquiriendo en los \u00faltimos a\u00f1os una relevancia inusual no solo en las ciudades,<span style=\"mso-spacerun: yes;\">&nbsp; <\/span>sino tambi\u00e9n en el mundo rural. <b>Son cada vez m\u00e1s los municipios que promueven encuentros y \u201cliberan\u201d sus fachadas<\/b>, paredes y espacios comunes para la intervenci\u00f3n y, en definitiva, para buscar y encontrar nuevos recursos y f\u00f3rmulas para reinventarse a s\u00ed mismos.<\/span><\/span><\/p>\n<p><span style=\"font-family: &quot;arial&quot; , &quot;helvetica&quot; , sans-serif; font-size: large;\"><span style=\"mso-ansi-language: ES;\">Se est\u00e1n generando circuitos y ofertas tur\u00edsticas en torno a estas innovadoras propuestas que ya repercuten positivamente en t\u00e9rminos econ\u00f3micos en ciudades intermedias. <b>Los otrora espacios rurales m\u00e1s desconocidos pasan a formar parte ahora de una vanguardia que consume arte mural<\/b> y que amplifica la dimensi\u00f3n de nuestros pueblos en otros \u00f3rdenes y facetas. El municipio de Juzbado ha contribuido activamente en el \u00e1mbito salmantino a impulsar esta manifestaci\u00f3n art\u00edstica en <span style=\"mso-spacerun: yes;\">&nbsp;<\/span>auge, gracias al patrocinio de ENUSA.<\/span><\/span><\/p>\n<p><span style=\"font-family: &quot;arial&quot; , &quot;helvetica&quot; , sans-serif; font-size: large;\"><span style=\"mso-ansi-language: ES;\">El <a href=\"https:\/\/juzbado.blogspot.com\/2016\/12\/un-nuevo-libro-abierto-en-juzbado.html\" target=\"_blank\">gran mural alaire libre \u201cLibro Abierto<\/a>\u201d es, sin duda, uno de los hitos m\u00e1s relevantes en este momento en el panorama cultural de nuestro pa\u00eds. As\u00ed lo demuestran las innumerables visitas que recibe cada a\u00f1o y el amplio n\u00famero de citas, referencias y menciones del mural en revistas especializadas, redes sociales e, incluso, encuentros de arte de vanguardia celebrados en los \u00faltimos meses.<span style=\"mso-spacerun: yes;\">&nbsp; <\/span><b>Juzbado adquiere por tanto una posici\u00f3n ventajosa en relaci\u00f3n a la expresi\u00f3n art\u00edstica como herramienta de reivindicaci\u00f3n del arte y del mundo rural<\/b> y, tambi\u00e9n, como sede leg\u00edtima de la experimentaci\u00f3n art\u00edstica como senda hacia el desarrollo socioecon\u00f3mico de la comarca Tormesina.<\/span><\/span><\/p>\n<p><span style=\"font-family: &quot;arial&quot; , &quot;helvetica&quot; , sans-serif; font-size: large;\"><span style=\"mso-ansi-language: ES;\"><span style=\"font-size: small;\"><span style=\"font-family: &quot;arial&quot; , &quot;helvetica&quot; , sans-serif;\">En prensa:<\/span><\/span><\/span><\/span><a href=\"https:\/\/salamancartvaldia.es\/not\/191605\/muralismo-sera-protagonista-viii-certamen-pintura-juzbado\/\" target=\"_blank\"><span style=\"font-size: small;\"><span style=\"font-family: &quot;arial&quot; , &quot;helvetica&quot; , sans-serif;\"><span style=\"font-weight: normal;\"><span style=\"font-family: &quot;arial&quot; , &quot;helvetica&quot; , sans-serif;\"> <\/span>El muralismo ser\u00e1 el protagonista del VIII Certamen de Pintura de Juzbado<\/span><\/span><\/span><\/a><br \/>\n<span style=\"font-family: &quot;arial&quot; , &quot;helvetica&quot; , sans-serif; font-size: large;\"><span style=\"mso-ansi-language: ES;\"><br \/><\/span><\/span><\/div>\n","protected":false},"excerpt":{"rendered":"<p>El pr\u00f3ximo 21 de octubre, domingo, el municipio de Juzbado acoger\u00e1 la VIII Edici\u00f3n del Certamen de Pintura en el Medio Rural que organiza el Ayuntamiento de la localidad con el patrocinio de ENUSA. Con la celebraci\u00f3n de esta nueva edici\u00f3n, centrada en esta ocasi\u00f3n en el Muralismo, se da un paso m\u00e1s all\u00e1 en [&hellip;]<\/p>\n","protected":false},"author":2,"featured_media":0,"comment_status":"open","ping_status":"open","sticky":false,"template":"","format":"standard","meta":{"saved_in_kubio":false,"footnotes":""},"categories":[1],"tags":[],"class_list":["post-473","post","type-post","status-publish","format-standard","hentry","category-sin-categoria"],"_links":{"self":[{"href":"https:\/\/juzbado.es\/nuevaweb\/wp-json\/wp\/v2\/posts\/473","targetHints":{"allow":["GET"]}}],"collection":[{"href":"https:\/\/juzbado.es\/nuevaweb\/wp-json\/wp\/v2\/posts"}],"about":[{"href":"https:\/\/juzbado.es\/nuevaweb\/wp-json\/wp\/v2\/types\/post"}],"author":[{"embeddable":true,"href":"https:\/\/juzbado.es\/nuevaweb\/wp-json\/wp\/v2\/users\/2"}],"replies":[{"embeddable":true,"href":"https:\/\/juzbado.es\/nuevaweb\/wp-json\/wp\/v2\/comments?post=473"}],"version-history":[{"count":0,"href":"https:\/\/juzbado.es\/nuevaweb\/wp-json\/wp\/v2\/posts\/473\/revisions"}],"wp:attachment":[{"href":"https:\/\/juzbado.es\/nuevaweb\/wp-json\/wp\/v2\/media?parent=473"}],"wp:term":[{"taxonomy":"category","embeddable":true,"href":"https:\/\/juzbado.es\/nuevaweb\/wp-json\/wp\/v2\/categories?post=473"},{"taxonomy":"post_tag","embeddable":true,"href":"https:\/\/juzbado.es\/nuevaweb\/wp-json\/wp\/v2\/tags?post=473"}],"curies":[{"name":"wp","href":"https:\/\/api.w.org\/{rel}","templated":true}]}}