{"id":49,"date":"2024-07-09T08:54:00","date_gmt":"2024-07-09T06:54:00","guid":{"rendered":"http:\/\/juzbado.es\/nuevaweb\/2024\/07\/09\/votacion-popular-de-calles-floridas-de-juzbado\/"},"modified":"2024-07-09T08:54:00","modified_gmt":"2024-07-09T06:54:00","slug":"votacion-popular-de-calles-floridas-de-juzbado","status":"publish","type":"post","link":"https:\/\/juzbado.es\/nuevaweb\/2024\/07\/09\/votacion-popular-de-calles-floridas-de-juzbado\/","title":{"rendered":"VOTACI\u00d3N POPULAR DE CALLES FLORIDAS DE JUZBADO"},"content":{"rendered":"<p style=\"text-align: justify;\"><span style=\"font-family: arial; white-space: pre-wrap;\"><span style=\"font-size: medium;\">Hace unos meses convocamos el primer concurso de <a href=\"https:\/\/juzbado.blogspot.com\/2024\/04\/concurso-calles-floridas-de-juzbado-2024.html\" target=\"_blank\">Calles floridas de Juzbado<\/a>. Se trataba de comenzar un proceso de embellecimiento de nuestras calles para dotarlas de m\u00e1s vida, vegetaci\u00f3n, calidad estancial y colores. Pero tambi\u00e9n de incentivar la participaci\u00f3n y el trabajo comunitario en torno al cultivo de plantas.&nbsp;<\/span><\/span><\/p>\n<p style=\"text-align: justify;\"><span style=\"font-family: arial; white-space: pre-wrap;\"><span style=\"font-size: medium;\">Meses m\u00e1s tarde debemos reconocer la abrumadora acogida de la iniciativa por parte del vecindario y la irrenunciable organizaci\u00f3n de una segunda edici\u00f3n.  Anunciamos tambi\u00e9n la votaci\u00f3n del premio popular.  Adem\u00e1s de los premios del jurado conformado particularmente para fallar los premios, <a href=\"https:\/\/drive.google.com\/file\/d\/1L1XbZs5SMghqbtsopbgUVfZOsG1SteLH\/view?usp=sharing\" target=\"_blank\">las bases incorporan<\/a> un premio popular que hemos querido compartir con todos a trav\u00e9s del formulario de votaci\u00f3n online.  Os invitamos a votar y, de paso, a comprobar el talento, la sensibilidad y la imaginaci\u00f3n que siempre sobrevuela por Juzbado.&nbsp;\u00a1Enhorabuena a todas las personas que han participado directa o indirectamente!  En unos d\u00edas anunciaremos las candidaturas ganadoras.<\/span><\/span><\/p>\n<p style=\"text-align: justify;\"><span style=\"font-size: medium;\"><\/span><\/p>\n<p style=\"text-align: center;\"><a href=\"https:\/\/forms.gle\/iRJEqsUUxDYQkD9b8\" style=\"background-color: #93c47d; color: red;\" target=\"_blank\"><b><span style=\"font-family: arial; white-space: pre-wrap;\"><span style=\"font-size: medium;\">El acceso a las votaciones se realiza e a trav\u00e9s del siguiente enlace<\/span><\/span><span style=\"font-family: arial; white-space: pre-wrap;\"><span style=\"font-size: medium;\">&nbsp;<\/span><\/span><\/b><\/a><\/p>\n<p style=\"text-align: center;\"><b><span style=\"font-family: arial; white-space: pre-wrap;\"><span style=\"font-size: medium;\"><\/span><\/span><\/b><\/p>\n<div style=\"clear: both; text-align: center;\"><b><span style=\"font-size: medium;\"><a href=\"https:\/\/blogger.googleusercontent.com\/img\/b\/R29vZ2xl\/AVvXsEicSdTv0DDoeHlURgfB2dWAyjrAs_fggX1ndfVX7NLQzAodrDkoV71bkM27R7sed1gstUDwQERis5Vt4AoZ0hJ5PZPv7QVWF9Vc2eeShDWyjjs12k0G5AHTG4ONHWnFtt0wIuFogcZ5KVDuWkKO-3SngndrcP1-8Peq9Rx45m0T6zHJ3clnGQ_CaK_RXL4\/s2395\/banner%20juzbado%20votaci%C3%B3n%20popular.jpg\" style=\"margin-left: 1em; margin-right: 1em;\"><img loading=\"lazy\" decoding=\"async\" border=\"0\" data-original-height=\"2395\" data-original-width=\"2373\" height=\"640\" src=\"https:\/\/blogger.googleusercontent.com\/img\/b\/R29vZ2xl\/AVvXsEicSdTv0DDoeHlURgfB2dWAyjrAs_fggX1ndfVX7NLQzAodrDkoV71bkM27R7sed1gstUDwQERis5Vt4AoZ0hJ5PZPv7QVWF9Vc2eeShDWyjjs12k0G5AHTG4ONHWnFtt0wIuFogcZ5KVDuWkKO-3SngndrcP1-8Peq9Rx45m0T6zHJ3clnGQ_CaK_RXL4\/w634-h640\/banner%20juzbado%20votaci%C3%B3n%20popular.jpg\" width=\"634\" \/><\/a><\/span><\/b><\/div>\n","protected":false},"excerpt":{"rendered":"<p>Hace unos meses convocamos el primer concurso de Calles floridas de Juzbado. Se trataba de comenzar un proceso de embellecimiento de nuestras calles para dotarlas de m\u00e1s vida, vegetaci\u00f3n, calidad estancial y colores. Pero tambi\u00e9n de incentivar la participaci\u00f3n y el trabajo comunitario en torno al cultivo de plantas.&nbsp; Meses m\u00e1s tarde debemos reconocer la [&hellip;]<\/p>\n","protected":false},"author":2,"featured_media":0,"comment_status":"open","ping_status":"open","sticky":false,"template":"","format":"standard","meta":{"saved_in_kubio":false,"footnotes":""},"categories":[150,153,152,151,154,135],"tags":[],"class_list":["post-49","post","type-post","status-publish","format-standard","hentry","category-calles-floridas","category-concurso","category-juzbado-participa","category-participacion","category-primavera-2024","category-verano-2024"],"_links":{"self":[{"href":"https:\/\/juzbado.es\/nuevaweb\/wp-json\/wp\/v2\/posts\/49","targetHints":{"allow":["GET"]}}],"collection":[{"href":"https:\/\/juzbado.es\/nuevaweb\/wp-json\/wp\/v2\/posts"}],"about":[{"href":"https:\/\/juzbado.es\/nuevaweb\/wp-json\/wp\/v2\/types\/post"}],"author":[{"embeddable":true,"href":"https:\/\/juzbado.es\/nuevaweb\/wp-json\/wp\/v2\/users\/2"}],"replies":[{"embeddable":true,"href":"https:\/\/juzbado.es\/nuevaweb\/wp-json\/wp\/v2\/comments?post=49"}],"version-history":[{"count":0,"href":"https:\/\/juzbado.es\/nuevaweb\/wp-json\/wp\/v2\/posts\/49\/revisions"}],"wp:attachment":[{"href":"https:\/\/juzbado.es\/nuevaweb\/wp-json\/wp\/v2\/media?parent=49"}],"wp:term":[{"taxonomy":"category","embeddable":true,"href":"https:\/\/juzbado.es\/nuevaweb\/wp-json\/wp\/v2\/categories?post=49"},{"taxonomy":"post_tag","embeddable":true,"href":"https:\/\/juzbado.es\/nuevaweb\/wp-json\/wp\/v2\/tags?post=49"}],"curies":[{"name":"wp","href":"https:\/\/api.w.org\/{rel}","templated":true}]}}