{"id":507,"date":"2018-03-22T12:10:00","date_gmt":"2018-03-22T11:10:00","guid":{"rendered":"http:\/\/juzbado.es\/nuevaweb\/2018\/03\/22\/vecinos-y-jovenes-universitarios-celebran-en-juzbado-el-dia-de-los-bosques\/"},"modified":"2018-03-22T12:10:00","modified_gmt":"2018-03-22T11:10:00","slug":"vecinos-y-jovenes-universitarios-celebran-en-juzbado-el-dia-de-los-bosques","status":"publish","type":"post","link":"https:\/\/juzbado.es\/nuevaweb\/2018\/03\/22\/vecinos-y-jovenes-universitarios-celebran-en-juzbado-el-dia-de-los-bosques\/","title":{"rendered":"VECINOS Y J\u00d3VENES UNIVERSITARIOS CELEBRAN EN JUZBADO  EL DIA DE LOS BOSQUES"},"content":{"rendered":"<div style=\"line-height: normal; margin-bottom: .0001pt; margin-bottom: 0cm; text-align: justify;\">\n<span style=\"mso-bidi-font-weight: normal;\"><span style=\"font-family: &quot;arial&quot; , &quot;sans-serif&quot;; font-size: 12.0pt;\">Una treintena de j\u00f3venes universitarios participaron junto a vecinos de Juzbado ayer mi\u00e9rcoles 21 de marzo en la plantaci\u00f3n de 150 \u00e1rboles en Juzbado con motivo de la celebraci\u00f3n de la XI Semana Verde de la Universidad de Salamanca.<span style=\"mso-spacerun: yes;\">&nbsp; <\/span>La actividad coincidi\u00f3 adem\u00e1s con el D\u00eda Internacional de los bosques<\/span><\/span><span style=\"font-family: &quot;arial&quot; , &quot;sans-serif&quot;; font-size: 12.0pt;\">.&nbsp;<\/span><\/div>\n<div style=\"clear: both; text-align: center;\">\n<a href=\"https:\/\/blogger.googleusercontent.com\/img\/b\/R29vZ2xl\/AVvXsEhDoFSOL71A65McZfdjVnCj1oY7Mhsbly07ipXsiJE83C6P7Z9JCCuFLVUVMBkPziOqwHy_aJNToNreIFVTa98PvaGtnOpJ3o_gYT3AVjwvp5sfkCwJXyP1z01OPRsNj5acGy1IRg1cNKo\/s1600\/XI+SEMANA+VERDE+JUZBADO+2018+%252812%2529+%2528Copiar%2529.jpeg\" style=\"margin-left: 1em; margin-right: 1em;\"><img loading=\"lazy\" decoding=\"async\" alt=\"Juzbado, XI Semana Verde, Libro abierto\" border=\"0\" data-original-height=\"1067\" data-original-width=\"1600\" height=\"426\" src=\"https:\/\/blogger.googleusercontent.com\/img\/b\/R29vZ2xl\/AVvXsEhDoFSOL71A65McZfdjVnCj1oY7Mhsbly07ipXsiJE83C6P7Z9JCCuFLVUVMBkPziOqwHy_aJNToNreIFVTa98PvaGtnOpJ3o_gYT3AVjwvp5sfkCwJXyP1z01OPRsNj5acGy1IRg1cNKo\/s640\/XI+SEMANA+VERDE+JUZBADO+2018+%252812%2529+%2528Copiar%2529.jpeg\" title=\"Juzbado, XI Semana Verde, Libro abierto\" width=\"640\" \/><\/a><\/div>\n<div style=\"line-height: normal; margin-bottom: .0001pt; margin-bottom: 0cm; margin-left: 0cm; margin-right: 0cm; margin-top: 12.0pt; text-align: justify;\">\n<span style=\"font-family: &quot;arial&quot; , &quot;sans-serif&quot;; font-size: 12.0pt;\"><\/span><br \/>\n<a name='more'><\/a><span style=\"font-family: &quot;arial&quot; , &quot;sans-serif&quot;; font-size: 12.0pt;\">Juzbado participa en esta onceava edici\u00f3n universitaria de la semana verde con una propuesta de reforestaci\u00f3n en lo que hasta hace pocos a\u00f1os fue la escombrera. Se trata de un espacio ya sellado convenientemente y que en esta ocasi\u00f3n se ha tapizado con m\u00e1s de 200 \u00e1rboles de diversas especies.<span style=\"mso-spacerun: yes;\">&nbsp; <\/span>En la plantaci\u00f3n participaron los vecinos de Juzbado as\u00ed como los pap\u00e1s y mam\u00e1s junto a<span style=\"mso-spacerun: yes;\">&nbsp; <\/span>los ni\u00f1os y ni\u00f1as de la Escuela Wayra y los 30 voluntarios que moviliz\u00f3 la <a href=\"http:\/\/calidadambiental.usal.es\/web\/\" target=\"_blank\"><b>Oficina Verde de la Universidad de Salamanca<\/b><\/a>. <\/span><\/div>\n<div style=\"clear: both; text-align: center;\">\n<a href=\"https:\/\/blogger.googleusercontent.com\/img\/b\/R29vZ2xl\/AVvXsEj4kjSFIvslaEan36EunFIXRQ7yeGxn-P4T4eoWF7-c7d_-MSH1kR8dvap-SJ5IOqnFrSvsEaZfFCehnEoo27Gy0cz4q7lbOtGklMlqv2G3nohvBir1PZNLnyQZ-Jjn2ek49dgtizHEpZw\/s1600\/XI+SEMANA+VERDE+JUZBADO+2018+%25285%2529+%2528Copiar%2529.jpeg\" style=\"margin-left: 1em; margin-right: 1em;\"><img loading=\"lazy\" decoding=\"async\" alt=\"Juzbado, XI Semana Verde, Libro abierto\" border=\"0\" data-original-height=\"1067\" data-original-width=\"1600\" height=\"426\" src=\"https:\/\/blogger.googleusercontent.com\/img\/b\/R29vZ2xl\/AVvXsEj4kjSFIvslaEan36EunFIXRQ7yeGxn-P4T4eoWF7-c7d_-MSH1kR8dvap-SJ5IOqnFrSvsEaZfFCehnEoo27Gy0cz4q7lbOtGklMlqv2G3nohvBir1PZNLnyQZ-Jjn2ek49dgtizHEpZw\/s640\/XI+SEMANA+VERDE+JUZBADO+2018+%25285%2529+%2528Copiar%2529.jpeg\" title=\"Juzbado, XI Semana Verde, Libro abierto\" width=\"640\" \/><\/a><\/div>\n<div style=\"line-height: normal; margin-bottom: .0001pt; margin-bottom: 0cm; margin-left: 0cm; margin-right: 0cm; margin-top: 12.0pt; text-align: justify;\">\n<span style=\"font-family: &quot;arial&quot; , &quot;sans-serif&quot;; font-size: 12.0pt;\">Tras la nutrida y entretenida plantaci\u00f3n en las laderas de Los Berrocales, se visit\u00f3 el <a href=\"http:\/\/juzbado.blogspot.com.es\/2016\/12\/un-nuevo-libro-abierto-en-juzbado.html\" target=\"_blank\"><b>gran mural Libro Abierto<\/b><\/a> de los artistas <a href=\"http:\/\/joaquinvila.com\/\" target=\"_blank\"><b>Joaqu\u00edn Vila<\/b><\/a> y <a href=\"http:\/\/pablosherrero.com\/\" target=\"_blank\"><b>Pablo Herrero<\/b><\/a> y la innovadora Escuela rural de Juzbado. La ma\u00f1ana de trabajos coordinados por los empleados municipales finaliz\u00f3<span style=\"mso-spacerun: yes;\">&nbsp; <\/span>con una comida popular organizada por el Ayuntamiento.<span style=\"mso-spacerun: yes;\">&nbsp; <\/span>Tras un merecido descanso, el grupo visit\u00f3 los miradores de la Pe\u00f1a del Castillo y el <a href=\"http:\/\/www.museodelafalla.es\/\" target=\"_blank\"><b>Museo de la Falla<\/b><\/a> para conocer tambi\u00e9n el programa anual de poes\u00eda \u201cJuzbado libro Abierto\u201d. Seg\u00fan Jos\u00e9 Santiago, unos de los vecinos participantes y experto en silvicultura, \u201c<i style=\"mso-bidi-font-style: normal;\">la plantaci\u00f3n supone la consolidaci\u00f3n vegetal de un espacio anta\u00f1o muy desmejorado<\/i>\u201d.&nbsp;<\/span><\/div>\n<div style=\"line-height: normal; margin-bottom: .0001pt; margin-bottom: 0cm; margin-left: 0cm; margin-right: 0cm; margin-top: 12.0pt; text-align: justify;\">\n<a href=\"https:\/\/blogger.googleusercontent.com\/img\/b\/R29vZ2xl\/AVvXsEgTOfcPI4VjEXm5G-346lF6YwKzIw6gyqpldAlfKf7eNqT36sbcMmATpvTPGEMxf6sP-q6VOaFq5R5z8jGFvtOQKBch99JEOV9psZPY9yyET48-2OSXhELnOLpU5h4pJu-x8QBi0j6f4KY\/s1600\/XI+SEMANA+VERDE+JUZBADO+2018+%25283%2529.jpeg\" style=\"margin-left: 1em; margin-right: 1em;\"><img loading=\"lazy\" decoding=\"async\" alt=\"Juzbado, XI Semana Verde, Libro abierto\" border=\"0\" data-original-height=\"1067\" data-original-width=\"1600\" height=\"426\" src=\"https:\/\/blogger.googleusercontent.com\/img\/b\/R29vZ2xl\/AVvXsEgTOfcPI4VjEXm5G-346lF6YwKzIw6gyqpldAlfKf7eNqT36sbcMmATpvTPGEMxf6sP-q6VOaFq5R5z8jGFvtOQKBch99JEOV9psZPY9yyET48-2OSXhELnOLpU5h4pJu-x8QBi0j6f4KY\/s640\/XI+SEMANA+VERDE+JUZBADO+2018+%25283%2529.jpeg\" title=\"Juzbado, XI Semana Verde, Libro abierto\" width=\"640\" \/><\/a><span style=\"font-family: &quot;arial&quot; , &quot;sans-serif&quot;; font-size: 12.0pt;\">Mar Marcos, responsable del voluntariado universitario a trav\u00e9s de la Oficina Verde y que coordina la efem\u00e9ride verde bajo la direcci\u00f3n del <a href=\"http:\/\/www.usal.es\/vicerrectorado-de-estudiantes-y-sostenibilidad\" target=\"_blank\"><b>Vicerrectorado de Estudiantes y Sostenibilidad<\/b><\/a>, agradeci\u00f3 la bienvenida y el trato recibidos en Juzbado con la entrega de una reproducci\u00f3n de la fachada de la universidad y que entreg\u00f3 al Fernando Rubio, el alcalde. Durante la misma jornada, Rubio tuvo ocasi\u00f3n tambi\u00e9n de acompa\u00f1ar a Julio Cordero, director de la oficina del <a href=\"http:\/\/centenario.usal.es\/\" target=\"_blank\"><b>VIII Centenario de la USAL<\/b><\/a> y a Ana Bel\u00e9n R\u00edos Hilario, Vicerrectora de Estudiantes y Sostenibilidad en la plantaci\u00f3n de una sequoia en la Plaza de Bolonia en el Campus Unamuno.<\/span><\/div>\n<div style=\"clear: both; text-align: center;\">\n<a href=\"https:\/\/blogger.googleusercontent.com\/img\/b\/R29vZ2xl\/AVvXsEjW02NwdSBjzCXvJjhprGfKazOeO0euWbuV7hJvsKfwvsfzI_NRdqbPC8ed9rustmioae37e4eNFGTiNYcMP63HaEl5yJrTeSrp4yba68w7KtcWM-qCa1eCqEbc4fN5Y836Il4FIKO-XMk\/s1600\/XI+SEMANA+VERDE+JUZBADO+2018+%252814%2529+%2528Copiar%2529.jpeg\" style=\"margin-left: 1em; margin-right: 1em;\"><img loading=\"lazy\" decoding=\"async\" alt=\"Juzbado, XI Semana Verde, Libro abierto\" border=\"0\" data-original-height=\"1067\" data-original-width=\"1600\" height=\"426\" src=\"https:\/\/blogger.googleusercontent.com\/img\/b\/R29vZ2xl\/AVvXsEjW02NwdSBjzCXvJjhprGfKazOeO0euWbuV7hJvsKfwvsfzI_NRdqbPC8ed9rustmioae37e4eNFGTiNYcMP63HaEl5yJrTeSrp4yba68w7KtcWM-qCa1eCqEbc4fN5Y836Il4FIKO-XMk\/s640\/XI+SEMANA+VERDE+JUZBADO+2018+%252814%2529+%2528Copiar%2529.jpeg\" title=\"Juzbado, XI Semana Verde, Libro abierto\" width=\"640\" \/><\/a><\/div>\n<div style=\"line-height: normal; margin-bottom: .0001pt; margin-bottom: 0cm; margin-left: 0cm; margin-right: 0cm; margin-top: 12.0pt; text-align: justify;\">\n<span style=\"font-family: &quot;arial&quot; , &quot;sans-serif&quot;; font-size: 12.0pt;\">Juzbado vuelve a afianzar su implicaci\u00f3n con el cuidado y gesti\u00f3n responsable de los paisajes tormesinos a trav\u00e9s de la participaci\u00f3n vecinal y el apoyo de la Universidad de Salamanca con la cual desarrolla en la actualidad varios proyectos.<span style=\"mso-spacerun: yes;\">&nbsp; <\/span><\/span><\/div>\n","protected":false},"excerpt":{"rendered":"<p>Una treintena de j\u00f3venes universitarios participaron junto a vecinos de Juzbado ayer mi\u00e9rcoles 21 de marzo en la plantaci\u00f3n de 150 \u00e1rboles en Juzbado con motivo de la celebraci\u00f3n de la XI Semana Verde de la Universidad de Salamanca.&nbsp; La actividad coincidi\u00f3 adem\u00e1s con el D\u00eda Internacional de los bosques.&nbsp; Juzbado participa en esta onceava [&hellip;]<\/p>\n","protected":false},"author":2,"featured_media":0,"comment_status":"open","ping_status":"open","sticky":false,"template":"","format":"standard","meta":{"saved_in_kubio":false,"footnotes":""},"categories":[652,197,245],"tags":[],"class_list":["post-507","post","type-post","status-publish","format-standard","hentry","category-reforestacion","category-universidad-de-salamanca","category-voluntariado"],"_links":{"self":[{"href":"https:\/\/juzbado.es\/nuevaweb\/wp-json\/wp\/v2\/posts\/507","targetHints":{"allow":["GET"]}}],"collection":[{"href":"https:\/\/juzbado.es\/nuevaweb\/wp-json\/wp\/v2\/posts"}],"about":[{"href":"https:\/\/juzbado.es\/nuevaweb\/wp-json\/wp\/v2\/types\/post"}],"author":[{"embeddable":true,"href":"https:\/\/juzbado.es\/nuevaweb\/wp-json\/wp\/v2\/users\/2"}],"replies":[{"embeddable":true,"href":"https:\/\/juzbado.es\/nuevaweb\/wp-json\/wp\/v2\/comments?post=507"}],"version-history":[{"count":0,"href":"https:\/\/juzbado.es\/nuevaweb\/wp-json\/wp\/v2\/posts\/507\/revisions"}],"wp:attachment":[{"href":"https:\/\/juzbado.es\/nuevaweb\/wp-json\/wp\/v2\/media?parent=507"}],"wp:term":[{"taxonomy":"category","embeddable":true,"href":"https:\/\/juzbado.es\/nuevaweb\/wp-json\/wp\/v2\/categories?post=507"},{"taxonomy":"post_tag","embeddable":true,"href":"https:\/\/juzbado.es\/nuevaweb\/wp-json\/wp\/v2\/tags?post=507"}],"curies":[{"name":"wp","href":"https:\/\/api.w.org\/{rel}","templated":true}]}}