{"id":508,"date":"2018-03-18T14:29:00","date_gmt":"2018-03-18T13:29:00","guid":{"rendered":"http:\/\/juzbado.es\/nuevaweb\/2018\/03\/18\/la-colaboracion-vecinal-apuntala-un-itinerario-sonoro-pionero-en-la-provincia\/"},"modified":"2018-03-18T14:29:00","modified_gmt":"2018-03-18T13:29:00","slug":"la-colaboracion-vecinal-apuntala-un-itinerario-sonoro-pionero-en-la-provincia","status":"publish","type":"post","link":"https:\/\/juzbado.es\/nuevaweb\/2018\/03\/18\/la-colaboracion-vecinal-apuntala-un-itinerario-sonoro-pionero-en-la-provincia\/","title":{"rendered":"LA COLABORACI\u00d3N VECINAL APUNTALA UN ITINERARIO SONORO PIONERO EN LA PROVINCIA"},"content":{"rendered":"<div style=\"text-align: justify;\">\n<span style=\"font-size: large;\"><span style=\"font-family: &quot;arial&quot; , &quot;helvetica&quot; , sans-serif;\">Este s\u00e1bado 17 de Marzo tuvo lugar la <b>segunda jornada de trabajo entre vecinos y alumnos<\/b> de la Facultad de Geograf\u00eda e Historia de la Universidad de Salamanca.&nbsp; Se trata de una propuesta de intercambio cultural entre la comunidad universitaria y nuestro municipio con el objetivo de elaborar un itinerario sonoro a partir de los recuerdos y de la memoria colectiva.&nbsp;&nbsp;<\/span><\/span><\/div>\n<div style=\"text-align: justify;\">\n<table align=\"center\" cellpadding=\"0\" cellspacing=\"0\" style=\"margin-left: auto; margin-right: auto; text-align: center;\">\n<tbody>\n<tr>\n<td style=\"text-align: center;\"><a href=\"https:\/\/blogger.googleusercontent.com\/img\/b\/R29vZ2xl\/AVvXsEhHccqqeCrlshUtqTsI8Uy3x9nkgst8JUxIS88iE_He1Tj1ohL2kxpSXWbsl314aAtLeH07pWBb9lUnTUbfVJ-ImpMZ-wrQ96rgIhpHsO60iCoqDbEVU0u7Yw1ZE9hD1hrjXbq2ES87nI4\/s1600\/juzbado+provincia+creativa+2018+%252818%2529.jpeg\" style=\"margin-left: auto; margin-right: auto;\"><img loading=\"lazy\" decoding=\"async\" alt=\"Juzbado, provincia creativa\" border=\"0\" data-original-height=\"1009\" data-original-width=\"1514\" height=\"426\" src=\"https:\/\/blogger.googleusercontent.com\/img\/b\/R29vZ2xl\/AVvXsEhHccqqeCrlshUtqTsI8Uy3x9nkgst8JUxIS88iE_He1Tj1ohL2kxpSXWbsl314aAtLeH07pWBb9lUnTUbfVJ-ImpMZ-wrQ96rgIhpHsO60iCoqDbEVU0u7Yw1ZE9hD1hrjXbq2ES87nI4\/s640\/juzbado+provincia+creativa+2018+%252818%2529.jpeg\" title=\"Juzbado, provincia creativa\" width=\"640\" \/><\/a><\/td>\n<\/tr>\n<tr>\n<td style=\"text-align: center;\"><span style=\"font-size: small;\"><span style=\"font-family: &quot;arial&quot; , &quot;helvetica&quot; , sans-serif;\"><span style=\"font-size: x-small;\">Vecinos y alumnos de la USAL en un descanso de la sesi\u00f3n de trabajo.<\/span><\/span><\/span><\/td>\n<\/tr>\n<\/tbody>\n<\/table>\n<\/div>\n<p><span style=\"font-size: large;\"><span style=\"font-family: &quot;arial&quot; , &quot;helvetica&quot; , sans-serif;\">  <\/span><\/span><\/p>\n<div style=\"text-align: justify;\">\n<span style=\"font-size: large;\"><span style=\"font-family: &quot;arial&quot; , &quot;helvetica&quot; , sans-serif;\"><\/span><\/span><br \/>\n<a name='more'><\/a><span style=\"font-size: large;\"><span style=\"font-family: &quot;arial&quot; , &quot;helvetica&quot; , sans-serif;\">Este segundo encuentro <b>ha sido intenso ya que los vecinos tuvieron que realizar grabaciones de los relatos e historias previamente escritas<\/b>, as\u00ed como repasar y perfilar los textos antes de la grabaci\u00f3n.&nbsp; Todo ello ha sido posible gracias a la entrega de muchos vecinos que han tenido a bien participar en esta innovadora iniciativa promovida desde el Ayuntamiento y el programa universitario <a href=\"http:\/\/sas.usal.es\/provincia-creativa-17-18\/\" target=\"_blank\"><b>Provincia Creativa<\/b><\/a> que desarrolla la Universidad de Salamanca con la financiaci\u00f3n de la Diputaci\u00f3n de Salamanca.&nbsp; Asimismo, queremos reconocer el entusiasmo y el saber hacer de los alumnos de la <a href=\"http:\/\/fgh.usal.es\/\" target=\"_blank\"><b>Facultad de Geograf\u00eda e Historia<\/b><\/a> que han dedicado toda la tarde del s\u00e1bado a esta tarea en perfecta coordinaci\u00f3n con el profesor e investigador Jorge Gim\u00e9nez.&nbsp;&nbsp;<\/span><\/span><\/p>\n<p><span style=\"font-size: large;\"><span style=\"font-family: &quot;arial&quot; , &quot;helvetica&quot; , sans-serif;\">Seg\u00fan Laura Hern\u00e1ndez y Paula Ortigosa, alumnas de Jorge, &nbsp;\u201cexiste un enorme patrimonio inmaterial pendiente de reconocimiento en el mundo rural, hoy lo hemos comprobado con los testimonios de Joaquina, Pepita, Pili, Filo, Tere o Juan y Nati\u201d. En este momento contamos ya con <b>materiales sonoros que est\u00e1n pendientes de geolocalizar<\/b> y de ponerse a disposici\u00f3n p\u00fablica en una nueva plataforma que est\u00e1 dise\u00f1ando Rodrigo &nbsp;Zevallos, estudiante de ingenier\u00eda inform\u00e1tica y voluntario del <a href=\"http:\/\/sas.usal.es\/\" target=\"_blank\"><b>SAS<\/b><\/a> (Servicio de Asuntos Sociales).<\/span><\/span><\/div>\n<div style=\"text-align: justify;\">\n<table align=\"center\" cellpadding=\"0\" cellspacing=\"0\" style=\"margin-left: auto; margin-right: auto; text-align: center;\">\n<tbody>\n<tr>\n<td style=\"text-align: center;\"><a href=\"https:\/\/blogger.googleusercontent.com\/img\/b\/R29vZ2xl\/AVvXsEhdWCvduoPJ7YfamZiEcNfql8pxQo-0lwNmRjjdyUGwyTFbzki9NINJIJcD0RfDBscU89Dsu2OxW85QjicklAAit8LgZcCLllbTSi6SM3EFO08_zJeYzK8EwSvksTz87BJ8KagX0aUM2co\/s1600\/juzbado+provincia+creativa+2018+%25281%2529.jpeg\" style=\"margin-left: auto; margin-right: auto;\"><img loading=\"lazy\" decoding=\"async\" alt=\"Juzbado, provincia creativa\" border=\"0\" data-original-height=\"1200\" data-original-width=\"1600\" height=\"480\" src=\"https:\/\/blogger.googleusercontent.com\/img\/b\/R29vZ2xl\/AVvXsEhdWCvduoPJ7YfamZiEcNfql8pxQo-0lwNmRjjdyUGwyTFbzki9NINJIJcD0RfDBscU89Dsu2OxW85QjicklAAit8LgZcCLllbTSi6SM3EFO08_zJeYzK8EwSvksTz87BJ8KagX0aUM2co\/s640\/juzbado+provincia+creativa+2018+%25281%2529.jpeg\" title=\"Juzbado, provincia creativa\" width=\"640\" \/><\/a><\/td>\n<\/tr>\n<tr>\n<td style=\"text-align: center;\"><span style=\"font-size: small;\"><span style=\"font-family: &quot;arial&quot; , &quot;helvetica&quot; , sans-serif;\">Las estudiantes Sonia \u00c1lvarez y Alba Maria Mateos preparan materiales para el itinerario sonoro<\/span><\/span><\/td>\n<\/tr>\n<\/tbody>\n<\/table>\n<\/div>\n<p><span style=\"font-size: large;\"><span style=\"font-family: &quot;arial&quot; , &quot;helvetica&quot; , sans-serif;\">  <\/span><\/span><\/p>\n<div style=\"text-align: justify;\">\n<span style=\"font-size: large;\"><span style=\"font-family: &quot;arial&quot; , &quot;helvetica&quot; , sans-serif;\">Esperamos ofreceros pronto el resultado de esta propuesta pionera en nuestra provincia y que <b>permitir\u00e1 mantener viva la memoria oral de Juzbado gracias a una sencilla aplicaci\u00f3n en nuestros tel\u00e9fonos m\u00f3viles<\/b>. A trav\u00e9s de ella se podr\u00e1n escuchar no solo las grabaciones realizadas ayer, sino tambi\u00e9n las que nos han llegado de muchos otros vecinos de Juzbado. <\/span><\/span><br \/>\n<span style=\"font-size: large;\"><span style=\"font-family: &quot;arial&quot; , &quot;helvetica&quot; , sans-serif;\"><\/p>\n<table align=\"center\" cellpadding=\"0\" cellspacing=\"0\" style=\"margin-left: auto; margin-right: auto; text-align: center;\">\n<tbody>\n<tr>\n<td style=\"text-align: center;\"><a href=\"https:\/\/blogger.googleusercontent.com\/img\/b\/R29vZ2xl\/AVvXsEix1OztmUOFEFLaXya2EqcoJ0lla0kEE_9bj5GK1EeVrWW9fIjHYXA87Jt-3g8Yj53HqyS1-xq-odkE7T02sDdEcG7tfqeFUqom3NYyYVRF20v5b-cfmhisjmP0gVtj0JwDIpRXAfh6iAc\/s1600\/juzbado+provincia+creativa+2018+%252812%2529.jpeg\" style=\"margin-left: auto; margin-right: auto;\"><img loading=\"lazy\" decoding=\"async\" alt=\"Juzbado, provincia creativa\" border=\"0\" data-original-height=\"1200\" data-original-width=\"1600\" height=\"480\" src=\"https:\/\/blogger.googleusercontent.com\/img\/b\/R29vZ2xl\/AVvXsEix1OztmUOFEFLaXya2EqcoJ0lla0kEE_9bj5GK1EeVrWW9fIjHYXA87Jt-3g8Yj53HqyS1-xq-odkE7T02sDdEcG7tfqeFUqom3NYyYVRF20v5b-cfmhisjmP0gVtj0JwDIpRXAfh6iAc\/s640\/juzbado+provincia+creativa+2018+%252812%2529.jpeg\" title=\"Juzbado, provincia creativa\" width=\"640\" \/><\/a><\/td>\n<\/tr>\n<tr>\n<td style=\"text-align: center;\"><span style=\"font-size: small;\">El investigador y profesor Jorge Gim\u00e9nez conversa con Quiny, Tere, Filo y Pepita.<\/span><\/td>\n<\/tr>\n<\/tbody>\n<\/table>\n<p><\/span><\/span><br \/>\n<span style=\"font-size: large;\"><span style=\"font-family: &quot;arial&quot; , &quot;helvetica&quot; , sans-serif;\">Adem\u00e1s, esta iniciativa se est\u00e1 haciendo al mismo tiempo en el municipio cercano de <a href=\"http:\/\/palaciosdelarzobispo.com\/\" target=\"_blank\"><b>Palacios del Arzobispo<\/b><\/a>, con el cu\u00e1l se espera realizar en fechas pr\u00f3ximas un encuentro vecinal para poner en com\u00fan esta experiencia.<\/span><\/span><\/p>\n<p><span style=\"font-size: large;\"><span style=\"font-family: &quot;arial&quot; , &quot;helvetica&quot; , sans-serif;\">Prensa: <\/span><\/span><\/p>\n<h1>\n<a href=\"http:\/\/salamancartvaldia.es\/not\/175137\/itinerario-sonoro-para-preservar-memoria-colectiva\/\" target=\"_blank\"><span style=\"font-size: x-small;\"><span style=\"font-family: &quot;arial&quot; , &quot;helvetica&quot; , sans-serif;\">Un itinerario sonoro para preservar la memoria colectiva<\/span><\/span><\/a><\/h1>\n<div style=\"clear: both; text-align: left;\">\n<a href=\"https:\/\/blogger.googleusercontent.com\/img\/b\/R29vZ2xl\/AVvXsEjtuF1gr12TEXnE8K4z3wT_vJ0y0d3eV1EA4uKj86iLgyi5rp2AqpJbpnDYeh1ddEVxbGFKUt4kZmC_LhRp8YCbgCILv0p3tHoMZtyfnPKKPIGLCK3n0cnHBX2Zr11U9o2vKXOTX393kIY\/s1600\/donaci%25C3%25B3n+ACCEM_+El+Norte+de+Castilla_+18+ene+2018_2.jpg\" style=\"margin-left: 1em; margin-right: 1em;\"><img loading=\"lazy\" decoding=\"async\" border=\"0\" data-original-height=\"699\" data-original-width=\"1600\" height=\"276\" src=\"https:\/\/blogger.googleusercontent.com\/img\/b\/R29vZ2xl\/AVvXsEjtuF1gr12TEXnE8K4z3wT_vJ0y0d3eV1EA4uKj86iLgyi5rp2AqpJbpnDYeh1ddEVxbGFKUt4kZmC_LhRp8YCbgCILv0p3tHoMZtyfnPKKPIGLCK3n0cnHBX2Zr11U9o2vKXOTX393kIY\/s640\/donaci%25C3%25B3n+ACCEM_+El+Norte+de+Castilla_+18+ene+2018_2.jpg\" width=\"640\" \/><\/a><\/div>\n<h1>\n<span style=\"font-size: x-small;\"><span style=\"font-family: &quot;arial&quot; , &quot;helvetica&quot; , sans-serif;\">&nbsp;<\/span><\/span><\/h1>\n<\/div>\n","protected":false},"excerpt":{"rendered":"<p>Este s\u00e1bado 17 de Marzo tuvo lugar la segunda jornada de trabajo entre vecinos y alumnos de la Facultad de Geograf\u00eda e Historia de la Universidad de Salamanca.&nbsp; Se trata de una propuesta de intercambio cultural entre la comunidad universitaria y nuestro municipio con el objetivo de elaborar un itinerario sonoro a partir de los [&hellip;]<\/p>\n","protected":false},"author":2,"featured_media":0,"comment_status":"open","ping_status":"open","sticky":false,"template":"","format":"standard","meta":{"saved_in_kubio":false,"footnotes":""},"categories":[1],"tags":[],"class_list":["post-508","post","type-post","status-publish","format-standard","hentry","category-sin-categoria"],"_links":{"self":[{"href":"https:\/\/juzbado.es\/nuevaweb\/wp-json\/wp\/v2\/posts\/508","targetHints":{"allow":["GET"]}}],"collection":[{"href":"https:\/\/juzbado.es\/nuevaweb\/wp-json\/wp\/v2\/posts"}],"about":[{"href":"https:\/\/juzbado.es\/nuevaweb\/wp-json\/wp\/v2\/types\/post"}],"author":[{"embeddable":true,"href":"https:\/\/juzbado.es\/nuevaweb\/wp-json\/wp\/v2\/users\/2"}],"replies":[{"embeddable":true,"href":"https:\/\/juzbado.es\/nuevaweb\/wp-json\/wp\/v2\/comments?post=508"}],"version-history":[{"count":0,"href":"https:\/\/juzbado.es\/nuevaweb\/wp-json\/wp\/v2\/posts\/508\/revisions"}],"wp:attachment":[{"href":"https:\/\/juzbado.es\/nuevaweb\/wp-json\/wp\/v2\/media?parent=508"}],"wp:term":[{"taxonomy":"category","embeddable":true,"href":"https:\/\/juzbado.es\/nuevaweb\/wp-json\/wp\/v2\/categories?post=508"},{"taxonomy":"post_tag","embeddable":true,"href":"https:\/\/juzbado.es\/nuevaweb\/wp-json\/wp\/v2\/tags?post=508"}],"curies":[{"name":"wp","href":"https:\/\/api.w.org\/{rel}","templated":true}]}}