{"id":51,"date":"2024-07-02T17:44:00","date_gmt":"2024-07-02T15:44:00","guid":{"rendered":"http:\/\/juzbado.es\/nuevaweb\/2024\/07\/02\/arte-en-verano-2024\/"},"modified":"2024-07-02T17:44:00","modified_gmt":"2024-07-02T15:44:00","slug":"arte-en-verano-2024","status":"publish","type":"post","link":"https:\/\/juzbado.es\/nuevaweb\/2024\/07\/02\/arte-en-verano-2024\/","title":{"rendered":"ARTE EN VERANO 2024"},"content":{"rendered":"<p style=\"text-align: justify;\"><span style=\"font-family: arial;\"><span style=\"font-size: medium;\">Hemos perdido la cuenta de las ediciones que hemos realizado de \u00abArte en verano\u00bb. En cualquier caso, queremos recordaros que se trata de un programa decano de nuestro pueblo en el que vienen participando los peque\u00f1os interviniendo en el mobiliario p\u00fablico.&nbsp;<\/span><\/span><\/p>\n<p style=\"text-align: justify;\"><span style=\"font-family: arial;\"><span style=\"font-size: medium;\">Ya lo hicimos con las papeleras, pero desde entonces hemos pintado muchas otras superficies. Las paradas de autob\u00fas, las alcantarillas, los postes, bancos, el punto limpio, la plaza&#8230; Se trata de una programa que permite a todos los participantes intervenir de forma libre y creativa en aquellos elementos comunes de los pueblos y ciudades.&nbsp; Este a\u00f1o queremos invitaros a celebrar durante el mes de julio y agosto el arte con Montserrat Gonz\u00e1lez todos los mi\u00e9rcoles de 10:30 h. a 12:00 h. Os esperamos.<\/span><\/span><\/p>\n<p style=\"text-align: justify;\"><span style=\"font-family: arial;\"><span style=\"font-size: medium;\"><\/span><\/span><\/p>\n<div style=\"clear: both; text-align: center;\"><span style=\"font-size: medium;\"><a href=\"https:\/\/blogger.googleusercontent.com\/img\/b\/R29vZ2xl\/AVvXsEgBJH9rt4EqZ8OKXVo9aCm_2fZxlbnfXrc8f_z-sis2ElqzBVJeZUVZDuOv2zl6XCqv1gBS0XTXeFblPW4PsnO_GkaLdtYV85ldQic_2br3TdC3MoVPXNqjXKwicoCXXyUixOX6lJYJDHbxq-JvT8AWgWl_HOPj9qv5RZHUjhlqwkV4JGVlDPWXxdiOLco\/s2480\/ARTE%20EN%20VERANO%202024.jpg\" style=\"margin-left: 1em; margin-right: 1em;\"><img loading=\"lazy\" decoding=\"async\" alt=\"Juzbado, Arte en verano,arte en verano 2024,Montserrat Gonz\u00e1lez, verano 2024\" border=\"0\" data-original-height=\"2480\" data-original-width=\"2480\" height=\"640\" src=\"https:\/\/blogger.googleusercontent.com\/img\/b\/R29vZ2xl\/AVvXsEgBJH9rt4EqZ8OKXVo9aCm_2fZxlbnfXrc8f_z-sis2ElqzBVJeZUVZDuOv2zl6XCqv1gBS0XTXeFblPW4PsnO_GkaLdtYV85ldQic_2br3TdC3MoVPXNqjXKwicoCXXyUixOX6lJYJDHbxq-JvT8AWgWl_HOPj9qv5RZHUjhlqwkV4JGVlDPWXxdiOLco\/w640-h640\/ARTE%20EN%20VERANO%202024.jpg\" title=\"Juzbado, Arte en verano,arte en verano 2024,Montserrat Gonz\u00e1lez, verano 2024\" width=\"640\" \/><\/a><\/span><\/div>\n<p><span style=\"font-size: medium;\">Para los mayores tambi\u00e9n contamos con una sesi\u00f3n gratuita los lunes a la mis a hora en el sal\u00f3n de actos.<\/span><\/p>\n<p style=\"text-align: justify;\"><span style=\"font-family: arial;\"><\/span><\/p>\n<div style=\"clear: both; text-align: center;\"><a href=\"https:\/\/blogger.googleusercontent.com\/img\/b\/R29vZ2xl\/AVvXsEhgYBoO8rcg_ofV9FTv6sP967PQ0jbBdaOfTUBBF9g1iYYLdWyphbaNjb_bqFukqQ-MulaJryLThAICbxRe-Eq3vNnRfQTIN3Nep3Z-osDoRbOlmP5Y-Ng6Lx1zyG0iTjK3LDzJr646_xafXVtEAbtzwWtHyaV3MFRa1NfxL3r2kmSEZu-e2dkXiInE-U4\/s2480\/ARTE%20EN%20VERANO%202024%20ADULTOS%20INSTAGRAM.jpg\" style=\"margin-left: 1em; margin-right: 1em;\"><img loading=\"lazy\" decoding=\"async\" alt=\"Juzbado, Arte en verano,arte en verano 2024,Montserrat Gonz\u00e1lez, verano 2024\" border=\"0\" data-original-height=\"2480\" data-original-width=\"2480\" height=\"640\" src=\"https:\/\/blogger.googleusercontent.com\/img\/b\/R29vZ2xl\/AVvXsEhgYBoO8rcg_ofV9FTv6sP967PQ0jbBdaOfTUBBF9g1iYYLdWyphbaNjb_bqFukqQ-MulaJryLThAICbxRe-Eq3vNnRfQTIN3Nep3Z-osDoRbOlmP5Y-Ng6Lx1zyG0iTjK3LDzJr646_xafXVtEAbtzwWtHyaV3MFRa1NfxL3r2kmSEZu-e2dkXiInE-U4\/w640-h640\/ARTE%20EN%20VERANO%202024%20ADULTOS%20INSTAGRAM.jpg\" title=\"Juzbado, Arte en verano,arte en verano 2024,Montserrat Gonz\u00e1lez, verano 2024\" width=\"640\" \/><\/a><\/div>\n","protected":false},"excerpt":{"rendered":"<p>Hemos perdido la cuenta de las ediciones que hemos realizado de \u00abArte en verano\u00bb. En cualquier caso, queremos recordaros que se trata de un programa decano de nuestro pueblo en el que vienen participando los peque\u00f1os interviniendo en el mobiliario p\u00fablico.&nbsp; Ya lo hicimos con las papeleras, pero desde entonces hemos pintado muchas otras superficies. [&hellip;]<\/p>\n","protected":false},"author":2,"featured_media":0,"comment_status":"open","ping_status":"open","sticky":false,"template":"","format":"standard","meta":{"saved_in_kubio":false,"footnotes":""},"categories":[160,161,162,135],"tags":[],"class_list":["post-51","post","type-post","status-publish","format-standard","hentry","category-arte-en-verano","category-arte-en-verano-2024","category-montserrat-gonzalez","category-verano-2024"],"_links":{"self":[{"href":"https:\/\/juzbado.es\/nuevaweb\/wp-json\/wp\/v2\/posts\/51","targetHints":{"allow":["GET"]}}],"collection":[{"href":"https:\/\/juzbado.es\/nuevaweb\/wp-json\/wp\/v2\/posts"}],"about":[{"href":"https:\/\/juzbado.es\/nuevaweb\/wp-json\/wp\/v2\/types\/post"}],"author":[{"embeddable":true,"href":"https:\/\/juzbado.es\/nuevaweb\/wp-json\/wp\/v2\/users\/2"}],"replies":[{"embeddable":true,"href":"https:\/\/juzbado.es\/nuevaweb\/wp-json\/wp\/v2\/comments?post=51"}],"version-history":[{"count":0,"href":"https:\/\/juzbado.es\/nuevaweb\/wp-json\/wp\/v2\/posts\/51\/revisions"}],"wp:attachment":[{"href":"https:\/\/juzbado.es\/nuevaweb\/wp-json\/wp\/v2\/media?parent=51"}],"wp:term":[{"taxonomy":"category","embeddable":true,"href":"https:\/\/juzbado.es\/nuevaweb\/wp-json\/wp\/v2\/categories?post=51"},{"taxonomy":"post_tag","embeddable":true,"href":"https:\/\/juzbado.es\/nuevaweb\/wp-json\/wp\/v2\/tags?post=51"}],"curies":[{"name":"wp","href":"https:\/\/api.w.org\/{rel}","templated":true}]}}