{"id":510,"date":"2018-03-18T13:10:00","date_gmt":"2018-03-18T12:10:00","guid":{"rendered":"http:\/\/juzbado.es\/nuevaweb\/2018\/03\/18\/wayra-consolida-su-proyecto-educativo-en-juzbado-2\/"},"modified":"2018-03-18T13:10:00","modified_gmt":"2018-03-18T12:10:00","slug":"wayra-consolida-su-proyecto-educativo-en-juzbado-2","status":"publish","type":"post","link":"https:\/\/juzbado.es\/nuevaweb\/2018\/03\/18\/wayra-consolida-su-proyecto-educativo-en-juzbado-2\/","title":{"rendered":"WAYRA CONSOLIDA SU PROYECTO EDUCATIVO EN JUZBADO"},"content":{"rendered":"<div style=\"text-align: justify;\">\n<span style=\"font-family: &quot;arial&quot; , &quot;helvetica&quot; , sans-serif;\"><\/span><\/div>\n<div style=\"text-align: justify;\">\n<span style=\"font-family: &quot;arial&quot; , &quot;helvetica&quot; , sans-serif;\"><span style=\"font-size: large;\">La <b><a href=\"https:\/\/es-es.facebook.com\/colectivowayra\/\" target=\"_blank\">Escuela Libre Wayra<\/a><\/b> ha celebrado hoy s\u00e1bado 17 de marzo una jornada de puertas abiertas en Juzbado.  La escuela Wayra desarrolla su actividad docente en el municipio de manera ininterrumpida desde septiembre de 2017.&nbsp;<\/span><\/span><\/div>\n<table align=\"center\" cellpadding=\"0\" cellspacing=\"0\" style=\"margin-left: auto; margin-right: auto; text-align: center;\">\n<tbody>\n<tr>\n<td style=\"text-align: center;\"><a href=\"https:\/\/blogger.googleusercontent.com\/img\/b\/R29vZ2xl\/AVvXsEgTKTSctnjdrMImxSssQAicnUXOpGe8oUAdnPiMQY9D36RC24nBbVfu07mYnVvlAY67mMpC8qfvAfBBSWATsxqKPfQNiJx6lj5rpsl4UuzU_dCKFR1a13_S8WaU7SLpf5BwU7viTQzEZB0\/s1600\/juzbado+escuela+wayra+%252812%2529.jpeg\" style=\"margin-left: auto; margin-right: auto;\"><img loading=\"lazy\" decoding=\"async\" alt=\"Juzbado, escuela libre Wayra\" border=\"0\" data-original-height=\"1200\" data-original-width=\"1600\" height=\"480\" src=\"https:\/\/blogger.googleusercontent.com\/img\/b\/R29vZ2xl\/AVvXsEgTKTSctnjdrMImxSssQAicnUXOpGe8oUAdnPiMQY9D36RC24nBbVfu07mYnVvlAY67mMpC8qfvAfBBSWATsxqKPfQNiJx6lj5rpsl4UuzU_dCKFR1a13_S8WaU7SLpf5BwU7viTQzEZB0\/s640\/juzbado+escuela+wayra+%252812%2529.jpeg\" title=\"Juzbado, escuela libre Wayra\" width=\"640\" \/><\/a><\/td>\n<\/tr>\n<tr>\n<td style=\"text-align: center;\"><span style=\"font-family: &quot;arial&quot; , &quot;helvetica&quot; , sans-serif; font-size: small;\">La presentaci\u00f3n de la jornada se acompa\u00f1\u00f3 de la proyecci\u00f3n de un audiovisual de la Escuela<\/span><\/td>\n<\/tr>\n<\/tbody>\n<\/table>\n<div style=\"text-align: justify;\">\n<span style=\"font-family: &quot;arial&quot; , &quot;helvetica&quot; , sans-serif;\"><span style=\"font-size: large;\"><\/span><\/span><br \/>\n<a name='more'><\/a><span style=\"font-family: &quot;arial&quot; , &quot;helvetica&quot; , sans-serif;\"><span style=\"font-size: large;\">La presentaci\u00f3n escolar comenz\u00f3 con la bienvenida del alcalde, Fernando Rubio, quien destac\u00f3 que la escuela de Juzbado es un proyecto com\u00fan y cuyo arraigo en el pueblo repone por fin buena parte de la vitalidad perdida en el mundo rural.  El acto continu\u00f3 con unas palabras en torno al proyecto educativo y de los <b>fundamentos y principios pedag\u00f3gicos que rigen esta innovadora propuesta educativa en Castilla y Le\u00f3n<\/b>. Seg\u00fan los portavoces de la escuela, Juzbado cumple con tres requisitos fundamentales para la puesta en marcha de una escuela alternativa.  El primero es <b>el entorno natural, variado y atractivo<\/b> para poner en marcha actividades en contacto con la naturaleza.  El segundo apunta a la <b>calidad y receptividad municipal<\/b> y, en tercer lugar, los vecinos y gentes de Juzbado han mostrado un <b>cari\u00f1o y familiaridad<\/b> con el proyecto que, \u201credondean el quehacer de la escuela\u201d.  Buena prueba de ello es el recetario que est\u00e1n  elaborando los m\u00e1s peque\u00f1os en colaboraci\u00f3n con los vecinos o, en otro orden de cosas, la participaci\u00f3n de la escuela en la plantaci\u00f3n de \u00e1rboles que se llevar\u00e1 a cabo la semana que viene durante el D\u00eda Internacional de los Bosques organizado en el marco de la <a href=\"http:\/\/sas.usal.es\/xi-semana-verde-de-la-universidad-de-salamanca-universidad-y-sostenibilidad-pasado-presente-y-futuro\/\" target=\"_blank\"><b>XI Semana Verde<\/b><\/a> de la Universidad de Salamanca.&nbsp;<\/span><\/span><\/div>\n<div style=\"text-align: justify;\">\n<\/div>\n<table align=\"center\" cellpadding=\"0\" cellspacing=\"0\" style=\"margin-left: auto; margin-right: auto; text-align: center;\">\n<tbody>\n<tr>\n<td style=\"text-align: center;\"><a href=\"https:\/\/blogger.googleusercontent.com\/img\/b\/R29vZ2xl\/AVvXsEifR31tjadFNEeTw38uj24m2Dl9pUsljq17L0rJw5QWEG9QDdBA8rEFo06XQiJUVu0Q2rZ0ouq-YlbcJCM7_okc3iZqINgjTSh3LW41BMD7cCxRLmUz9bwxbapz8hUqO-jIcX2dyfYBhVo\/s1600\/juzbado+escuela+wayra+%252811%2529.jpeg\" style=\"margin-left: auto; margin-right: auto;\"><img loading=\"lazy\" decoding=\"async\" alt=\"Juzbado, escuela libre Wayra\" border=\"0\" data-original-height=\"1201\" data-original-width=\"1600\" height=\"480\" src=\"https:\/\/blogger.googleusercontent.com\/img\/b\/R29vZ2xl\/AVvXsEifR31tjadFNEeTw38uj24m2Dl9pUsljq17L0rJw5QWEG9QDdBA8rEFo06XQiJUVu0Q2rZ0ouq-YlbcJCM7_okc3iZqINgjTSh3LW41BMD7cCxRLmUz9bwxbapz8hUqO-jIcX2dyfYBhVo\/s640\/juzbado+escuela+wayra+%252811%2529.jpeg\" title=\"Juzbado, escuela libre Wayra\" width=\"640\" \/><\/a><\/td>\n<\/tr>\n<tr>\n<td style=\"text-align: center;\"><span style=\"font-family: &quot;arial&quot; , &quot;helvetica&quot; , sans-serif; font-size: small;\">Tras la comida hubo momentos para la distenci\u00f3n y el juego en el sal\u00f3n de actos.<\/span><\/td>\n<\/tr>\n<\/tbody>\n<\/table>\n<div style=\"clear: both; text-align: center;\">\n<span style=\"font-size: large;\"><\/span><\/div>\n<p><\/p>\n<div style=\"text-align: justify;\">\n<span style=\"font-family: &quot;arial&quot; , &quot;helvetica&quot; , sans-serif;\"><span style=\"font-size: large;\">Tras un paseo por el pueblo con las familias y los vecinos, en el que tuvimos ocasi\u00f3n de visitar el <a href=\"http:\/\/www.museodelafalla.es\/\" target=\"_blank\"><b>Museo de la Falla<\/b><\/a> y el Mirador de la Pe\u00f1a del Castillo, se presentaron en sociedad las <b>instalaciones de la Escuela situadas en la antigua Casa del Maestro<\/b>.  Tras la presentaci\u00f3n y la visita a la escuela, las m\u00e1s de 80 personas participantes pudieron disfrutar del <b>espect\u00e1culo del payaso y malabarista<\/b> de la <a href=\"https:\/\/circochiquitinsite.wordpress.com\/\" target=\"_blank\"><b>compa\u00f1\u00eda Circo Chiquit\u00edn<\/b><\/a>, Pavel Gonz\u00e1lez.<\/span><\/span><\/div>\n<div style=\"text-align: justify;\">\n<\/div>\n<div style=\"text-align: justify;\">\n<span style=\"font-family: &quot;arial&quot; , &quot;helvetica&quot; , sans-serif;\"><span style=\"font-size: large;\">La jornada de puertas abiertas ha finalizado con una abundante y exquisita comida popular en el sal\u00f3n de actos del Ayuntamiento.<\/span><\/span><\/div>\n<table align=\"center\" cellpadding=\"0\" cellspacing=\"0\" style=\"margin-left: auto; margin-right: auto; text-align: center;\">\n<tbody>\n<tr>\n<td style=\"text-align: center;\"><a href=\"https:\/\/blogger.googleusercontent.com\/img\/b\/R29vZ2xl\/AVvXsEjOVYTBbjU7uMC1VQ7Ky2CGGZf9-kaBvaBS9vD0O7SN4jneioLTCPY6iyQ3XiVqIhNhkHCFmNQJ2UNg6TTFKJ77iIs6IbaHeU6TFGjekgpTRPmrmYoG97k0cJ6kyEpe-upCytAwqQv2uiQ\/s1600\/juzbado+escuela+wayra+%25289%2529.jpeg\" style=\"margin-left: auto; margin-right: auto;\"><img loading=\"lazy\" decoding=\"async\" alt=\"Juzbado, escuela libre Wayra\" border=\"0\" data-original-height=\"1200\" data-original-width=\"1600\" height=\"480\" src=\"https:\/\/blogger.googleusercontent.com\/img\/b\/R29vZ2xl\/AVvXsEjOVYTBbjU7uMC1VQ7Ky2CGGZf9-kaBvaBS9vD0O7SN4jneioLTCPY6iyQ3XiVqIhNhkHCFmNQJ2UNg6TTFKJ77iIs6IbaHeU6TFGjekgpTRPmrmYoG97k0cJ6kyEpe-upCytAwqQv2uiQ\/s640\/juzbado+escuela+wayra+%25289%2529.jpeg\" title=\"Juzbado, escuela libre Wayra\" width=\"640\" \/><\/a><\/td>\n<\/tr>\n<tr>\n<td style=\"text-align: center;\"><span style=\"font-family: &quot;arial&quot; , &quot;helvetica&quot; , sans-serif; font-size: small;\">Los m\u00e1s peque\u00f1os comieron en mesas preparadas especialmente para ello.<\/span><\/td>\n<\/tr>\n<\/tbody>\n<\/table>\n<div style=\"text-align: justify;\">\n<span style=\"font-size: large;\"><span style=\"font-family: &quot;arial&quot; , &quot;helvetica&quot; , sans-serif;\"><b>Prensa:&nbsp;<\/b><\/span><\/span><\/p>\n<h1>\n<a href=\"http:\/\/salamancartvaldia.es\/not\/175136\/escuela-wayra-consolida-proyecto-educativo-juzbado\/\" target=\"_blank\"><span style=\"font-size: x-small;\"><span style=\"font-family: &quot;arial&quot; , &quot;helvetica&quot; , sans-serif;\">La escuela Wayra consolida su proyecto educativo en Juzbado<\/span><\/span><\/a><\/h1>\n<\/div>\n","protected":false},"excerpt":{"rendered":"<p>La Escuela Libre Wayra ha celebrado hoy s\u00e1bado 17 de marzo una jornada de puertas abiertas en Juzbado. La escuela Wayra desarrolla su actividad docente en el municipio de manera ininterrumpida desde septiembre de 2017.&nbsp; La presentaci\u00f3n de la jornada se acompa\u00f1\u00f3 de la proyecci\u00f3n de un audiovisual de la Escuela La presentaci\u00f3n escolar comenz\u00f3 [&hellip;]<\/p>\n","protected":false},"author":1,"featured_media":0,"comment_status":"open","ping_status":"open","sticky":false,"template":"","format":"standard","meta":{"saved_in_kubio":false,"footnotes":""},"categories":[653,317,89],"tags":[],"class_list":["post-510","post","type-post","status-publish","format-standard","hentry","category-escuela","category-jornada","category-wayra"],"_links":{"self":[{"href":"https:\/\/juzbado.es\/nuevaweb\/wp-json\/wp\/v2\/posts\/510","targetHints":{"allow":["GET"]}}],"collection":[{"href":"https:\/\/juzbado.es\/nuevaweb\/wp-json\/wp\/v2\/posts"}],"about":[{"href":"https:\/\/juzbado.es\/nuevaweb\/wp-json\/wp\/v2\/types\/post"}],"author":[{"embeddable":true,"href":"https:\/\/juzbado.es\/nuevaweb\/wp-json\/wp\/v2\/users\/1"}],"replies":[{"embeddable":true,"href":"https:\/\/juzbado.es\/nuevaweb\/wp-json\/wp\/v2\/comments?post=510"}],"version-history":[{"count":0,"href":"https:\/\/juzbado.es\/nuevaweb\/wp-json\/wp\/v2\/posts\/510\/revisions"}],"wp:attachment":[{"href":"https:\/\/juzbado.es\/nuevaweb\/wp-json\/wp\/v2\/media?parent=510"}],"wp:term":[{"taxonomy":"category","embeddable":true,"href":"https:\/\/juzbado.es\/nuevaweb\/wp-json\/wp\/v2\/categories?post=510"},{"taxonomy":"post_tag","embeddable":true,"href":"https:\/\/juzbado.es\/nuevaweb\/wp-json\/wp\/v2\/tags?post=510"}],"curies":[{"name":"wp","href":"https:\/\/api.w.org\/{rel}","templated":true}]}}