{"id":515,"date":"2018-03-05T18:48:00","date_gmt":"2018-03-05T17:48:00","guid":{"rendered":"http:\/\/juzbado.es\/nuevaweb\/2018\/03\/05\/una-guia-de-residuos-para-separar-mejor\/"},"modified":"2018-03-05T18:48:00","modified_gmt":"2018-03-05T17:48:00","slug":"una-guia-de-residuos-para-separar-mejor","status":"publish","type":"post","link":"https:\/\/juzbado.es\/nuevaweb\/2018\/03\/05\/una-guia-de-residuos-para-separar-mejor\/","title":{"rendered":"UNA GU\u00cdA DE RESIDUOS PARA SEPARAR MEJOR"},"content":{"rendered":"<div style=\"text-align: justify;\">\n<span style=\"font-family: &quot;arial&quot; , &quot;sans-serif&quot;; font-size: 14.0pt;\"><b>La generaci\u00f3n de residuos que cada d\u00eda se produce en nuestros hogares es uno de los principales retos a los que se enfrenta la sociedad moderna.<\/b><span style=\"mso-spacerun: yes;\">&nbsp; <\/span>Si en el pasado la hojalata, las fibras naturales o la madera cumplieron una labor esencial en el d\u00eda a d\u00eda del quehacer dom\u00e9stico, hoy ya no lo son tanto.<span style=\"mso-spacerun: yes;\">&nbsp; <\/span>La aparici\u00f3n de los pl\u00e1sticos y el aumento sinigual del consumo han cambiado totalmente el panorama de la gesti\u00f3n de los residuos en nuestros pueblos.<\/span><\/div>\n<table align=\"center\" cellpadding=\"0\" cellspacing=\"0\" style=\"margin-left: auto; margin-right: auto; text-align: center;\">\n<tbody>\n<tr>\n<td style=\"text-align: center;\"><a href=\"https:\/\/blogger.googleusercontent.com\/img\/b\/R29vZ2xl\/AVvXsEjkyS6CC4ILO2YdY7PzVsn1TwZ3YpRfMKPnteFhjW0k4Rlj3knGfp3lfuIdN9AmYmVcH1u6AFDjZdRbMGKDERAk6ZzmN9fReaTB6xNLmnu8Ix6iutNOVDhgqcpcG9Z3AgHDTGQfBy85er8\/s1600\/ISLA+ECOL%25C3%2593GICA+JUZBADO+2+WEB.jpg\" style=\"margin-left: auto; margin-right: auto;\"><img loading=\"lazy\" decoding=\"async\" alt=\"Juzbado, gesti\u00f3n de residuos, isla ecol\u00f3gica\" border=\"0\" data-original-height=\"425\" data-original-width=\"567\" height=\"478\" src=\"https:\/\/blogger.googleusercontent.com\/img\/b\/R29vZ2xl\/AVvXsEjkyS6CC4ILO2YdY7PzVsn1TwZ3YpRfMKPnteFhjW0k4Rlj3knGfp3lfuIdN9AmYmVcH1u6AFDjZdRbMGKDERAk6ZzmN9fReaTB6xNLmnu8Ix6iutNOVDhgqcpcG9Z3AgHDTGQfBy85er8\/s640\/ISLA+ECOL%25C3%2593GICA+JUZBADO+2+WEB.jpg\" title=\"Juzbado, gesti\u00f3n de residuos, isla ecol\u00f3gica\" width=\"640\" \/><\/a><\/td>\n<\/tr>\n<tr>\n<td style=\"text-align: center;\"><span style=\"font-family: &quot;arial&quot; , &quot;sans-serif&quot;;\">Aspecto de la nueva isla ecol\u00f3gica ubicada detr\u00e1s del juego de pelota en el centro del pueblo.<b><br \/><\/b><\/span><\/td>\n<\/tr>\n<\/tbody>\n<\/table>\n<div style=\"text-align: justify;\">\n<br \/>\n<a name='more'><\/a><\/div>\n<div style=\"text-align: justify;\">\n<b style=\"mso-bidi-font-weight: normal;\"><span style=\"font-family: &quot;arial&quot; , &quot;sans-serif&quot;; font-size: 14.0pt;\">El municipio de Juzbado no es ajeno a esta cuesti\u00f3n<\/span><\/b><span style=\"font-family: &quot;arial&quot; , &quot;sans-serif&quot;; font-size: 14.0pt;\"> y por eso cuenta con dos \u00abislas ecol\u00f3gicas\u00bb para la separaci\u00f3n de residuos s\u00f3lidos urbanos.&nbsp; Una de ellas &#8211; <b style=\"mso-bidi-font-weight: normal;\">de reciente creaci\u00f3n y tras la solicitud municipal formulada a la Diputaci\u00f3n de Salamanca a principios de a\u00f1o<\/b>&#8211; se ha situado tras el juego de pelota.<span style=\"mso-spacerun: yes;\">&nbsp; <\/span>Desde el Ayuntamiento hemos querido acompa\u00f1ar la reciente ampliaci\u00f3n de las estaciones de separaci\u00f3n de residuos con una peque\u00f1a gu\u00eda dirigida a los vecinos de Juzbado y que se titula \u201cSeparar para reciclar\u201d.<span style=\"mso-spacerun: yes;\">&nbsp;<\/span><\/span><\/div>\n<div style=\"text-align: justify;\">\n<\/div>\n<div style=\"text-align: justify;\">\n<span style=\"font-family: &quot;arial&quot; , &quot;sans-serif&quot;; font-size: 14.0pt;\"><b style=\"mso-bidi-font-weight: normal;\">El objetivo de <a href=\"https:\/\/drive.google.com\/file\/d\/1FEew7FITyHZVD6vZbS7FwykJl9Rz1-G5\/view\" target=\"_blank\">esta<\/a><\/b><\/span><a href=\"https:\/\/drive.google.com\/file\/d\/1FEew7FITyHZVD6vZbS7FwykJl9Rz1-G5\/view\" target=\"_blank\"><span style=\"mso-bidi-font-weight: normal;\"><span style=\"font-family: &quot;arial&quot; , &quot;sans-serif&quot;; font-size: 14.0pt;\"><\/span><\/span><\/a><b style=\"mso-bidi-font-weight: normal;\"><span style=\"font-family: &quot;arial&quot; , &quot;sans-serif&quot;; font-size: 14.0pt;\"><a href=\"https:\/\/drive.google.com\/file\/d\/1FEew7FITyHZVD6vZbS7FwykJl9Rz1-G5\/view\" target=\"_blank\"> nueva publicaci\u00f3n<\/a> es resolver posibles dudas al respecto de la gesti\u00f3n de los residuos dom\u00e9sticos<\/span><\/b><span style=\"font-family: &quot;arial&quot; , &quot;sans-serif&quot;; font-size: 14.0pt;\"> y, tambi\u00e9n, de aquellos aspectos que nos puedan ayudar a reducir nuestra huella ecol\u00f3gica en el pueblo y as\u00ed conservar mejor el mundo rural.<\/span><\/div>\n<div style=\"text-align: justify;\">\n<\/div>\n<div style=\"text-align: justify;\">\n<table align=\"center\" cellpadding=\"0\" cellspacing=\"0\" style=\"margin-left: auto; margin-right: auto; text-align: center;\">\n<tbody>\n<tr>\n<td style=\"text-align: center;\"><a href=\"https:\/\/blogger.googleusercontent.com\/img\/b\/R29vZ2xl\/AVvXsEjU_V_HPjG4rpZWpPh2jEF_D-wmirRA1aE_Og77XPzLfXulrsICBiofRBFpKss62RibWsUIft_xAaRhb_YitQhbC7lQOYS0KbncdLrvgPEeXAuYvhkKwR7j7llXfK_hEl2maVxsj86668A\/s1600\/ISLA+ECOL%25C3%2593GICA+JUZBADO+1+WEB.jpg\" style=\"margin-left: auto; margin-right: auto;\"><img loading=\"lazy\" decoding=\"async\" alt=\"Juzbado, gesti\u00f3n de residuos, isla ecol\u00f3gica\" border=\"0\" data-original-height=\"531\" data-original-width=\"709\" height=\"478\" src=\"https:\/\/blogger.googleusercontent.com\/img\/b\/R29vZ2xl\/AVvXsEjU_V_HPjG4rpZWpPh2jEF_D-wmirRA1aE_Og77XPzLfXulrsICBiofRBFpKss62RibWsUIft_xAaRhb_YitQhbC7lQOYS0KbncdLrvgPEeXAuYvhkKwR7j7llXfK_hEl2maVxsj86668A\/s640\/ISLA+ECOL%25C3%2593GICA+JUZBADO+1+WEB.jpg\" title=\"Juzbado, gesti\u00f3n de residuos, isla ecol\u00f3gica\" width=\"640\" \/><\/a><\/td>\n<\/tr>\n<tr>\n<td style=\"text-align: center;\"><span style=\"font-family: &quot;arial&quot; , &quot;helvetica&quot; , sans-serif;\">Esta es la ubicaci\u00f3n de la isla ecol\u00f3gica para la separaci\u00f3n de residuos en la que tambi\u00e9n se dispone de un contenedor para aceites usados dom\u00e9sticos y pilas.<\/span><\/td>\n<\/tr>\n<\/tbody>\n<\/table>\n<p><span style=\"font-family: &quot;arial&quot; , &quot;sans-serif&quot;; font-size: 14.0pt;\"> <\/span><\/div>\n<div style=\"text-align: justify;\">\n<span style=\"font-family: &quot;arial&quot; , &quot;sans-serif&quot;; font-size: 14.0pt;\">La gu\u00eda cuenta con varios ep\u00edgrafes en los que<span style=\"mso-spacerun: yes;\">&nbsp; <\/span>se especifica qu\u00e9 residuos van en cada uno de los contenedores y cu\u00e1l ha sido la tasa de separaci\u00f3n durante los dos \u00faltimos a\u00f1os. Adem\u00e1s, se a\u00f1aden tambi\u00e9n <b style=\"mso-bidi-font-weight: normal;\">recomendaciones y aspectos dirigidos a la reducci\u00f3n y reutilizaci\u00f3n de residuos<\/b>.<span style=\"mso-spacerun: yes;\">&nbsp; <\/span>Asimismo, el d\u00edptico desmonta falsos mitos en un apartado creado a tales efectos y tambi\u00e9n esboza qu\u00e9 es la econom\u00eda circular o el ecodise\u00f1o de productos. A todo ello se suma<a href=\"https:\/\/www.google.com\/maps\/d\/u\/0\/viewer?mid=1Uq1o1Mwff1Ogb1XdhM_ZPZspXRfs5X9V\" target=\"_blank\"> <\/a><\/span><a href=\"https:\/\/www.google.com\/maps\/d\/u\/0\/viewer?mid=1Uq1o1Mwff1Ogb1XdhM_ZPZspXRfs5X9V\" target=\"_blank\"><b style=\"mso-bidi-font-weight: normal;\"><span style=\"font-family: &quot;arial&quot; , &quot;sans-serif&quot;; font-size: 14.0pt;\">un plano virtual e interactivo<\/span><\/b><\/a><b style=\"mso-bidi-font-weight: normal;\"><span style=\"font-family: &quot;arial&quot; , &quot;sans-serif&quot;; font-size: 14.0pt;\"> del pueblo<\/span><\/b><span style=\"font-family: &quot;arial&quot; , &quot;sans-serif&quot;; font-size: 14.0pt;\"> con la ubicaci\u00f3n no solo de las dos islas ecol\u00f3gicas, sino tambi\u00e9n de todas las papeleras y los contenedores org\u00e1nicos. <b style=\"mso-bidi-font-weight: normal;\">Deseamos que esta sencilla gu\u00eda contribuya de manera eficaz a mejorar la separaci\u00f3n de residuos en el mundo rural y disminuir la huella ecol\u00f3gica de Juzbado.<\/b><\/span><\/div>\n<div style=\"text-align: justify;\">\n<\/div>\n<div style=\"text-align: justify;\">\n<span style=\"font-family: &quot;arial&quot; , &quot;sans-serif&quot;; font-size: 14.0pt;\">La gu\u00eda se puede descargar desde el <b><a href=\"https:\/\/juzbado.blogspot.com.es\/p\/medio-ambiente.html\" target=\"_blank\">siguiente apartado de nuestra web<\/a><\/b>, aunque<\/span><span style=\"font-family: &quot;arial&quot; , &quot;sans-serif&quot;; font-size: 14.0pt;\"> est\u00e1 tambi\u00e9n impresa en papel a disposici\u00f3n de cualquier persona interesada en el Ayuntamiento.<\/span><\/p>\n<table align=\"center\" cellpadding=\"0\" cellspacing=\"0\" style=\"margin-left: auto; margin-right: auto; text-align: center;\">\n<tbody>\n<tr>\n<td style=\"text-align: center;\"><a href=\"https:\/\/blogger.googleusercontent.com\/img\/b\/R29vZ2xl\/AVvXsEgy3YSKdzaJrNlgsGJvPEycQgRWVsHTKeBU_o1FCYZb18rMk6a6WzKJwCQyDRW0_fOzprfoRZJyHWVXQa_OoDyakOZo67qH1Vj55U8069kC1RCy-rK_6KPinUT4kiltj_QBCQRYKRycfYA\/s1600\/RESIDUOS+TRIPTICO+JUZBADO+B.jpg\" style=\"margin-left: auto; margin-right: auto;\"><img loading=\"lazy\" decoding=\"async\" alt=\"Juzbado, gesti\u00f3n de residuos, isla ecol\u00f3gica\" border=\"0\" data-original-height=\"1132\" data-original-width=\"1600\" height=\"452\" src=\"https:\/\/blogger.googleusercontent.com\/img\/b\/R29vZ2xl\/AVvXsEgy3YSKdzaJrNlgsGJvPEycQgRWVsHTKeBU_o1FCYZb18rMk6a6WzKJwCQyDRW0_fOzprfoRZJyHWVXQa_OoDyakOZo67qH1Vj55U8069kC1RCy-rK_6KPinUT4kiltj_QBCQRYKRycfYA\/s640\/RESIDUOS+TRIPTICO+JUZBADO+B.jpg\" title=\"Juzbado, gesti\u00f3n de residuos, isla ecol\u00f3gica\" width=\"640\" \/><\/a><\/td>\n<\/tr>\n<tr>\n<td style=\"text-align: center;\"><span style=\"font-family: &quot;arial&quot; , &quot;helvetica&quot; , sans-serif;\">Aspecto del interior de la nueva publicaci\u00f3n titulada \u00abSeparar para reciclar\u00bb.<\/span><\/td>\n<\/tr>\n<\/tbody>\n<\/table>\n<\/div>\n","protected":false},"excerpt":{"rendered":"<p>La generaci\u00f3n de residuos que cada d\u00eda se produce en nuestros hogares es uno de los principales retos a los que se enfrenta la sociedad moderna.&nbsp; Si en el pasado la hojalata, las fibras naturales o la madera cumplieron una labor esencial en el d\u00eda a d\u00eda del quehacer dom\u00e9stico, hoy ya no lo son [&hellip;]<\/p>\n","protected":false},"author":1,"featured_media":0,"comment_status":"open","ping_status":"open","sticky":false,"template":"","format":"standard","meta":{"saved_in_kubio":false,"footnotes":""},"categories":[1],"tags":[],"class_list":["post-515","post","type-post","status-publish","format-standard","hentry","category-sin-categoria"],"_links":{"self":[{"href":"https:\/\/juzbado.es\/nuevaweb\/wp-json\/wp\/v2\/posts\/515","targetHints":{"allow":["GET"]}}],"collection":[{"href":"https:\/\/juzbado.es\/nuevaweb\/wp-json\/wp\/v2\/posts"}],"about":[{"href":"https:\/\/juzbado.es\/nuevaweb\/wp-json\/wp\/v2\/types\/post"}],"author":[{"embeddable":true,"href":"https:\/\/juzbado.es\/nuevaweb\/wp-json\/wp\/v2\/users\/1"}],"replies":[{"embeddable":true,"href":"https:\/\/juzbado.es\/nuevaweb\/wp-json\/wp\/v2\/comments?post=515"}],"version-history":[{"count":0,"href":"https:\/\/juzbado.es\/nuevaweb\/wp-json\/wp\/v2\/posts\/515\/revisions"}],"wp:attachment":[{"href":"https:\/\/juzbado.es\/nuevaweb\/wp-json\/wp\/v2\/media?parent=515"}],"wp:term":[{"taxonomy":"category","embeddable":true,"href":"https:\/\/juzbado.es\/nuevaweb\/wp-json\/wp\/v2\/categories?post=515"},{"taxonomy":"post_tag","embeddable":true,"href":"https:\/\/juzbado.es\/nuevaweb\/wp-json\/wp\/v2\/tags?post=515"}],"curies":[{"name":"wp","href":"https:\/\/api.w.org\/{rel}","templated":true}]}}