{"id":517,"date":"2018-02-19T19:20:00","date_gmt":"2018-02-19T18:20:00","guid":{"rendered":"http:\/\/juzbado.es\/nuevaweb\/2018\/02\/19\/encuentro-entre-vecinos-y-alumnado-de-la-usal\/"},"modified":"2018-02-19T19:20:00","modified_gmt":"2018-02-19T18:20:00","slug":"encuentro-entre-vecinos-y-alumnado-de-la-usal","status":"publish","type":"post","link":"https:\/\/juzbado.es\/nuevaweb\/2018\/02\/19\/encuentro-entre-vecinos-y-alumnado-de-la-usal\/","title":{"rendered":"ENCUENTRO ENTRE VECINOS Y ALUMNADO DE LA USAL"},"content":{"rendered":"<div style=\"text-align: justify;\">\n<span style=\"font-size: large;\"><span style=\"font-family: &quot;arial&quot; , &quot;helvetica&quot; , sans-serif;\">Este s\u00e1bado 16 de febrero tuvo lugar en el hogar&nbsp; de los mayores un encuentro entre vecinos de Juzbado y alumnos de la <a href=\"http:\/\/fgh.usal.es\/\" target=\"_blank\">Facultad de Geograf\u00eda e Historia<\/a> de la Universidad de Salamanca.&nbsp; Se trata de una propuesta de intercambio cultural entre la comunidad universitaria y nuestro municipio con el objetivo de trabajar conjuntamente el patrimonio inmaterial.&nbsp;&nbsp;<\/span><\/span><\/div>\n<div style=\"text-align: justify;\">\n<\/div>\n<div style=\"text-align: justify;\">\n<span style=\"font-size: large;\"><span style=\"font-family: &quot;arial&quot; , &quot;helvetica&quot; , sans-serif;\"><a href=\"https:\/\/blogger.googleusercontent.com\/img\/b\/R29vZ2xl\/AVvXsEiSg-7vsLXde5Cmge5rSt2-tB2bz8aVe8fbREGvrJn9T_SuQETYhWm-sX4qEO1X6jvOzOC_hnPFgpYtXtHlHJsTmaUW03iidI-Yuh5GpyLD8rB8IRHegsKA2CdrOMuGXSynCpViewPChOc\/s1600\/JUZBADO+PROVINCIA+CREATIVA+2018+%252810%2529.jpeg\" style=\"margin-left: 1em; margin-right: 1em;\"><img loading=\"lazy\" decoding=\"async\" alt=\"Juzbado, Libro Abierto, Provincia Creativa, 2018\" border=\"0\" data-original-height=\"1200\" data-original-width=\"1600\" height=\"480\" src=\"https:\/\/blogger.googleusercontent.com\/img\/b\/R29vZ2xl\/AVvXsEiSg-7vsLXde5Cmge5rSt2-tB2bz8aVe8fbREGvrJn9T_SuQETYhWm-sX4qEO1X6jvOzOC_hnPFgpYtXtHlHJsTmaUW03iidI-Yuh5GpyLD8rB8IRHegsKA2CdrOMuGXSynCpViewPChOc\/s640\/JUZBADO+PROVINCIA+CREATIVA+2018+%252810%2529.jpeg\" title=\"Juzbado, Libro Abierto, Provincia Creativa, 2018\" width=\"640\" \/><\/a><\/span><\/span><\/div>\n<div style=\"text-align: justify;\">\n<br \/>\n<a name='more'><\/a><br \/>\n<span style=\"font-size: large;\"><span style=\"font-family: &quot;arial&quot; , &quot;helvetica&quot; , sans-serif;\">Este primer contacto ha servido para poner en com\u00fan los contenidos de <b>un futuro itinerario sonoro por el pueblo<\/b>.&nbsp; A trav\u00e9s de este paseo sonoro los vecinos y aquellas personas que nos visiten podr\u00e1n escuchar y conocer algunos de los acontecimientos m\u00e1s relevantes de Juzbado a trav\u00e9s de la memoria y la voz de los propios protagonistas.<\/span><\/span><\/div>\n<div style=\"text-align: justify;\">\n<\/div>\n<div style=\"clear: both; text-align: center;\">\n<span style=\"font-size: large;\"><span style=\"font-family: &quot;arial&quot; , &quot;helvetica&quot; , sans-serif;\"><a href=\"https:\/\/blogger.googleusercontent.com\/img\/b\/R29vZ2xl\/AVvXsEgHRr9gZVqBW-drqzUUGbve9v02S8MOgE1nB9X1QfLQ0pclUH07G4sXwBldtBOYuA_tYSumWmjjGoFWQ6jfsoTllA5pYuzUBBdc0YX-Sxlm4xsQhE1w0CVUwlVHAct-sMHTVlrBg9SMZGo\/s1600\/JUZBADO+PROVINCIA+CREATIVA+2018+%25282%2529.jpeg\" style=\"margin-left: 1em; margin-right: 1em;\"><img loading=\"lazy\" decoding=\"async\" alt=\"Juzbado, Libro Abierto, Provincia Creativa, 2018\" border=\"0\" data-original-height=\"1200\" data-original-width=\"1600\" height=\"480\" src=\"https:\/\/blogger.googleusercontent.com\/img\/b\/R29vZ2xl\/AVvXsEgHRr9gZVqBW-drqzUUGbve9v02S8MOgE1nB9X1QfLQ0pclUH07G4sXwBldtBOYuA_tYSumWmjjGoFWQ6jfsoTllA5pYuzUBBdc0YX-Sxlm4xsQhE1w0CVUwlVHAct-sMHTVlrBg9SMZGo\/s640\/JUZBADO+PROVINCIA+CREATIVA+2018+%25282%2529.jpeg\" title=\"Juzbado, Libro Abierto, Provincia Creativa, 2018\" width=\"640\" \/><\/a><\/span><\/span><\/div>\n<p>\n<span style=\"font-size: large;\"><span style=\"font-family: &quot;arial&quot; , &quot;helvetica&quot; , sans-serif;\">  <\/span><\/span><\/p>\n<div style=\"text-align: justify;\">\n<span style=\"font-size: large;\"><span style=\"font-family: &quot;arial&quot; , &quot;helvetica&quot; , sans-serif;\">En palabras de Jorge Gim\u00e9nez, investigador de la Facultad de Geograf\u00eda e Historia, \u00abel imaginario colectivo se sostiene en la tradici\u00f3n oral\u00bb y \u00abson los peque\u00f1os detalles de la historia los que distinguen y dan sentido a las identidades particulares de cada pueblo de nuestra provincia\u00bb.&nbsp; El contacto entre vecinos y estudiantes se ha realizado dentro del programa <a href=\"http:\/\/sas.usal.es\/provincia-creativa-17-18\/\" target=\"_blank\">Provincia Creativa<\/a> y, en esta ocasi\u00f3n, estuvo secundado por un numeroso grupo de voluntarios que gracias al <a href=\"http:\/\/sas.usal.es\/\" target=\"_blank\">SAS<\/a> y la Oficina Verde celebraban el II Encuentro de Voluntariado Universitario.&nbsp; Todos ellos pudieron visitar nuestros rincones m\u00e1s singulares as\u00ed como el <a href=\"http:\/\/www.museodelafalla.es\/\" target=\"_blank\">Museo de la Falla<\/a> o el <a href=\"http:\/\/juzbado.blogspot.com.es\/p\/galeria-rural.html\" target=\"_blank\">gran mural al aire libre<\/a> en Los Berrocales.<\/span><\/span><\/div>\n<div style=\"text-align: justify;\">\n<span style=\"font-size: large;\"><span style=\"font-family: &quot;arial&quot; , &quot;helvetica&quot; , sans-serif;\">&nbsp;<a href=\"https:\/\/blogger.googleusercontent.com\/img\/b\/R29vZ2xl\/AVvXsEg5_LYdwENI40CFdHcOiDHcS2PoeeYPycWjkvwCqcUhzkevfgIF4LO63SCFc9cCWMK2B6sF5_7f02d1HX8irexz4uj8oYLWzZJXiVhExvoFQ5jQng-mjM_ezqObjz_uPn9uvCWDB35Nf_g\/s1600\/JUZBADO+PROVINCIA+CREATIVA+2018+%25285%2529.jpeg\" style=\"margin-left: 1em; margin-right: 1em;\"><img loading=\"lazy\" decoding=\"async\" alt=\"Juzbado, Libro Abierto, Provincia Creativa, 2018, Museo de la Falla\" border=\"0\" data-original-height=\"1200\" data-original-width=\"1600\" height=\"480\" src=\"https:\/\/blogger.googleusercontent.com\/img\/b\/R29vZ2xl\/AVvXsEg5_LYdwENI40CFdHcOiDHcS2PoeeYPycWjkvwCqcUhzkevfgIF4LO63SCFc9cCWMK2B6sF5_7f02d1HX8irexz4uj8oYLWzZJXiVhExvoFQ5jQng-mjM_ezqObjz_uPn9uvCWDB35Nf_g\/s640\/JUZBADO+PROVINCIA+CREATIVA+2018+%25285%2529.jpeg\" title=\"Juzbado, Libro Abierto, Provincia Creativa, 2018, Museo de la Falla\" width=\"640\" \/><\/a><\/span><\/span><\/div>\n<p><span style=\"font-size: large;\"><span style=\"font-family: &quot;arial&quot; , &quot;helvetica&quot; , sans-serif;\">  <\/span><\/span><\/p>\n<div style=\"text-align: justify;\">\n<span style=\"font-size: large;\"><span style=\"font-family: &quot;arial&quot; , &quot;helvetica&quot; , sans-serif;\">En pocas semanas estaremos en disposici\u00f3n de contaros los primeros resultados del trabajo que se acaba de iniciar. <\/span><\/span><\/div>\n","protected":false},"excerpt":{"rendered":"<p>Este s\u00e1bado 16 de febrero tuvo lugar en el hogar&nbsp; de los mayores un encuentro entre vecinos de Juzbado y alumnos de la Facultad de Geograf\u00eda e Historia de la Universidad de Salamanca.&nbsp; Se trata de una propuesta de intercambio cultural entre la comunidad universitaria y nuestro municipio con el objetivo de trabajar conjuntamente el [&hellip;]<\/p>\n","protected":false},"author":1,"featured_media":0,"comment_status":"open","ping_status":"open","sticky":false,"template":"","format":"standard","meta":{"saved_in_kubio":false,"footnotes":""},"categories":[654,151,388,77,359],"tags":[],"class_list":["post-517","post","type-post","status-publish","format-standard","hentry","category-facultad-de-geografia-e-hisotoria","category-participacion","category-provincia-creativa","category-usal","category-vecinos"],"_links":{"self":[{"href":"https:\/\/juzbado.es\/nuevaweb\/wp-json\/wp\/v2\/posts\/517","targetHints":{"allow":["GET"]}}],"collection":[{"href":"https:\/\/juzbado.es\/nuevaweb\/wp-json\/wp\/v2\/posts"}],"about":[{"href":"https:\/\/juzbado.es\/nuevaweb\/wp-json\/wp\/v2\/types\/post"}],"author":[{"embeddable":true,"href":"https:\/\/juzbado.es\/nuevaweb\/wp-json\/wp\/v2\/users\/1"}],"replies":[{"embeddable":true,"href":"https:\/\/juzbado.es\/nuevaweb\/wp-json\/wp\/v2\/comments?post=517"}],"version-history":[{"count":0,"href":"https:\/\/juzbado.es\/nuevaweb\/wp-json\/wp\/v2\/posts\/517\/revisions"}],"wp:attachment":[{"href":"https:\/\/juzbado.es\/nuevaweb\/wp-json\/wp\/v2\/media?parent=517"}],"wp:term":[{"taxonomy":"category","embeddable":true,"href":"https:\/\/juzbado.es\/nuevaweb\/wp-json\/wp\/v2\/categories?post=517"},{"taxonomy":"post_tag","embeddable":true,"href":"https:\/\/juzbado.es\/nuevaweb\/wp-json\/wp\/v2\/tags?post=517"}],"curies":[{"name":"wp","href":"https:\/\/api.w.org\/{rel}","templated":true}]}}