{"id":52,"date":"2024-07-02T13:18:00","date_gmt":"2024-07-02T11:18:00","guid":{"rendered":"http:\/\/juzbado.es\/nuevaweb\/2024\/07\/02\/verano-en-juzbado\/"},"modified":"2024-07-02T13:18:00","modified_gmt":"2024-07-02T11:18:00","slug":"verano-en-juzbado","status":"publish","type":"post","link":"https:\/\/juzbado.es\/nuevaweb\/2024\/07\/02\/verano-en-juzbado\/","title":{"rendered":"VERANO EN JUZBADO"},"content":{"rendered":"<p style=\"text-align: justify;\"><span dir=\"auto\" style=\"font-family: arial;\"><span style=\"font-size: medium;\">Os<br \/>\n presentamos el programa cultural de este verano 2024 en Juzbado.<br \/>\nContamos con vuestra presencia y participaci\u00f3n en el pueblo a lo largo<br \/>\nde los meses de julio y agosto.&nbsp; Como podr\u00e9is comprobar, se muestran acciones regulares a lo largo del mes de julio y parte de agosto, as\u00ed como otras espec\u00edficas.&nbsp;<\/span><\/span><\/p>\n<p style=\"text-align: justify;\"><span style=\"font-family: arial; font-size: medium;\">Pa<\/span><span style=\"font-family: arial;\"><span lang=\"es\"><span style=\"font-size: medium;\">ra las sesiones de cine no olvid\u00e9is la silla.<span>&nbsp; <\/span>Los mayores o quienes no pod\u00e1is llevarla, pedidla con antelaci\u00f3n en el ayuntamiento.<span>&nbsp; <\/span>Todas las actividades son gratuitas o <\/span><\/span><\/span><span lang=\"es\" style=\"font-family: arial;\"><span style=\"font-size: medium;\">cofinanciadas por el Ayuntamiento. Los horarios que no se indican se ir\u00e1n concretando a su debido tiempo. Inscripciones, dudas o sugerencias a trav\u00e9s del correo electr\u00f3nico juzbadolibroabierto@juzbado.es, tel\u00e9fonos habituales o directamente en el Ayuntamiento y\/o redes sociales.<\/span><\/span><\/p>\n<p style=\"text-align: justify;\"><span lang=\"es\" style=\"font-family: arial;\"><span style=\"font-size: medium;\"><\/span><\/span><\/p>\n<div style=\"clear: both; text-align: center;\"><span lang=\"es\" style=\"font-family: arial;\"><span style=\"font-size: medium;\"><a href=\"https:\/\/blogger.googleusercontent.com\/img\/b\/R29vZ2xl\/AVvXsEhaX8JOq7neyaEBf-DgHTRbSnZmaxIQD7u9fuOe3F4Md3MK09Q4uLrBihYyYdBP1hOnT7VxGvF8wUMOsWII0yExQV_NHuJjKrW-4Bn6-2p-187UpI1XDRUg2D9uwJSptyat43dE1TeL-Nqrl8LRZmzaJ5ZHgIiT4z7ralpW3QA9h_8TDRQgUmTwnr29V3I\/s4961\/CARTEL%20VERANO%20CULTURAL%202024.jpg\" style=\"margin-left: 1em; margin-right: 1em;\"><img loading=\"lazy\" decoding=\"async\" alt=\"Juzbado, verano cultural 2024\" border=\"0\" data-original-height=\"4961\" data-original-width=\"3508\" height=\"640\" src=\"https:\/\/blogger.googleusercontent.com\/img\/b\/R29vZ2xl\/AVvXsEhaX8JOq7neyaEBf-DgHTRbSnZmaxIQD7u9fuOe3F4Md3MK09Q4uLrBihYyYdBP1hOnT7VxGvF8wUMOsWII0yExQV_NHuJjKrW-4Bn6-2p-187UpI1XDRUg2D9uwJSptyat43dE1TeL-Nqrl8LRZmzaJ5ZHgIiT4z7ralpW3QA9h_8TDRQgUmTwnr29V3I\/w452-h640\/CARTEL%20VERANO%20CULTURAL%202024.jpg\" title=\"Juzbado, verano cultural 2024\" width=\"452\" \/><\/a><\/span><\/span><\/div>\n<\/p>\n<p style=\"text-align: justify;\"><span lang=\"es\" style=\"font-family: arial;\"><span style=\"font-size: medium;\"><\/span><\/span><\/p><\/p>\n","protected":false},"excerpt":{"rendered":"<p>Os presentamos el programa cultural de este verano 2024 en Juzbado. Contamos con vuestra presencia y participaci\u00f3n en el pueblo a lo largo de los meses de julio y agosto.&nbsp; Como podr\u00e9is comprobar, se muestran acciones regulares a lo largo del mes de julio y parte de agosto, as\u00ed como otras espec\u00edficas.&nbsp; Para las sesiones [&hellip;]<\/p>\n","protected":false},"author":2,"featured_media":0,"comment_status":"open","ping_status":"open","sticky":false,"template":"","format":"standard","meta":{"saved_in_kubio":false,"footnotes":""},"categories":[160,161,129,156],"tags":[],"class_list":["post-52","post","type-post","status-publish","format-standard","hentry","category-arte-en-verano","category-arte-en-verano-2024","category-cultura-en-verano","category-juzbado-en-verano"],"_links":{"self":[{"href":"https:\/\/juzbado.es\/nuevaweb\/wp-json\/wp\/v2\/posts\/52","targetHints":{"allow":["GET"]}}],"collection":[{"href":"https:\/\/juzbado.es\/nuevaweb\/wp-json\/wp\/v2\/posts"}],"about":[{"href":"https:\/\/juzbado.es\/nuevaweb\/wp-json\/wp\/v2\/types\/post"}],"author":[{"embeddable":true,"href":"https:\/\/juzbado.es\/nuevaweb\/wp-json\/wp\/v2\/users\/2"}],"replies":[{"embeddable":true,"href":"https:\/\/juzbado.es\/nuevaweb\/wp-json\/wp\/v2\/comments?post=52"}],"version-history":[{"count":0,"href":"https:\/\/juzbado.es\/nuevaweb\/wp-json\/wp\/v2\/posts\/52\/revisions"}],"wp:attachment":[{"href":"https:\/\/juzbado.es\/nuevaweb\/wp-json\/wp\/v2\/media?parent=52"}],"wp:term":[{"taxonomy":"category","embeddable":true,"href":"https:\/\/juzbado.es\/nuevaweb\/wp-json\/wp\/v2\/categories?post=52"},{"taxonomy":"post_tag","embeddable":true,"href":"https:\/\/juzbado.es\/nuevaweb\/wp-json\/wp\/v2\/tags?post=52"}],"curies":[{"name":"wp","href":"https:\/\/api.w.org\/{rel}","templated":true}]}}