{"id":521,"date":"2018-02-05T13:27:00","date_gmt":"2018-02-05T12:27:00","guid":{"rendered":"http:\/\/juzbado.es\/nuevaweb\/2018\/02\/05\/las-aguedas-de-juzbado\/"},"modified":"2018-02-05T13:27:00","modified_gmt":"2018-02-05T12:27:00","slug":"las-aguedas-de-juzbado","status":"publish","type":"post","link":"https:\/\/juzbado.es\/nuevaweb\/2018\/02\/05\/las-aguedas-de-juzbado\/","title":{"rendered":"LAS \u00c1GUEDAS DE JUZBADO"},"content":{"rendered":"<div style=\"text-align: justify;\">\n<span style=\"font-size: large;\"><span style=\"font-family: &quot;arial&quot; , &quot;helvetica&quot; , sans-serif;\">Con motivo de la festividad de las \u00c1guedas, hoy 5 de febrero, la Asociaci\u00f3n de Mujeres de Juzbado organiz\u00f3 este fin de semana una jornada festiva abiertas a todos los vecinos y vecinas de.&nbsp; El comienzo de este evento con arraigo y tradici\u00f3n en Juzbado, comenz\u00f3 el s\u00e1bado con la celebraci\u00f3n de una misa en honor a Santa \u00c1gueda y con la presencia del ex p\u00e1rroco del municipio conocido como Don Jos\u00e9.&nbsp; Tras las correspondientes ofrendas durante la misa especial, <b>los vecinos bailaron por las calles del pueblo y se disfrut\u00f3 de un vermut en el <a href=\"https:\/\/www.google.es\/maps\/place\/Bar+Restaurante+El+Toral\/@41.0778829,-5.8612554,17.75z\/data=!4m5!3m4!1s0xd3ed24c19fcd823:0x2e21f8b3a88cd49e!8m2!3d41.0777933!4d-5.8611142\" target=\"_blank\">Bar El Toral<\/a>.<\/b><\/span><\/span><\/div>\n<div style=\"text-align: justify;\">\n<\/div>\n<div style=\"clear: both; text-align: center;\">\n<span style=\"font-size: large;\"><a href=\"https:\/\/blogger.googleusercontent.com\/img\/b\/R29vZ2xl\/AVvXsEjBGoKpfO7HBlgPMFLVAPA6q1huxVPLlc9UFqzFCfqW_scdzKZoxKbulO7jmsovu4KuvaHARj6j_jDyvNmyIiVUKxWHiG8rZ1L-j5YJuo3H52qkqaXbm3ceZ7Jtc8QLIEEv5lmLqJ1bk80\/s1600\/FIESTA+%25C3%2581GUEDAS+JUZBADO+FEBRERO+2018+%25283%2529+%2528Copiar%2529.jpeg\" style=\"margin-left: 1em; margin-right: 1em;\"><img loading=\"lazy\" decoding=\"async\" alt=\"Juzbado, fiestas \u00e1guedas\" border=\"0\" data-original-height=\"1200\" data-original-width=\"1600\" height=\"480\" src=\"https:\/\/blogger.googleusercontent.com\/img\/b\/R29vZ2xl\/AVvXsEjBGoKpfO7HBlgPMFLVAPA6q1huxVPLlc9UFqzFCfqW_scdzKZoxKbulO7jmsovu4KuvaHARj6j_jDyvNmyIiVUKxWHiG8rZ1L-j5YJuo3H52qkqaXbm3ceZ7Jtc8QLIEEv5lmLqJ1bk80\/s640\/FIESTA+%25C3%2581GUEDAS+JUZBADO+FEBRERO+2018+%25283%2529+%2528Copiar%2529.jpeg\" title=\"Juzbado, fiestas \u00e1guedas\" width=\"640\" \/><\/a><\/span><\/div>\n<p>\n<a name='more'><\/a><\/p>\n<p><span style=\"font-size: large;\"><span style=\"font-family: &quot;arial&quot; , &quot;helvetica&quot; , sans-serif;\">  <\/span><\/span><\/p>\n<div style=\"text-align: justify;\">\n<span style=\"font-size: large;\"><span style=\"font-family: &quot;arial&quot; , &quot;helvetica&quot; , sans-serif;\">A las 14:00 h. tuvo lugar la comida, dise\u00f1ada y elaborada por la Asociaci\u00f3n de Mujeres en el sal\u00f3n de Actos del Ayuntamiento.&nbsp; <b>La presidenta de la Asociaci\u00f3n Pilar Recio, acompa\u00f1ada de la junta directiva formada por Pilar Romero, Blanca Benito, To\u00f1i y Nati Calvo compartieron unas amables palabras con todos los vecinos<\/b> y se guard\u00f3 un momento de silencio como muestra de solidaridad con las v\u00edctimas y familiares de las m\u00e1s de 700 mujeres asesinadas desde 2007 en Espa\u00f1a.&nbsp; <b>La comida arranc\u00f3 con una sopa de pescado elaborada por M\u00aa Carmen, cocinera del <a href=\"https:\/\/www.google.es\/maps\/place\/Bar+Restaurante+de+La+Rosa\/@41.0777932,-5.8611142,17.75z\/data=!4m5!3m4!1s0x0:0x70e2210475b72884!8m2!3d41.0775052!4d-5.8618263\" target=\"_blank\">Bar De La Rosa<\/a><\/b> que calent\u00f3 los est\u00f3magos de los asistentes en un d\u00eda con temperaturas muy bajas. Tras la sopa, unos pollos asados con patatas fritas y ensaladas precedieron a los postres.&nbsp; El amplio y sabroso men\u00fa de este a\u00f1o se complet\u00f3 con fruta, pasteles y un obsequio especial que consisti\u00f3 en bombones y un surtido de chocolates.&nbsp; La jornada se clausur\u00f3 con un baile amenizado con m\u00fasica tradicional en el mismo sal\u00f3n de actos.<\/span><\/span><\/div>\n<div style=\"text-align: justify;\">\n<\/div>\n<div style=\"clear: both; text-align: center;\">\n<span style=\"font-size: large;\"><a href=\"https:\/\/blogger.googleusercontent.com\/img\/b\/R29vZ2xl\/AVvXsEg-1o0hQ_Ta2SAC9JheWMtCTg6Ozovw9nO2IuqRI46HJvMMh0KulGBxfwy8ag4HUJ_4b9pFD7Wg29sNOPdGYc75Vph1GQnrsHVX5kHmRYM2QUx19HFfpvOmnS-NQkoIJTs29jbSdP0tjhE\/s1600\/FIESTA+%25C3%2581GUEDAS+JUZBADO+FEBRERO+2018+%25284%2529+%2528Copiar%2529.jpeg\" style=\"margin-left: 1em; margin-right: 1em;\"><img loading=\"lazy\" decoding=\"async\" alt=\"Juzbado, fiestas \u00e1guedas; 2018\" border=\"0\" data-original-height=\"1200\" data-original-width=\"1600\" height=\"480\" src=\"https:\/\/blogger.googleusercontent.com\/img\/b\/R29vZ2xl\/AVvXsEg-1o0hQ_Ta2SAC9JheWMtCTg6Ozovw9nO2IuqRI46HJvMMh0KulGBxfwy8ag4HUJ_4b9pFD7Wg29sNOPdGYc75Vph1GQnrsHVX5kHmRYM2QUx19HFfpvOmnS-NQkoIJTs29jbSdP0tjhE\/s640\/FIESTA+%25C3%2581GUEDAS+JUZBADO+FEBRERO+2018+%25284%2529+%2528Copiar%2529.jpeg\" title=\"Juzbado, fiestas \u00e1guedas, 2018\" width=\"640\" \/><\/a><\/span><\/div>\n<p>\n<span style=\"font-size: large;\"><span style=\"font-family: &quot;arial&quot; , &quot;helvetica&quot; , sans-serif;\">  <\/span><\/span><\/p>\n<div style=\"text-align: justify;\">\n<span style=\"font-size: large;\"><span style=\"font-family: &quot;arial&quot; , &quot;helvetica&quot; , sans-serif;\">Desde la asociaci\u00f3n de mujeres se reitera el agradecimiento a todos los asistentes as\u00ed como al ayuntamiento de Juzbado.&nbsp; Seg\u00fan fuentes de la Asociaci\u00f3n, se pretenden realizar m\u00e1s eventos a los largo del calendario anual. <b>El pr\u00f3ximo previsto ser\u00e1 para el D\u00eda Internacional de la Mujer Trabajadora.<\/b><\/span><\/span><\/div>\n","protected":false},"excerpt":{"rendered":"<p>Con motivo de la festividad de las \u00c1guedas, hoy 5 de febrero, la Asociaci\u00f3n de Mujeres de Juzbado organiz\u00f3 este fin de semana una jornada festiva abiertas a todos los vecinos y vecinas de.&nbsp; El comienzo de este evento con arraigo y tradici\u00f3n en Juzbado, comenz\u00f3 el s\u00e1bado con la celebraci\u00f3n de una misa en [&hellip;]<\/p>\n","protected":false},"author":2,"featured_media":0,"comment_status":"open","ping_status":"open","sticky":false,"template":"","format":"standard","meta":{"saved_in_kubio":false,"footnotes":""},"categories":[435,275,158],"tags":[],"class_list":["post-521","post","type-post","status-publish","format-standard","hentry","category-aguedas","category-febrero","category-fiestas"],"_links":{"self":[{"href":"https:\/\/juzbado.es\/nuevaweb\/wp-json\/wp\/v2\/posts\/521","targetHints":{"allow":["GET"]}}],"collection":[{"href":"https:\/\/juzbado.es\/nuevaweb\/wp-json\/wp\/v2\/posts"}],"about":[{"href":"https:\/\/juzbado.es\/nuevaweb\/wp-json\/wp\/v2\/types\/post"}],"author":[{"embeddable":true,"href":"https:\/\/juzbado.es\/nuevaweb\/wp-json\/wp\/v2\/users\/2"}],"replies":[{"embeddable":true,"href":"https:\/\/juzbado.es\/nuevaweb\/wp-json\/wp\/v2\/comments?post=521"}],"version-history":[{"count":0,"href":"https:\/\/juzbado.es\/nuevaweb\/wp-json\/wp\/v2\/posts\/521\/revisions"}],"wp:attachment":[{"href":"https:\/\/juzbado.es\/nuevaweb\/wp-json\/wp\/v2\/media?parent=521"}],"wp:term":[{"taxonomy":"category","embeddable":true,"href":"https:\/\/juzbado.es\/nuevaweb\/wp-json\/wp\/v2\/categories?post=521"},{"taxonomy":"post_tag","embeddable":true,"href":"https:\/\/juzbado.es\/nuevaweb\/wp-json\/wp\/v2\/tags?post=521"}],"curies":[{"name":"wp","href":"https:\/\/api.w.org\/{rel}","templated":true}]}}