{"id":531,"date":"2017-12-17T13:13:00","date_gmt":"2017-12-17T12:13:00","guid":{"rendered":"http:\/\/juzbado.es\/nuevaweb\/2017\/12\/17\/el-coro-contrapunto-inaugura-la-programacion-navidadena-en-juzbado\/"},"modified":"2017-12-17T13:13:00","modified_gmt":"2017-12-17T12:13:00","slug":"el-coro-contrapunto-inaugura-la-programacion-navidadena-en-juzbado","status":"publish","type":"post","link":"https:\/\/juzbado.es\/nuevaweb\/2017\/12\/17\/el-coro-contrapunto-inaugura-la-programacion-navidadena-en-juzbado\/","title":{"rendered":"EL CORO CONTRAPUNTO INAUGURA LA PROGRAMACI\u00d3N NAVIDADE\u00d1A EN JUZBADO"},"content":{"rendered":"<div style=\"text-align: justify;\">\n<span style=\"font-size: large;\"><span style=\"font-family: &quot;arial&quot; , &quot;helvetica&quot; , sans-serif;\">El tradicional concierto de navidad de Juzbado tuvo lugar ayer s\u00e1bado con la interpretaci\u00f3n del Gloria de Antonio Vivaldi a cargo de la agrupaci\u00f3n coral salmantina Coro Contrapunto.&nbsp; La orquesta de antiguos alumnos de la Escuela de M\u00fasica Sirinx acompa\u00f1\u00f3 al coro que adem\u00e1s tambi\u00e9n interpret\u00f3 Noche de Paz como colof\u00f3n a un concierto que inaugura la programaci\u00f3n cultura de navidad en este municipio tormesino.<\/span><\/span><\/div>\n<div style=\"text-align: justify;\">\n<table align=\"center\" cellpadding=\"0\" cellspacing=\"0\" style=\"margin-left: auto; margin-right: auto; text-align: center;\">\n<tbody>\n<tr>\n<td style=\"text-align: center;\"><a href=\"https:\/\/blogger.googleusercontent.com\/img\/b\/R29vZ2xl\/AVvXsEj7Sxmj12_J9Rzd-KtwdSu7sFO53QWB1dvALMFPZlp6Y_IyzYueKqnqhUHAYmg1uB6MHZsOno39lwSpWiqGei8oRelMobkP-Vg3dlEIKv_0QfoXgTlq4yZ-TS6miduVaOG001H5i9pVq3o\/s1600\/concierto+de+navidad+juzabo+coro+contrapunto+%25282%2529.jpg\" style=\"margin-left: auto; margin-right: auto;\"><img loading=\"lazy\" decoding=\"async\" alt=\"Juzbado, Concierto de navidad, Coro contrapunto, Escuela de M\u00fasica Sirinx\" border=\"0\" data-original-height=\"900\" data-original-width=\"1200\" height=\"300\" src=\"https:\/\/blogger.googleusercontent.com\/img\/b\/R29vZ2xl\/AVvXsEj7Sxmj12_J9Rzd-KtwdSu7sFO53QWB1dvALMFPZlp6Y_IyzYueKqnqhUHAYmg1uB6MHZsOno39lwSpWiqGei8oRelMobkP-Vg3dlEIKv_0QfoXgTlq4yZ-TS6miduVaOG001H5i9pVq3o\/s400\/concierto+de+navidad+juzabo+coro+contrapunto+%25282%2529.jpg\" title=\"Juzbado, Concierto de navidad, Coro contrapunto, Escuela de M\u00fasica Sirinx\" width=\"400\" \/><\/a><\/td>\n<\/tr>\n<tr>\n<td style=\"text-align: center;\"><span style=\"color: #000023;\"><span style=\"font-family: &quot;arial&quot; , &quot;helvetica&quot; , sans-serif;\">Cristina Iglesias dirigiendo al Coro y a la Orquesta de la Escuela Sirinx<\/span><\/span><\/td>\n<\/tr>\n<\/tbody>\n<\/table>\n<\/div>\n<p><span style=\"font-size: large;\"><span style=\"font-family: &quot;arial&quot; , &quot;helvetica&quot; , sans-serif;\">  <\/span><\/span><\/p>\n<div style=\"text-align: justify;\">\n<span style=\"font-size: large;\"><span style=\"font-family: &quot;arial&quot; , &quot;helvetica&quot; , sans-serif;\"><\/span><\/span><br \/>\n<a name='more'><\/a><br \/>\n<span style=\"font-size: large;\"><span style=\"font-family: &quot;arial&quot; , &quot;helvetica&quot; , sans-serif;\">El Gloria de Vivaldi alcanz\u00f3 su momento m\u00e1s intenso con las interpretaciones de las voces solitas de Paz Carrasco y Mar\u00eda Garc\u00eda Iglesias que hicieron la delicia de la docena de movimientos de la obra sacra compuesta a principios del siglo XVIII.&nbsp; Tras la actuaci\u00f3n, los asistentes disfrutaron de una chocolatada con bollos y bizcochos que la Escuela Libre Wayra ofreci\u00f3 a todo el pueblo para celebrar su primera navidad en el pueblo.<\/span><\/span><\/div>\n<div style=\"text-align: center;\">\n<table align=\"center\" cellpadding=\"0\" cellspacing=\"0\" style=\"margin-left: auto; margin-right: auto; text-align: center;\">\n<tbody>\n<tr>\n<td style=\"text-align: center;\"><img loading=\"lazy\" decoding=\"async\" alt=\"Juzbado, Concierto de navidad, Coro contrapunto, Escuela de M\u00fasica Sirinx\" border=\"0\" data-original-height=\"900\" data-original-width=\"1200\" height=\"300\" src=\"https:\/\/blogger.googleusercontent.com\/img\/b\/R29vZ2xl\/AVvXsEhI2zdPLWidk0szEUCQ3zlG6MeNAkhnP7cjub-dvMkSVxmsyBJIZLg5ipxdnORKr-XE6hXwBj1PktXA1YIeqewzoVMbEHmY29lRcrc-O6PGZg2OW-jmbZujg5SCJnvGQqyygtduQ38eK1k\/s400\/concierto+de+navidad+juzabo+coro+contrapunto+%25281%2529.jpg\" title=\"Juzbado, Concierto de navidad, Coro contrapunto, Escuela de M\u00fasica Sirinx\" width=\"400\" \/><\/td>\n<\/tr>\n<tr>\n<td style=\"text-align: center;\"><span style=\"color: #0000ee;\"><span style=\"font-family: &quot;arial&quot; , &quot;helvetica&quot; , sans-serif;\">Aspecto de la Iglesia parroquial durante el concierto de navidad 2017<\/span><u><br \/><\/u><\/span><\/td>\n<\/tr>\n<\/tbody>\n<\/table>\n<\/div>\n<p><span style=\"font-size: large;\"><span style=\"font-family: &quot;arial&quot; , &quot;helvetica&quot; , sans-serif;\">  <\/span><\/span><\/p>\n<div style=\"text-align: justify;\">\n<span style=\"font-size: large;\"><span style=\"font-family: &quot;arial&quot; , &quot;helvetica&quot; , sans-serif;\">La programaci\u00f3n navide\u00f1a continuar\u00e1 el jueves 21 con la proyecci\u00f3n de 4 cortometrajes navide\u00f1os enmarcados dentro de la quinta edici\u00f3n del ciclo cinematogr\u00e1fico organizado por la Coordinadora estatal del cortometraje espa\u00f1ol y el apoyo de la SGAE y que se titula \u201cEl d\u00eda m\u00e1s corto\u201d, ya que el 21 de Diciembre coincide con el solsticio de invierno.&nbsp; La proyecci\u00f3n ser\u00e1 a las 19:00 h. en el sal\u00f3n de Actos.<\/span><\/span><\/div>\n<div style=\"text-align: justify;\">\n<\/div>\n<p><span style=\"font-size: large;\"><span style=\"font-family: &quot;arial&quot; , &quot;helvetica&quot; , sans-serif;\">  <\/span><\/span><\/p>\n<div style=\"text-align: justify;\">\n<span style=\"font-size: large;\"><span style=\"font-family: &quot;arial&quot; , &quot;helvetica&quot; , sans-serif;\">El d\u00eda 23 de diciembre a las 19:00 h. tendremos la oportunidad de escuchar el recital musical en la iglesia parroquial a cargo de Fernando Rubio (vihuelas) y Pilar Quiroga (voz) titulado \u201cCantares de la luz, la oscuridad y de tiempos navide\u00f1os en el renacimiento\u201d.&nbsp; La carrera del turr\u00f3n, la participaci\u00f3n en la XV San Silvestre de Rivera de Ca\u00f1edo o la tradicional recepci\u00f3n de los SSMM los Reyes Magos ser\u00e1n otras de las propuestas juzbadinas en estos \u00faltimos d\u00edas del a\u00f1o.<\/span><\/span><\/div>\n<table align=\"center\" cellpadding=\"0\" cellspacing=\"0\" style=\"margin-left: auto; margin-right: auto; text-align: center;\">\n<tbody>\n<tr>\n<td style=\"text-align: center;\"><a href=\"https:\/\/drive.google.com\/file\/d\/1xfdObC2_oxCwOuAOWOwVjAkKNTFsE5hO\/view\" style=\"margin-left: auto; margin-right: auto;\" target=\"_blank\"><img loading=\"lazy\" decoding=\"async\" alt=\"Juzbado, programaci\u00f3n de navidad\" border=\"0\" data-original-height=\"1600\" data-original-width=\"1132\" height=\"400\" src=\"https:\/\/blogger.googleusercontent.com\/img\/b\/R29vZ2xl\/AVvXsEgGCFka35m9iu4MJf5x-tAb7BIWkNpiwE9EAW0BCLY3y9_GSyT3WErRJt6ZRPgveiMOpkGHbzMHvPfYRyG46fqiGqfX7yjPFX5NUyLR6dr4xJmUlTTIgx5Bgo0LQtWULIa61uGStzpzzek\/s400\/Programa+navidad+juzbado+2017_P%25C3%25A1gina_1.jpg\" title=\"Juzbado, programaci\u00f3n navidad\" width=\"282\" \/><\/a><\/td>\n<\/tr>\n<tr>\n<td style=\"text-align: center;\"><span style=\"font-family: &quot;arial&quot; , &quot;helvetica&quot; , sans-serif;\">Clica para descargar cartel<\/span><\/td>\n<\/tr>\n<\/tbody>\n<\/table>\n<div style=\"text-align: justify;\">\n<\/div>\n","protected":false},"excerpt":{"rendered":"<p>El tradicional concierto de navidad de Juzbado tuvo lugar ayer s\u00e1bado con la interpretaci\u00f3n del Gloria de Antonio Vivaldi a cargo de la agrupaci\u00f3n coral salmantina Coro Contrapunto.&nbsp; La orquesta de antiguos alumnos de la Escuela de M\u00fasica Sirinx acompa\u00f1\u00f3 al coro que adem\u00e1s tambi\u00e9n interpret\u00f3 Noche de Paz como colof\u00f3n a un concierto que [&hellip;]<\/p>\n","protected":false},"author":2,"featured_media":0,"comment_status":"open","ping_status":"open","sticky":false,"template":"","format":"standard","meta":{"saved_in_kubio":false,"footnotes":""},"categories":[1],"tags":[],"class_list":["post-531","post","type-post","status-publish","format-standard","hentry","category-sin-categoria"],"_links":{"self":[{"href":"https:\/\/juzbado.es\/nuevaweb\/wp-json\/wp\/v2\/posts\/531","targetHints":{"allow":["GET"]}}],"collection":[{"href":"https:\/\/juzbado.es\/nuevaweb\/wp-json\/wp\/v2\/posts"}],"about":[{"href":"https:\/\/juzbado.es\/nuevaweb\/wp-json\/wp\/v2\/types\/post"}],"author":[{"embeddable":true,"href":"https:\/\/juzbado.es\/nuevaweb\/wp-json\/wp\/v2\/users\/2"}],"replies":[{"embeddable":true,"href":"https:\/\/juzbado.es\/nuevaweb\/wp-json\/wp\/v2\/comments?post=531"}],"version-history":[{"count":0,"href":"https:\/\/juzbado.es\/nuevaweb\/wp-json\/wp\/v2\/posts\/531\/revisions"}],"wp:attachment":[{"href":"https:\/\/juzbado.es\/nuevaweb\/wp-json\/wp\/v2\/media?parent=531"}],"wp:term":[{"taxonomy":"category","embeddable":true,"href":"https:\/\/juzbado.es\/nuevaweb\/wp-json\/wp\/v2\/categories?post=531"},{"taxonomy":"post_tag","embeddable":true,"href":"https:\/\/juzbado.es\/nuevaweb\/wp-json\/wp\/v2\/tags?post=531"}],"curies":[{"name":"wp","href":"https:\/\/api.w.org\/{rel}","templated":true}]}}