{"id":540,"date":"2017-12-04T09:37:00","date_gmt":"2017-12-04T08:37:00","guid":{"rendered":"http:\/\/juzbado.es\/nuevaweb\/2017\/12\/04\/juzbado-presenta-en-intur-su-modelo-turistico-en-el-ano-internacional-del-turismo-sostenible-2\/"},"modified":"2017-12-04T09:37:00","modified_gmt":"2017-12-04T08:37:00","slug":"juzbado-presenta-en-intur-su-modelo-turistico-en-el-ano-internacional-del-turismo-sostenible-2","status":"publish","type":"post","link":"https:\/\/juzbado.es\/nuevaweb\/2017\/12\/04\/juzbado-presenta-en-intur-su-modelo-turistico-en-el-ano-internacional-del-turismo-sostenible-2\/","title":{"rendered":"JUZBADO PRESENTA EN INTUR SU MODELO TUR\u00cdSTICO EN EL A\u00d1O INTERNACIONAL DEL TURISMO SOSTENIBLE"},"content":{"rendered":"<div style=\"line-height: normal; margin-bottom: 0.0001pt; text-align: justify;\">\n<span style=\"font-size: large;\"><span style=\"font-family: &quot;arial&quot; , &quot;helvetica&quot; , sans-serif;\">El municipio de Juzbado present\u00f3 su proyecto de desarrollo rural \u201cDi\u00e1logos con la naturaleza: el libro abierto de Juzbado\u201d, en el seno de la <a href=\"http:\/\/feriavalladolid.com\/intur\/\" target=\"_blank\">FeriaInternacional del Turismo de Interior<\/a> (INTUR) celebrada en Valladolid.&nbsp; El acto de presentaci\u00f3n de nuestro municipio estuvo presidido por la Consejera de Cultura y Turismo de Castilla y Le\u00f3n Mar\u00eda Josefa Garc\u00eda Chirac y cont\u00f3 con la presencia del Director General de Turismo, Javier Ram\u00edrez Utrilla.<\/span><\/span><\/div>\n<div style=\"line-height: normal; margin-bottom: 0.0001pt;\">\n<span style=\"font-size: large;\"><span style=\"font-family: &quot;arial&quot; , &quot;helvetica&quot; , sans-serif;\">&nbsp;<\/p>\n<table align=\"center\" cellpadding=\"0\" cellspacing=\"0\" style=\"margin-left: auto; margin-right: auto; text-align: center;\">\n<tbody>\n<tr>\n<td style=\"text-align: center;\"><a href=\"https:\/\/blogger.googleusercontent.com\/img\/b\/R29vZ2xl\/AVvXsEjrcoFHlHdeAq3RcueK4te5PRjlTaDi1lvj6sXCuXyNcYvxQWkuPRud7TOWyNuaLVv89HOWtatMJd2aWWj3sXZjCUvE-5z_brvKuNOnrFp3LkgJylxONF0Z383Xd-qPg06CCAIXnfEjGho\/s1600\/20171124_180811-01.jpeg\" style=\"margin-left: auto; margin-right: auto;\"><img loading=\"lazy\" decoding=\"async\" alt=\"juzbado libro abierto\" border=\"0\" data-original-height=\"1200\" data-original-width=\"1600\" height=\"480\" src=\"https:\/\/blogger.googleusercontent.com\/img\/b\/R29vZ2xl\/AVvXsEjrcoFHlHdeAq3RcueK4te5PRjlTaDi1lvj6sXCuXyNcYvxQWkuPRud7TOWyNuaLVv89HOWtatMJd2aWWj3sXZjCUvE-5z_brvKuNOnrFp3LkgJylxONF0Z383Xd-qPg06CCAIXnfEjGho\/s640\/20171124_180811-01.jpeg\" title=\"Juzbado libro abierto\" width=\"640\" \/><\/a><\/td>\n<\/tr>\n<tr>\n<td style=\"text-align: center;\">Mar\u00eda Josefa Garc\u00eda Chirac acompa\u00f1ada de Ra\u00fal de Tapia y Fernando Rubio.<\/td>\n<\/tr>\n<\/tbody>\n<\/table>\n<p><\/span><\/span><\/div>\n<div style=\"line-height: normal; margin-bottom: 0.0001pt;\">\n<br \/>\n<a name='more'><\/a><\/div>\n<p><span style=\"font-size: large;\"><span style=\"font-family: &quot;arial&quot; , &quot;helvetica&quot; , sans-serif;\">  <\/span><\/span><\/p>\n<div style=\"line-height: normal; margin-bottom: 0.0001pt; text-align: justify;\">\n<span style=\"font-size: large;\"><span style=\"font-family: &quot;arial&quot; , &quot;helvetica&quot; , sans-serif;\">En el <b>A\u00f1o Internacional del Turismo Sostenible para el Desarrollo<\/b>, declarado por las Naciones Unidas, el municipio de Juzbado quiso estar presente en la 21 edici\u00f3n de INTUR, que se celebr\u00f3 entre los d\u00edas 23 y 26 de Noviembre en Valladolid.&nbsp; <i>Di\u00e1logos con la naturaleza<\/i> es el t\u00edtulo de la ponencia que comparti\u00f3 el alcalde de Juzbado Fernando Rubio con operadores y profesionales del sector tur\u00edstico as\u00ed como con los visitantes de la feria.&nbsp; La apuesta de Juzbado por establecer nuevos nexos de uni\u00f3n entre los paisajes tormesinos, la literatura, el arte o las ciencias de la Tierra se plasm\u00f3 en un video promocional en el que se narran los hitos y eventos m\u00e1s singulares del municipio.&nbsp; Tras las palabras de Fernando, la <a href=\"http:\/\/fundaciontormes-eb.org\/\" target=\"_blank\">Fundaci\u00f3n Tormes<\/a> aval\u00f3 el conjunto de propuestas e iniciativas tur\u00edsticas que viene desarrollando Juzbado, gracias a las amables palabras de Ra\u00fal de Tapia, Director de la Fundaci\u00f3n y divulgador ambiental.&nbsp; Entre las muchas cuestiones que se pudieron compartir con el p\u00fablico presente en el <i>stage<\/i> de Castilla y Le\u00f3n, se subrayaron las ligadas al arte en la naturaleza como \u201cArte Emboscado\u201d que se est\u00e1 desarrollando en estos momentos junto al r\u00edo Tormes.&nbsp; De Tapia tambi\u00e9n destac\u00f3 la oferta tur\u00edstica alternativa e innovadora del interfluvio Tormes-Ca\u00f1edo gracias a propuestas tur\u00edsticas tan peculiares e interesantes como la ruta de Catedrales Vivas o las situadas en el municipio de Juzbado.<\/span><\/span><\/div>\n<div style=\"line-height: normal; margin-bottom: 0.0001pt; text-align: justify;\">\n<\/div>\n<div style=\"text-align: justify;\">\n<span style=\"font-size: large;\"><span style=\"font-family: &quot;arial&quot; , &quot;helvetica&quot; , sans-serif;\">  <\/span><\/span><\/div>\n<div style=\"line-height: normal; margin-bottom: 0.0001pt; text-align: justify;\">\n<span style=\"font-size: large;\"><span style=\"font-family: &quot;arial&quot; , &quot;helvetica&quot; , sans-serif;\">Por \u00faltimo, ambos ponentes adelantaron algunos de los detalles del <b>Centro de Documentaci\u00f3n Bot\u00e1nico<\/b> que albergar\u00e1 Juzbado pr\u00f3ximamente, y que est\u00e1 generando mucha expectaci\u00f3n.&nbsp; Se trata de una de las mejores y m\u00e1s completas colecciones privadas de plantas prensadas y el fondo documental y bibliogr\u00e1fico de los bot\u00e1nicos Ana Gonz\u00e1lez Garzo y Augusto Krause.&nbsp; La ubicaci\u00f3n de este centro -que llevar\u00e1 su nombre y est\u00e1 destinado a ser un nuevo referente bot\u00e1nico en Espa\u00f1a-, ocupar\u00e1 los actuales jardines del C\u00f3del junto a la antigua casa del cura y un solar adyacente en el centro de n\u00facleo urbano de Juzbado, todos de propiedad municipal.&nbsp; El centro contar\u00e1 con una biblioteca p\u00fablica, una sala polivalente para exposiciones y desarrollo de eventos bot\u00e1nicos y gastron\u00f3micos as\u00ed como espacio para alojar el fondo documental de Ana y Augusto.<\/span><\/span><\/div>\n","protected":false},"excerpt":{"rendered":"<p>El municipio de Juzbado present\u00f3 su proyecto de desarrollo rural \u201cDi\u00e1logos con la naturaleza: el libro abierto de Juzbado\u201d, en el seno de la FeriaInternacional del Turismo de Interior (INTUR) celebrada en Valladolid.&nbsp; El acto de presentaci\u00f3n de nuestro municipio estuvo presidido por la Consejera de Cultura y Turismo de Castilla y Le\u00f3n Mar\u00eda Josefa [&hellip;]<\/p>\n","protected":false},"author":1,"featured_media":0,"comment_status":"open","ping_status":"open","sticky":false,"template":"","format":"standard","meta":{"saved_in_kubio":false,"footnotes":""},"categories":[1],"tags":[],"class_list":["post-540","post","type-post","status-publish","format-standard","hentry","category-sin-categoria"],"_links":{"self":[{"href":"https:\/\/juzbado.es\/nuevaweb\/wp-json\/wp\/v2\/posts\/540","targetHints":{"allow":["GET"]}}],"collection":[{"href":"https:\/\/juzbado.es\/nuevaweb\/wp-json\/wp\/v2\/posts"}],"about":[{"href":"https:\/\/juzbado.es\/nuevaweb\/wp-json\/wp\/v2\/types\/post"}],"author":[{"embeddable":true,"href":"https:\/\/juzbado.es\/nuevaweb\/wp-json\/wp\/v2\/users\/1"}],"replies":[{"embeddable":true,"href":"https:\/\/juzbado.es\/nuevaweb\/wp-json\/wp\/v2\/comments?post=540"}],"version-history":[{"count":0,"href":"https:\/\/juzbado.es\/nuevaweb\/wp-json\/wp\/v2\/posts\/540\/revisions"}],"wp:attachment":[{"href":"https:\/\/juzbado.es\/nuevaweb\/wp-json\/wp\/v2\/media?parent=540"}],"wp:term":[{"taxonomy":"category","embeddable":true,"href":"https:\/\/juzbado.es\/nuevaweb\/wp-json\/wp\/v2\/categories?post=540"},{"taxonomy":"post_tag","embeddable":true,"href":"https:\/\/juzbado.es\/nuevaweb\/wp-json\/wp\/v2\/tags?post=540"}],"curies":[{"name":"wp","href":"https:\/\/api.w.org\/{rel}","templated":true}]}}