{"id":541,"date":"2017-11-17T17:36:00","date_gmt":"2017-11-17T16:36:00","guid":{"rendered":"http:\/\/juzbado.es\/nuevaweb\/2017\/11\/17\/fallo-del-concurso-de-fotografia-el-otono-en-juzbado-2017\/"},"modified":"2017-11-17T17:36:00","modified_gmt":"2017-11-17T16:36:00","slug":"fallo-del-concurso-de-fotografia-el-otono-en-juzbado-2017","status":"publish","type":"post","link":"https:\/\/juzbado.es\/nuevaweb\/2017\/11\/17\/fallo-del-concurso-de-fotografia-el-otono-en-juzbado-2017\/","title":{"rendered":"FALLO DEL CONCURSO DE FOTOGRAF\u00cdA \u00abEL OTO\u00d1O EN JUZBADO\u00bb 2017"},"content":{"rendered":"<p><span style=\"font-family: &quot;arial&quot; , &quot;helvetica&quot; , sans-serif;\"><span style=\"font-size: 12pt;\">Tras el fallo del jurado del concurso de fotograf\u00eda rural titulado \u00abEl oto\u00f1o en Juzbado\u00bb, os mostramos las fotograf\u00edas ganadoras.&nbsp; Desde aqu\u00ed queremos agradecer a todos los participantes su entusiasmo y, por supuesto, dar la enhorabuena a los premiados.<\/span><\/span><\/p>\n<p><a name='more'><\/a><\/p>\n<div style=\"line-height: normal; margin-bottom: .0001pt; margin-bottom: 0cm; mso-layout-grid-align: none; text-align: justify; text-autospace: none;\">\n<b style=\"mso-bidi-font-weight: normal;\"><span style=\"font-family: &quot;arial&quot; , &quot;sans-serif&quot;; font-size: 12.0pt;\">Primer Premio a Francisco Javier Pilo Garc\u00eda. <\/span><\/b><b style=\"mso-bidi-font-weight: normal;\"><span style=\"font-family: &quot;arial&quot; , &quot;sans-serif&quot;; font-size: 12.0pt;\">Labores estacionales.<\/span><\/b><\/p>\n<div style=\"line-height: normal; margin-bottom: .0001pt; margin-bottom: 0cm; mso-layout-grid-align: none; text-align: justify; text-autospace: none;\">\n<\/div>\n<\/div>\n<div style=\"line-height: normal; margin-bottom: .0001pt; margin-bottom: 0cm; mso-layout-grid-align: none; text-align: justify; text-autospace: none;\">\n<\/div>\n<div style=\"clear: both; text-align: center;\">\n<a href=\"https:\/\/blogger.googleusercontent.com\/img\/b\/R29vZ2xl\/AVvXsEjCNKbI5A4wRN_BeiFoNymuFfc_UmI7WglMXofXAFqPwOhKLvGTyei-LsXgoi3jA3mnRV017GSl9w6sL9p24DgecO30EyEuXHZcyx2jtot32EhojSesbfKfgglRcu_QA3xVjFmDf8mz3Lw\/s1600\/premios+concurso+oto%25C3%25B1o+en+jzubado+2017+%25285%2529+%2528Copiar%2529.JPG\" style=\"margin-left: 1em; margin-right: 1em;\"><img loading=\"lazy\" decoding=\"async\" alt=\"Juzbado, oto\u00f1o, premios, concurso de fotograf\u00eda rural el oto\u00f1o en Juzbado\" border=\"0\" data-original-height=\"1200\" data-original-width=\"1600\" height=\"240\" src=\"https:\/\/blogger.googleusercontent.com\/img\/b\/R29vZ2xl\/AVvXsEjCNKbI5A4wRN_BeiFoNymuFfc_UmI7WglMXofXAFqPwOhKLvGTyei-LsXgoi3jA3mnRV017GSl9w6sL9p24DgecO30EyEuXHZcyx2jtot32EhojSesbfKfgglRcu_QA3xVjFmDf8mz3Lw\/s320\/premios+concurso+oto%25C3%25B1o+en+jzubado+2017+%25285%2529+%2528Copiar%2529.JPG\" title=\"Juzbado, oto\u00f1o, premios, concurso de fotograf\u00eda rural el oto\u00f1o en Juzbado\" width=\"320\" \/><\/a><\/div>\n<div style=\"line-height: normal; margin-bottom: .0001pt; margin-bottom: 0cm; mso-layout-grid-align: none; text-align: justify; text-autospace: none;\">\n<\/div>\n<div style=\"line-height: normal; margin-bottom: .0001pt; margin-bottom: 0cm; mso-layout-grid-align: none; text-align: justify; text-autospace: none;\">\n<b style=\"mso-bidi-font-weight: normal;\"><span style=\"font-family: &quot;arial&quot; , &quot;sans-serif&quot;; font-size: 12.0pt;\">Segundo Premio a Isabel Hern\u00e1ndez Hern\u00e1ndez. Sin t\u00edtulo.<\/span><\/b><br \/>\n<b style=\"mso-bidi-font-weight: normal;\"><span style=\"font-family: &quot;arial&quot; , &quot;sans-serif&quot;; font-size: 12.0pt;\"><br \/>\n<\/span><\/b><\/div>\n<div style=\"clear: both; text-align: center;\">\n<b style=\"mso-bidi-font-weight: normal;\"><a href=\"https:\/\/blogger.googleusercontent.com\/img\/b\/R29vZ2xl\/AVvXsEhYrtgV4r1LqS27w147oj1naInmdSJeQHK3Et6-7PsMKjqVNez46mMiX3s_WW8Br4xUdvufCGIp4vVK6-6eG3bEh8nE9QWx3TwwqW7igMBADAoNPxUF1OM6iKKLgmX3jeBIrDbBsYFSNbE\/s1600\/premios+concurso+oto%25C3%25B1o+en+jzubado+2017+%25286%2529+%2528Copiar%2529.JPG\" style=\"margin-left: 1em; margin-right: 1em;\"><img loading=\"lazy\" decoding=\"async\" alt=\"Juzbado, oto\u00f1o, premios, concurso de fotograf\u00eda rural el oto\u00f1o en Juzbado\" border=\"0\" data-original-height=\"1200\" data-original-width=\"675\" height=\"320\" src=\"https:\/\/blogger.googleusercontent.com\/img\/b\/R29vZ2xl\/AVvXsEhYrtgV4r1LqS27w147oj1naInmdSJeQHK3Et6-7PsMKjqVNez46mMiX3s_WW8Br4xUdvufCGIp4vVK6-6eG3bEh8nE9QWx3TwwqW7igMBADAoNPxUF1OM6iKKLgmX3jeBIrDbBsYFSNbE\/s320\/premios+concurso+oto%25C3%25B1o+en+jzubado+2017+%25286%2529+%2528Copiar%2529.JPG\" title=\"Juzbado, oto\u00f1o, premios, concurso de fotograf\u00eda rural el oto\u00f1o en Juzbado\" width=\"180\" \/><\/a><\/b><\/div>\n<div style=\"line-height: normal; margin-bottom: .0001pt; margin-bottom: 0cm; mso-layout-grid-align: none; text-align: justify; text-autospace: none;\">\n<\/div>\n<div style=\"line-height: normal; margin-bottom: .0001pt; margin-bottom: 0cm; mso-layout-grid-align: none; text-align: justify; text-autospace: none;\">\n<b style=\"mso-bidi-font-weight: normal;\"><span style=\"font-family: &quot;arial&quot; , &quot;sans-serif&quot;; font-size: 12.0pt;\">Tercer Premio Antonio P\u00e9rez Ruano. Alfombra oto\u00f1al.<\/span><\/b><\/div>\n<div style=\"line-height: normal; margin-bottom: .0001pt; margin-bottom: 0cm; mso-layout-grid-align: none; text-align: justify; text-autospace: none;\">\n<\/div>\n<div style=\"clear: both; text-align: center;\">\n<b style=\"mso-bidi-font-weight: normal;\"><a href=\"https:\/\/blogger.googleusercontent.com\/img\/b\/R29vZ2xl\/AVvXsEgm6q-cYv-FoJFsD15JWNjMSQCDLOPtNvVMSJ7EgV2bH5CDOGe4P8HJSnt_omqpTr4zRZgv1AIBKCNvwB5NYD2m0iPJUYJE_bYNFEltVBUKCkQj-saYuOwaT7rGaE2DqTmSbIqJPWn_AHY\/s1600\/premios+concurso+oto%25C3%25B1o+en+jzubado+2017+%25287%2529+%2528Copiar%2529.jpg\" style=\"margin-left: 1em; margin-right: 1em;\"><img loading=\"lazy\" decoding=\"async\" alt=\"Juzbado, oto\u00f1o, premios, concurso de fotograf\u00eda rural el oto\u00f1o en Juzbado\" border=\"0\" data-original-height=\"1200\" data-original-width=\"1600\" height=\"240\" src=\"https:\/\/blogger.googleusercontent.com\/img\/b\/R29vZ2xl\/AVvXsEgm6q-cYv-FoJFsD15JWNjMSQCDLOPtNvVMSJ7EgV2bH5CDOGe4P8HJSnt_omqpTr4zRZgv1AIBKCNvwB5NYD2m0iPJUYJE_bYNFEltVBUKCkQj-saYuOwaT7rGaE2DqTmSbIqJPWn_AHY\/s320\/premios+concurso+oto%25C3%25B1o+en+jzubado+2017+%25287%2529+%2528Copiar%2529.jpg\" title=\"Juzbado, oto\u00f1o, premios, concurso de fotograf\u00eda rural el oto\u00f1o en Juzbado\" width=\"320\" \/><\/a><\/b><\/div>\n<div style=\"line-height: normal; margin-bottom: .0001pt; margin-bottom: 0cm; mso-layout-grid-align: none; text-align: justify; text-autospace: none;\">\n<\/div>\n<div style=\"line-height: normal; margin-bottom: .0001pt; margin-bottom: 0cm; mso-layout-grid-align: none; text-align: justify; text-autospace: none;\">\n<\/div>\n<div style=\"line-height: normal; margin-bottom: .0001pt; margin-bottom: 0cm; mso-layout-grid-align: none; text-align: justify; text-autospace: none;\">\n<b style=\"mso-bidi-font-weight: normal;\"><span style=\"font-family: &quot;arial&quot; , &quot;sans-serif&quot;; font-size: 12.0pt;\">Acc\u00e9sit a Natividad Calvo S\u00e1nchez. Obra sin t\u00edtulo.<\/span><\/b><\/div>\n<div style=\"clear: both; text-align: center;\">\n<a href=\"https:\/\/blogger.googleusercontent.com\/img\/b\/R29vZ2xl\/AVvXsEhTzgNpdx37y-3yLmVPoFn2_xCvLhq49nPWDm1pZN3WXDUxzUF9z1DCS73i0o-Ldd6rVoG-H4kvicffgzCewRcxUBwvdwchN8k5t6yL4S091vCYi9Pahhl9xksiF-M129E0uaPcZRyfdqE\/s1600\/premios+concurso+oto%25C3%25B1o+en+jzubado+2017+%25281%2529+%2528Copiar%2529.jpg\" style=\"margin-left: 1em; margin-right: 1em;\"><img loading=\"lazy\" decoding=\"async\" alt=\"Juzbado, oto\u00f1o, premios, concurso de fotograf\u00eda rural el oto\u00f1o en Juzbado\" border=\"0\" data-original-height=\"1200\" data-original-width=\"1099\" height=\"320\" src=\"https:\/\/blogger.googleusercontent.com\/img\/b\/R29vZ2xl\/AVvXsEhTzgNpdx37y-3yLmVPoFn2_xCvLhq49nPWDm1pZN3WXDUxzUF9z1DCS73i0o-Ldd6rVoG-H4kvicffgzCewRcxUBwvdwchN8k5t6yL4S091vCYi9Pahhl9xksiF-M129E0uaPcZRyfdqE\/s320\/premios+concurso+oto%25C3%25B1o+en+jzubado+2017+%25281%2529+%2528Copiar%2529.jpg\" title=\"Juzbado, oto\u00f1o, premios, concurso de fotograf\u00eda rural el oto\u00f1o en Juzbado\" width=\"293\" \/><\/a><\/div>\n<div style=\"line-height: normal; margin-bottom: .0001pt; margin-bottom: 0cm; mso-layout-grid-align: none; text-align: justify; text-autospace: none;\">\n<\/div>\n<div style=\"line-height: normal; margin-bottom: .0001pt; margin-bottom: 0cm; mso-layout-grid-align: none; text-align: justify; text-autospace: none;\">\n<b style=\"mso-bidi-font-weight: normal;\"><span style=\"font-family: &quot;arial&quot; , &quot;sans-serif&quot;; font-size: 12.0pt;\">Acc\u00e9sit a Carmina Pilo Garc\u00eda. Playa ribere\u00f1a del Tormes.<\/span><\/b><\/div>\n<div style=\"line-height: normal; margin-bottom: .0001pt; margin-bottom: 0cm; mso-layout-grid-align: none; text-align: justify; text-autospace: none;\">\n<\/div>\n<div style=\"clear: both; text-align: center;\">\n<b style=\"mso-bidi-font-weight: normal;\"><a href=\"https:\/\/blogger.googleusercontent.com\/img\/b\/R29vZ2xl\/AVvXsEhK9YlAaZIFb7mleuRoJggeC_6BXiwWKcQjBdTM9Q_7bYUgHog5jlJYZViVhf9G3nSEXyNI8wXPnuI1iu3sBgBvmj9FbfJtZ2rzHgHrL1ezLZug9PcXhI7-iajQ1CWjm0reb43LgSWK78o\/s1600\/premios+concurso+oto%25C3%25B1o+en+jzubado+2017+%25282%2529+%2528Copiar%2529.jpg\" style=\"margin-left: 1em; margin-right: 1em;\"><img loading=\"lazy\" decoding=\"async\" alt=\"Juzbado, oto\u00f1o, premios, concurso de fotograf\u00eda rural el oto\u00f1o en Juzbado\" border=\"0\" data-original-height=\"1200\" data-original-width=\"1600\" height=\"240\" src=\"https:\/\/blogger.googleusercontent.com\/img\/b\/R29vZ2xl\/AVvXsEhK9YlAaZIFb7mleuRoJggeC_6BXiwWKcQjBdTM9Q_7bYUgHog5jlJYZViVhf9G3nSEXyNI8wXPnuI1iu3sBgBvmj9FbfJtZ2rzHgHrL1ezLZug9PcXhI7-iajQ1CWjm0reb43LgSWK78o\/s320\/premios+concurso+oto%25C3%25B1o+en+jzubado+2017+%25282%2529+%2528Copiar%2529.jpg\" title=\"Juzbado, oto\u00f1o, premios, concurso de fotograf\u00eda rural el oto\u00f1o en Juzbado\" width=\"320\" \/><\/a><\/b><\/div>\n<div style=\"line-height: normal; margin-bottom: .0001pt; margin-bottom: 0cm; mso-layout-grid-align: none; text-align: justify; text-autospace: none;\">\n<\/div>\n<div style=\"line-height: normal; margin-bottom: .0001pt; margin-bottom: 0cm; mso-layout-grid-align: none; text-align: justify; text-autospace: none;\">\n<b style=\"mso-bidi-font-weight: normal;\"><span style=\"font-family: &quot;arial&quot; , &quot;sans-serif&quot;; font-size: 12.0pt;\">Acc\u00e9sit a Yolanda Oyag\u00fce L\u00f3pez. Casa de las ardillas.<\/span><\/b><\/div>\n<div style=\"line-height: normal; margin-bottom: .0001pt; margin-bottom: 0cm; mso-layout-grid-align: none; text-align: justify; text-autospace: none;\">\n<\/div>\n<div style=\"clear: both; text-align: center;\">\n<a href=\"https:\/\/blogger.googleusercontent.com\/img\/b\/R29vZ2xl\/AVvXsEjnGnzzOQrsyr-HvqJkAGcrLumX8SFNxH1GwABrk8dk2MyDz4mktZCQMI3PsZLCZOVnynge9gv4Xz6gMNMyWsJjkOX_9WW6RE98Ty8WVbV1yHlSIBi2L8xA1VAs294eqaol-NGDthbleSY\/s1600\/premios+concurso+oto%25C3%25B1o+en+jzubado+2017+%25283%2529+%2528Copiar%2529.jpg\" style=\"margin-left: 1em; margin-right: 1em;\"><img loading=\"lazy\" decoding=\"async\" alt=\"Juzbado, oto\u00f1o, premios, concurso de fotograf\u00eda rural el oto\u00f1o en Juzbado\" border=\"0\" data-original-height=\"1200\" data-original-width=\"1600\" height=\"240\" src=\"https:\/\/blogger.googleusercontent.com\/img\/b\/R29vZ2xl\/AVvXsEjnGnzzOQrsyr-HvqJkAGcrLumX8SFNxH1GwABrk8dk2MyDz4mktZCQMI3PsZLCZOVnynge9gv4Xz6gMNMyWsJjkOX_9WW6RE98Ty8WVbV1yHlSIBi2L8xA1VAs294eqaol-NGDthbleSY\/s320\/premios+concurso+oto%25C3%25B1o+en+jzubado+2017+%25283%2529+%2528Copiar%2529.jpg\" title=\"Juzbado, oto\u00f1o, premios, concurso de fotograf\u00eda rural el oto\u00f1o en Juzbado\" width=\"320\" \/><\/a><\/div>\n<div style=\"line-height: normal; margin-bottom: .0001pt; margin-bottom: 0cm; mso-layout-grid-align: none; text-align: justify; text-autospace: none;\">\n<\/div>\n<div style=\"line-height: normal; margin-bottom: .0001pt; margin-bottom: 0cm; mso-layout-grid-align: none; text-align: justify; text-autospace: none;\">\n<\/div>\n<div style=\"line-height: normal; margin-bottom: .0001pt; margin-bottom: 0cm; mso-layout-grid-align: none; text-align: justify; text-autospace: none;\">\n<b style=\"mso-bidi-font-weight: normal;\"><span style=\"font-family: &quot;arial&quot; , &quot;sans-serif&quot;; font-size: 12.0pt;\">Jennifer del Blanco de la Vega. Obra titulada \u201cAutumn song\u201d con 105 votos.<span style=\"mso-spacerun: yes;\">&nbsp; <\/span><\/span><\/b><span style=\"font-family: &quot;arial&quot; , &quot;sans-serif&quot;; font-size: 12.0pt;\">Se comprueba que la<b style=\"mso-bidi-font-weight: normal;\"> <\/b>foto m\u00e1s votada es la de Antonio P\u00e9rez Ruano (109 votos) pero que est\u00e1 ya premiada con el tercer premio.<\/span><\/div>\n<div style=\"clear: both; text-align: center;\">\n<a href=\"https:\/\/blogger.googleusercontent.com\/img\/b\/R29vZ2xl\/AVvXsEjTVjQbctoZbiYmDYWlek5x4ifiDWHpGMy1mT8d0RVVhCe8xb5P2ofT3QMv8IH3nlTsCmAbvBhKz-CakX6RgiZ5-iRoeHka4Mso1kzUzVknop0yzvUJrBOyt8FZH8iMQqmx4sOmot3bpRw\/s1600\/premios+concurso+oto%25C3%25B1o+en+jzubado+2017+%25284%2529+%2528Copiar%2529.jpg\" style=\"margin-left: 1em; margin-right: 1em;\"><img loading=\"lazy\" decoding=\"async\" alt=\"Juzbado, oto\u00f1o, premios, concurso de fotograf\u00eda rural el oto\u00f1o en Juzbado\" border=\"0\" data-original-height=\"1064\" data-original-width=\"1600\" height=\"212\" src=\"https:\/\/blogger.googleusercontent.com\/img\/b\/R29vZ2xl\/AVvXsEjTVjQbctoZbiYmDYWlek5x4ifiDWHpGMy1mT8d0RVVhCe8xb5P2ofT3QMv8IH3nlTsCmAbvBhKz-CakX6RgiZ5-iRoeHka4Mso1kzUzVknop0yzvUJrBOyt8FZH8iMQqmx4sOmot3bpRw\/s320\/premios+concurso+oto%25C3%25B1o+en+jzubado+2017+%25284%2529+%2528Copiar%2529.jpg\" title=\"Juzbado, oto\u00f1o, premios, concurso de fotograf\u00eda rural el oto\u00f1o en Juzbado\" width=\"320\" \/><\/a><\/div>\n<div style=\"line-height: normal; margin-bottom: .0001pt; margin-bottom: 0cm; mso-layout-grid-align: none; text-align: justify; text-autospace: none;\">\n<\/div>\n<div style=\"line-height: normal; margin-bottom: .0001pt; margin-bottom: 0cm; mso-layout-grid-align: none; text-align: justify; text-autospace: none;\">\n<span style=\"font-family: &quot;arial&quot; , &quot;sans-serif&quot;; font-size: 12.0pt;\">La entrega de premios se<span style=\"mso-spacerun: yes;\">&nbsp; <\/span>har\u00e1 ma\u00f1ana s\u00e1bado 18 de noviembre previa notificaci\u00f3n y acuerdo con los ganadores.<span style=\"mso-spacerun: yes;\">&nbsp; <\/span>Os recordamos que las fotograf\u00edas estar\u00e1n expuestas durante todo el fin de semana en el <a href=\"http:\/\/www.museodelafalla.es\/\" target=\"_blank\">Museo de la Falla<\/a> seg\u00fan horario de apertura (S\u00e1bado de 11:00 h. a 14:00 h. y de 16:30 h. a 20:00 h., Domingo de 11:00 h a 14:00 h.)<\/span><\/div>\n","protected":false},"excerpt":{"rendered":"<p>Tras el fallo del jurado del concurso de fotograf\u00eda rural titulado \u00abEl oto\u00f1o en Juzbado\u00bb, os mostramos las fotograf\u00edas ganadoras.&nbsp; Desde aqu\u00ed queremos agradecer a todos los participantes su entusiasmo y, por supuesto, dar la enhorabuena a los premiados. Primer Premio a Francisco Javier Pilo Garc\u00eda. Labores estacionales. Segundo Premio a Isabel Hern\u00e1ndez Hern\u00e1ndez. Sin [&hellip;]<\/p>\n","protected":false},"author":2,"featured_media":0,"comment_status":"open","ping_status":"open","sticky":false,"template":"","format":"standard","meta":{"saved_in_kubio":false,"footnotes":""},"categories":[1],"tags":[],"class_list":["post-541","post","type-post","status-publish","format-standard","hentry","category-sin-categoria"],"_links":{"self":[{"href":"https:\/\/juzbado.es\/nuevaweb\/wp-json\/wp\/v2\/posts\/541","targetHints":{"allow":["GET"]}}],"collection":[{"href":"https:\/\/juzbado.es\/nuevaweb\/wp-json\/wp\/v2\/posts"}],"about":[{"href":"https:\/\/juzbado.es\/nuevaweb\/wp-json\/wp\/v2\/types\/post"}],"author":[{"embeddable":true,"href":"https:\/\/juzbado.es\/nuevaweb\/wp-json\/wp\/v2\/users\/2"}],"replies":[{"embeddable":true,"href":"https:\/\/juzbado.es\/nuevaweb\/wp-json\/wp\/v2\/comments?post=541"}],"version-history":[{"count":0,"href":"https:\/\/juzbado.es\/nuevaweb\/wp-json\/wp\/v2\/posts\/541\/revisions"}],"wp:attachment":[{"href":"https:\/\/juzbado.es\/nuevaweb\/wp-json\/wp\/v2\/media?parent=541"}],"wp:term":[{"taxonomy":"category","embeddable":true,"href":"https:\/\/juzbado.es\/nuevaweb\/wp-json\/wp\/v2\/categories?post=541"},{"taxonomy":"post_tag","embeddable":true,"href":"https:\/\/juzbado.es\/nuevaweb\/wp-json\/wp\/v2\/tags?post=541"}],"curies":[{"name":"wp","href":"https:\/\/api.w.org\/{rel}","templated":true}]}}