{"id":544,"date":"2017-11-17T17:09:00","date_gmt":"2017-11-17T16:09:00","guid":{"rendered":"http:\/\/juzbado.es\/nuevaweb\/2017\/11\/17\/otono-cultural-2017-2\/"},"modified":"2017-11-17T17:09:00","modified_gmt":"2017-11-17T16:09:00","slug":"otono-cultural-2017-2","status":"publish","type":"post","link":"https:\/\/juzbado.es\/nuevaweb\/2017\/11\/17\/otono-cultural-2017-2\/","title":{"rendered":"OTO\u00d1O CULTURAL 2017"},"content":{"rendered":"<p><span style=\"font-family: &quot;arial&quot; , &quot;helvetica&quot; , sans-serif;\">Os mostramos a continuaci\u00f3n la programaci\u00f3n cultural de oto\u00f1o que, como ya sab\u00e9is, comenz\u00f3 el d\u00eda 4 de noviembre con la obra de teatro \u00abProhibido suicidarse en primavera\u00bb de la compa\u00f1\u00eda Atenea Teatro. Continuamos con m\u00e1s propuestas:<\/span><\/p>\n<p><span style=\"font-family: &quot;arial&quot; , &quot;helvetica&quot; , sans-serif;\">NOTA: Pod\u00e9is <a href=\"https:\/\/drive.google.com\/file\/d\/17L7XEfcFEo4lOxWOzcktkH3CHVUXnuOr\/view?usp=sharing\" target=\"_blank\">descargaros el tr\u00edptico en PDF<\/a> que esta disponible en papel en el <a href=\"http:\/\/www.museodelafalla.es\/\" target=\"_blank\">Museo de la Falla<\/a> y en los bares del pueblo.<\/span><br \/>\n<span style=\"font-family: &quot;arial&quot; , &quot;helvetica&quot; , sans-serif;\"><br \/><\/span><br \/>\n<\/p>\n<div style=\"clear: both; text-align: center;\">\n<\/div>\n<div style=\"clear: both; text-align: center;\">\n<a href=\"https:\/\/blogger.googleusercontent.com\/img\/b\/R29vZ2xl\/AVvXsEgdU691t-U6s7vqySs4Nzr_7gyi28VuniugrV0JTgJmyjzDafECUGffdj6uXlt1-KfhSfggMr3wdIq7oTmZZ3ec9BUqYsZ6-By8wsHLqt0R1jYhQ4DwRhGZisCUDUe-JaMM23tw0U6oSP8\/s1600\/oto%25C3%25B1o+cultural+2017+web.jpg\" style=\"margin-left: 1em; margin-right: 1em;\"><img loading=\"lazy\" decoding=\"async\" alt=\"Juzbado, cultura oto\u00f1o\" border=\"0\" data-original-height=\"1600\" data-original-width=\"1132\" height=\"640\" src=\"https:\/\/blogger.googleusercontent.com\/img\/b\/R29vZ2xl\/AVvXsEgdU691t-U6s7vqySs4Nzr_7gyi28VuniugrV0JTgJmyjzDafECUGffdj6uXlt1-KfhSfggMr3wdIq7oTmZZ3ec9BUqYsZ6-By8wsHLqt0R1jYhQ4DwRhGZisCUDUe-JaMM23tw0U6oSP8\/s640\/oto%25C3%25B1o+cultural+2017+web.jpg\" title=\"Juzbado, cultura oto\u00f1o\" width=\"452\" \/><\/a><\/div>\n<p><\/p>\n","protected":false},"excerpt":{"rendered":"<p>Os mostramos a continuaci\u00f3n la programaci\u00f3n cultural de oto\u00f1o que, como ya sab\u00e9is, comenz\u00f3 el d\u00eda 4 de noviembre con la obra de teatro \u00abProhibido suicidarse en primavera\u00bb de la compa\u00f1\u00eda Atenea Teatro. Continuamos con m\u00e1s propuestas: NOTA: Pod\u00e9is descargaros el tr\u00edptico en PDF que esta disponible en papel en el Museo de la Falla [&hellip;]<\/p>\n","protected":false},"author":1,"featured_media":0,"comment_status":"open","ping_status":"open","sticky":false,"template":"","format":"standard","meta":{"saved_in_kubio":false,"footnotes":""},"categories":[1],"tags":[],"class_list":["post-544","post","type-post","status-publish","format-standard","hentry","category-sin-categoria"],"_links":{"self":[{"href":"https:\/\/juzbado.es\/nuevaweb\/wp-json\/wp\/v2\/posts\/544","targetHints":{"allow":["GET"]}}],"collection":[{"href":"https:\/\/juzbado.es\/nuevaweb\/wp-json\/wp\/v2\/posts"}],"about":[{"href":"https:\/\/juzbado.es\/nuevaweb\/wp-json\/wp\/v2\/types\/post"}],"author":[{"embeddable":true,"href":"https:\/\/juzbado.es\/nuevaweb\/wp-json\/wp\/v2\/users\/1"}],"replies":[{"embeddable":true,"href":"https:\/\/juzbado.es\/nuevaweb\/wp-json\/wp\/v2\/comments?post=544"}],"version-history":[{"count":0,"href":"https:\/\/juzbado.es\/nuevaweb\/wp-json\/wp\/v2\/posts\/544\/revisions"}],"wp:attachment":[{"href":"https:\/\/juzbado.es\/nuevaweb\/wp-json\/wp\/v2\/media?parent=544"}],"wp:term":[{"taxonomy":"category","embeddable":true,"href":"https:\/\/juzbado.es\/nuevaweb\/wp-json\/wp\/v2\/categories?post=544"},{"taxonomy":"post_tag","embeddable":true,"href":"https:\/\/juzbado.es\/nuevaweb\/wp-json\/wp\/v2\/tags?post=544"}],"curies":[{"name":"wp","href":"https:\/\/api.w.org\/{rel}","templated":true}]}}