{"id":557,"date":"2017-09-11T17:44:00","date_gmt":"2017-09-11T15:44:00","guid":{"rendered":"http:\/\/juzbado.es\/nuevaweb\/2017\/09\/11\/fiesta-de-los-mayores-2017\/"},"modified":"2017-09-11T17:44:00","modified_gmt":"2017-09-11T15:44:00","slug":"fiesta-de-los-mayores-2017","status":"publish","type":"post","link":"https:\/\/juzbado.es\/nuevaweb\/2017\/09\/11\/fiesta-de-los-mayores-2017\/","title":{"rendered":"FIESTA DE LOS MAYORES 2017"},"content":{"rendered":"<div style=\"text-align: justify;\">\n<span style=\"font-family: &quot;arial&quot; , &quot;helvetica&quot; , sans-serif;\"><span style=\"font-size: large;\">Un a\u00f1o m\u00e1s tenemos el placer de anunciaros la Fiesta de los Mayores, que se celebrar\u00e1 el fin de semana del 23 y 24 de septiembre.&nbsp; Ello supone para nosotros dos aspectos importantes. Por un lado, celebrar la tercera juventud un a\u00f1o m\u00e1s gracias a la ilusi\u00f3n y esfuerzo de la Asociaci\u00f3n de Mayores San Miguel Arc\u00e1ngel y, en segundo lugar, anticipamos ya las fiestas patronales que ser\u00e1n el fin de semana siguiente.&nbsp; \u00a1Felices fiestas a todos!<\/span><\/span><\/div>\n<div style=\"text-align: justify;\">\n<br \/>\n<a name='more'><\/a><\/div>\n<div style=\"clear: both; text-align: center;\">\n<a href=\"https:\/\/drive.google.com\/file\/d\/0B0vjVkzdPU3ORUx3eEFXaG9XR1E\/view?usp=sharing\" target=\"_blank\"><img loading=\"lazy\" decoding=\"async\" alt=\"Juzbado, fiestas de los mayores 2017\" border=\"0\" data-original-height=\"1600\" data-original-width=\"1132\" height=\"640\" src=\"https:\/\/blogger.googleusercontent.com\/img\/b\/R29vZ2xl\/AVvXsEj6cJg1PCVDYX1z13Jddo0zOW8AAls4EBoyHRe0xpnLcob29vQA7miDX2Bc3wxYUPVF5mo1Qo4n-2wtEMaNg5yzgwi8uvYpkq29fhyOgWwEgCN4lqIYPJzGKazlDXcvWEhPk9TSR7ITts0\/s640\/cartel+fiestas+mayores+2017.jpg\" title=\"Juzbado, fiestas de los mayores 2017\" width=\"452\" \/><\/a><\/div>\n<div style=\"text-align: justify;\">\n<\/div>\n","protected":false},"excerpt":{"rendered":"<p>Un a\u00f1o m\u00e1s tenemos el placer de anunciaros la Fiesta de los Mayores, que se celebrar\u00e1 el fin de semana del 23 y 24 de septiembre.&nbsp; Ello supone para nosotros dos aspectos importantes. Por un lado, celebrar la tercera juventud un a\u00f1o m\u00e1s gracias a la ilusi\u00f3n y esfuerzo de la Asociaci\u00f3n de Mayores San [&hellip;]<\/p>\n","protected":false},"author":1,"featured_media":0,"comment_status":"open","ping_status":"open","sticky":false,"template":"","format":"standard","meta":{"saved_in_kubio":false,"footnotes":""},"categories":[1],"tags":[],"class_list":["post-557","post","type-post","status-publish","format-standard","hentry","category-sin-categoria"],"_links":{"self":[{"href":"https:\/\/juzbado.es\/nuevaweb\/wp-json\/wp\/v2\/posts\/557","targetHints":{"allow":["GET"]}}],"collection":[{"href":"https:\/\/juzbado.es\/nuevaweb\/wp-json\/wp\/v2\/posts"}],"about":[{"href":"https:\/\/juzbado.es\/nuevaweb\/wp-json\/wp\/v2\/types\/post"}],"author":[{"embeddable":true,"href":"https:\/\/juzbado.es\/nuevaweb\/wp-json\/wp\/v2\/users\/1"}],"replies":[{"embeddable":true,"href":"https:\/\/juzbado.es\/nuevaweb\/wp-json\/wp\/v2\/comments?post=557"}],"version-history":[{"count":0,"href":"https:\/\/juzbado.es\/nuevaweb\/wp-json\/wp\/v2\/posts\/557\/revisions"}],"wp:attachment":[{"href":"https:\/\/juzbado.es\/nuevaweb\/wp-json\/wp\/v2\/media?parent=557"}],"wp:term":[{"taxonomy":"category","embeddable":true,"href":"https:\/\/juzbado.es\/nuevaweb\/wp-json\/wp\/v2\/categories?post=557"},{"taxonomy":"post_tag","embeddable":true,"href":"https:\/\/juzbado.es\/nuevaweb\/wp-json\/wp\/v2\/tags?post=557"}],"curies":[{"name":"wp","href":"https:\/\/api.w.org\/{rel}","templated":true}]}}