{"id":56,"date":"2024-06-15T11:14:00","date_gmt":"2024-06-15T09:14:00","guid":{"rendered":"http:\/\/juzbado.es\/nuevaweb\/2024\/06\/15\/ilustrando-la-ciencia-llega-a-juzbado\/"},"modified":"2024-06-15T11:14:00","modified_gmt":"2024-06-15T09:14:00","slug":"ilustrando-la-ciencia-llega-a-juzbado","status":"publish","type":"post","link":"https:\/\/juzbado.es\/nuevaweb\/2024\/06\/15\/ilustrando-la-ciencia-llega-a-juzbado\/","title":{"rendered":"ILUSTRANDO LA CIENCIA LLEGA A JUZBADO"},"content":{"rendered":"<div style=\"text-align: justify;\"><span style=\"font-size: medium;\"><span style=\"font-family: arial;\">La Exposici\u00f3n \u00abIlustrando la ciencia: dibujos para reflexionar\u00bb <span style=\"text-overflow: unset;\">compuesta por <\/span><\/span><span style=\"font-family: arial; text-overflow: unset;\">m\u00e1s de 60 obras de Fernando Krahn (Santiago de Chile 1935, Barcelona 2010) llega a nuestro pueblo.&nbsp; La exposici\u00f3n est\u00e1 ubicada en la <a href=\"https:\/\/juzbado.blogspot.com\/2021\/05\/restauracion-de-la-ermita-de-san-miguel.html\" target=\"_blank\">ermita restaurada de Juzbado<\/a> y nos propone un viaje a trav\u00e9s de la ciencia y la creatividad de la abultada obra del genial artista chileno.<br \/><\/span><\/span><\/div>\n<div style=\"text-align: justify;\"><span style=\"font-size: medium;\"><span style=\"font-family: arial; text-overflow: unset;\">&nbsp;<\/p>\n<div style=\"clear: both; text-align: center;\"><\/div>\n<div style=\"clear: both; text-align: center;\"><a href=\"https:\/\/blogger.googleusercontent.com\/img\/b\/R29vZ2xl\/AVvXsEjIq_TBSFlhdg8VzurrI2N-w5LFWILp0at8czec5wF2C2cJP5pZZWJC9Dm9gfcCKEBRSsp3NIluXOWuuTFWH6vXRUCOfUcrcpfYze1u4_7KTXr7QB56hID8n68pGZ7XlCR6-hK0qYtO2NFpA7Xxj7A82BvyyORlenym4Mi2Lb43c_5eHs6RE0DUqs4kOH4\/s2048\/WhatsApp%20Image%202024-06-03%20at%2012.53.59%20(1).jpeg\" style=\"margin-left: 1em; margin-right: 1em;\"><img loading=\"lazy\" decoding=\"async\" alt=\"Juzbado, Fernando Krahn, Recicladora cultural, ciudad de la energ\u00eda, MITECO\" border=\"0\" data-original-height=\"1518\" data-original-width=\"2048\" height=\"474\" src=\"https:\/\/blogger.googleusercontent.com\/img\/b\/R29vZ2xl\/AVvXsEjIq_TBSFlhdg8VzurrI2N-w5LFWILp0at8czec5wF2C2cJP5pZZWJC9Dm9gfcCKEBRSsp3NIluXOWuuTFWH6vXRUCOfUcrcpfYze1u4_7KTXr7QB56hID8n68pGZ7XlCR6-hK0qYtO2NFpA7Xxj7A82BvyyORlenym4Mi2Lb43c_5eHs6RE0DUqs4kOH4\/w640-h474\/WhatsApp%20Image%202024-06-03%20at%2012.53.59%20(1).jpeg\" title=\"Juzbado, Fernando Krahn, Recicladora cultural, ciudad de la energ\u00eda, MITECO\" width=\"640\" \/><\/a><\/div>\n<p><\/span><\/span><\/div>\n<div style=\"text-align: justify;\"><span style=\"font-size: medium;\"><span style=\"font-family: arial; text-overflow: unset;\"><\/span><\/span><\/div>\n<div style=\"text-align: justify;\"><span style=\"font-size: medium;\"><span><a name='more'><\/a><\/span><span style=\"font-family: arial; text-overflow: unset;\"><\/p>\n<div style=\"clear: both; text-align: center;\"><a href=\"https:\/\/blogger.googleusercontent.com\/img\/b\/R29vZ2xl\/AVvXsEiudPliqwPAJj1rmRFUfTK5dOlK5JxlLjKbLM6g-TJSK4ZdsSi8bL9PZmeJ3YXon4-MsRpbf6VBReN256abNcCw7f2VxyC4xptU1iNHtxVNjxN2swBkJrXyl2IWBdGlNGhvkJ7EhWN8d8fGua5C7abY9Ly8ZRrfiacJAf8vWve4eXh5RpuCqjcUr4Wmw3Q\/s2048\/WhatsApp%20Image%202024-06-03%20at%2012.53.48.jpeg\" style=\"margin-left: 1em; margin-right: 1em;\"><img loading=\"lazy\" decoding=\"async\" alt=\"Juzbado, Fernando Krahn, Recicladora cultural, ciudad de la energ\u00eda, MITECO\" border=\"0\" data-original-height=\"1518\" data-original-width=\"2048\" height=\"474\" src=\"https:\/\/blogger.googleusercontent.com\/img\/b\/R29vZ2xl\/AVvXsEiudPliqwPAJj1rmRFUfTK5dOlK5JxlLjKbLM6g-TJSK4ZdsSi8bL9PZmeJ3YXon4-MsRpbf6VBReN256abNcCw7f2VxyC4xptU1iNHtxVNjxN2swBkJrXyl2IWBdGlNGhvkJ7EhWN8d8fGua5C7abY9Ly8ZRrfiacJAf8vWve4eXh5RpuCqjcUr4Wmw3Q\/w640-h474\/WhatsApp%20Image%202024-06-03%20at%2012.53.48.jpeg\" title=\"Juzbado, Fernando Krahn, Recicladora cultural, ciudad de la energ\u00eda, MITECO\" width=\"640\" \/><\/a><\/div>\n<p><\/span><\/span><\/div>\n<div style=\"text-align: justify;\"><span style=\"font-size: medium;\"><span style=\"font-family: arial; text-overflow: unset;\"><\/p>\n<div style=\"clear: both; text-align: center;\"><a href=\"https:\/\/blogger.googleusercontent.com\/img\/b\/R29vZ2xl\/AVvXsEigH9RoOj7KMsUId1No5G8_HyRohlPLBD3CAtQTlDFgbu4g-omNqaASa9CiHPOHZAtkviDH7P9mXwNnWoZX6pzN4iKLjid_x4JVBHI59d3TbYQ9Hyi6RYI636OM428TsqwHiNCH1ZfEuqk4jT30TdgcdHUFtvr6GsB_4bkdhma6B2Ifw69hxIuwZZCCkXU\/s2048\/WhatsApp%20Image%202024-06-03%20at%2012.54.28.jpeg\" style=\"margin-left: 1em; margin-right: 1em;\"><img loading=\"lazy\" decoding=\"async\" alt=\"Juzbado, Fernando Krahn, Recicladora cultural, ciudad de la energ\u00eda, MITECO\" border=\"0\" data-original-height=\"1536\" data-original-width=\"2048\" height=\"480\" src=\"https:\/\/blogger.googleusercontent.com\/img\/b\/R29vZ2xl\/AVvXsEigH9RoOj7KMsUId1No5G8_HyRohlPLBD3CAtQTlDFgbu4g-omNqaASa9CiHPOHZAtkviDH7P9mXwNnWoZX6pzN4iKLjid_x4JVBHI59d3TbYQ9Hyi6RYI636OM428TsqwHiNCH1ZfEuqk4jT30TdgcdHUFtvr6GsB_4bkdhma6B2Ifw69hxIuwZZCCkXU\/w640-h480\/WhatsApp%20Image%202024-06-03%20at%2012.54.28.jpeg\" title=\"Juzbado, Fernando Krahn, Recicladora cultural, ciudad de la energ\u00eda, MITECO\" width=\"640\" \/><\/a><\/div>\n<p><\/span><\/span><\/div>\n<div style=\"text-align: justify;\"><span style=\"font-size: medium;\"><span style=\"font-family: arial; text-overflow: unset;\"><\/span><\/span><\/div>\n<div style=\"text-align: justify;\">\n<p style=\"text-align: justify;\"><span style=\"font-size: medium;\"><span style=\"font-family: arial;\">Las im\u00e1genes son una poderosa<br \/>\nherramienta de comunicaci\u00f3n, pero en el caso de las ilustraciones de<br \/>\nprensa, adem\u00e1s, son algo m\u00e1s que un apoyo al texto, tienen una lectura<br \/>\nen s\u00ed mismas y tienen la virtud de contar una historia en un golpe de<br \/>\nvista. As\u00ed define la obra de Fernando Krahn, el comisariado del Departamento de Museos, Exposiciones y Documentaci\u00f3n de la Fundaci\u00f3n Ciuden y Recicladora Cultural.&nbsp; Una exposici\u00f3n de ilustraciones a medio camino entre el c\u00f3mic, la obra de arte y el alarde de<br \/>\nescribir.&nbsp; Las ilustraciones de Krahn nos invitan a re\ufb02exionar y<br \/>\n se convierten en una respuesta a la necesidad de contar, de un modo<br \/>\ne\ufb01caz, historias dif\u00edciles por sus tem\u00e1ticas o procesos de<br \/>\ninvestigaci\u00f3n.<\/span><\/span><\/p>\n<p style=\"text-align: justify;\"><span style=\"font-size: medium;\"><span style=\"font-family: arial;\">Tanto los temas como la visi\u00f3n de Krahn han demostrado ser<br \/>\n atemporales, de ah\u00ed que sigan siendo una importante herramienta que<br \/>\ninvitar\u00e1 a re\ufb02exionar a los visitantes y nos permitir\u00e1 crear conciencia<br \/>\nsobre muchos de los problemas medioambientales que hoy nos preocupan<br \/>\ncomo sociedad.<\/span><\/span><\/p>\n<p style=\"text-align: justify;\"><span style=\"font-size: medium;\"><span style=\"font-family: arial;\">Las tem\u00e1ticas tratadas por Krahn son siempre innovadoras e<br \/>\n interesantes, en el caso de las ilustraciones originales recogidas en<br \/>\nla Colecci\u00f3n Ciuden provenientes de multitud de reportajes de ciencia y<br \/>\ntecnolog\u00eda, podemos establecer dos grandes categor\u00edas que ser\u00e1n las que<br \/>\nvertebren tanto el guion museol\u00f3gico como el recorrido en la sala de<br \/>\nexposiciones: problemas ambientales y ciencia y tecnolog\u00eda.<\/span><\/span><\/p>\n<\/div>\n<div style=\"text-align: justify;\"><span style=\"font-size: medium;\"><span style=\"font-family: arial; text-overflow: unset;\">La exposici\u00f3n est\u00e1 coordinada por <a data-saferedirecturl=\"https:\/\/www.google.com\/url?q=https:\/\/larecicladoracultural.es\/la-recicladora-cultural\/&amp;source=gmail&amp;ust=1718531243254000&amp;usg=AOvVaw0TacfdLEidhHTh61yVLYDk\" href=\"https:\/\/larecicladoracultural.es\/la-recicladora-cultural\/\" target=\"_blank\">La Recicladora Cultural<\/a> a trav\u00e9s de la <a data-saferedirecturl=\"https:\/\/www.google.com\/url?q=https:\/\/ciuden.es\/&amp;source=gmail&amp;ust=1718531243254000&amp;usg=AOvVaw3IdxsuS2SIrtL66-gMdQEb\" href=\"https:\/\/ciuden.es\/\" target=\"_blank\">Fundaci\u00f3n de la Energ\u00eda (CIUDEN)<\/a> del <a data-saferedirecturl=\"https:\/\/www.google.com\/url?q=https:\/\/www.miteco.gob.es\/&amp;source=gmail&amp;ust=1718531243254000&amp;usg=AOvVaw1lJvVP8b_D6neGaPeqxI-I\" href=\"https:\/\/www.miteco.gob.es\/\" target=\"_blank\">Ministerio para la Transici\u00f3n Ecol\u00f3gica y el Reto Demogr\u00e1fico del Gobierno de Espa\u00f1a<\/a>.&nbsp; Estar\u00e1 disponible para todos los juzbadinos y visitantes hasta final de a\u00f1o.<br \/><\/span><\/span><\/div>\n<div style=\"text-align: justify;\"><span style=\"font-size: medium;\"><span style=\"font-family: arial; text-overflow: unset;\"><\/span><\/span><\/div>\n<p style=\"text-align: justify;\"><span style=\"font-size: medium;\"><span style=\"font-family: arial;\"><\/span><\/span><\/p>\n<p style=\"text-align: justify;\"><span style=\"font-size: medium;\"><span style=\"font-family: arial;\">M\u00e1s informaci\u00f3n sobre la obra de Fernando Krahn en: <a data-saferedirecturl=\"https:\/\/www.google.com\/url?q=https:\/\/larecicladoracultural.es\/exposicion\/fernando-krahn-dibujos-para-reflexionar-exposicion-de-ilustraciones\/&amp;source=gmail&amp;ust=1718531243254000&amp;usg=AOvVaw3_nMY3AD_bOq-2Nz5layby\" href=\"https:\/\/larecicladoracultural.es\/exposicion\/fernando-krahn-dibujos-para-reflexionar-exposicion-de-ilustraciones\/\" target=\"_blank\">https:\/\/larecicladoracultural.<wbr><\/wbr>es\/exposicion\/fernando-krahn-<wbr><\/wbr>dibujos-para-reflexionar-<wbr><\/wbr>exposicion-de-ilustraciones\/ <\/a><br \/><\/span><\/span><\/p>\n<p style=\"text-align: justify;\"><span style=\"font-size: medium;\"><span style=\"font-family: arial;\"><b>VISITAS Y HORARIOS: <br \/><\/b><\/span><\/span><\/p>\n<p style=\"text-align: justify;\"><span style=\"font-size: medium;\"><span style=\"font-family: arial;\"><b>LOCALIZACI\u00d3N: Ermita multiusos Juzbado&nbsp; (<a href=\"https:\/\/g.co\/kgs\/wgNKtE3\" target=\"_blank\">Traves\u00eda Juan Bustos 1,37115 Juzbado, Salamanca<\/a>)<br \/><\/b><\/span><\/span><\/p>\n<p style=\"text-align: justify;\"><span style=\"font-size: medium;\"><b style=\"font-family: arial;\">HORARIOS: Jueves, viernes, s\u00e1bado y domingo de 11:00 h a 14:00 h.<\/b><\/span><\/p>\n<p style=\"text-align: justify;\"><span style=\"font-size: medium;\"><b style=\"font-family: arial;\">Para visitas de grupos o fuera de horario contactar en: <a href=\"mailto:juzbadolibroabierto@juzbado.es\" target=\"_blank\">juzbadolibroabierto@juzbado.es<\/a><\/b><\/span><\/p>\n<p style=\"text-align: justify;\"><span style=\"font-size: medium;\"><b style=\"font-family: arial;\"><\/b><\/span><\/p>\n<p><a href=\"https:\/\/blogger.googleusercontent.com\/img\/b\/R29vZ2xl\/AVvXsEhIO4cyKYUGIXxEfLqDxpGu3ppHEXmMFW4L1rqPaIyNQ6hlCj0NATfEUMpWjXe7U3zWwF6yTLI7YcYLkFQ6rQbOS6c3CBh3YB1IWQC8w_5K0KnIvfV7kmcrDqyENZdr0AkqpP60NXeg0tftrjn5F4Sb_41lqKDIT-FNnnETKGaHKHt7KyDDA2IB8upMT1Y\/s2480\/horario%20de%20visitas%20fernando%20Krahn.jpg\" style=\"margin-left: 1em; margin-right: 1em;\"><img loading=\"lazy\" decoding=\"async\" alt=\"Juzbado, Fernando Krahn, Recicladora cultural, ciudad de la energ\u00eda, MITECO\" border=\"0\" data-original-height=\"2480\" data-original-width=\"2480\" height=\"640\" src=\"https:\/\/blogger.googleusercontent.com\/img\/b\/R29vZ2xl\/AVvXsEhIO4cyKYUGIXxEfLqDxpGu3ppHEXmMFW4L1rqPaIyNQ6hlCj0NATfEUMpWjXe7U3zWwF6yTLI7YcYLkFQ6rQbOS6c3CBh3YB1IWQC8w_5K0KnIvfV7kmcrDqyENZdr0AkqpP60NXeg0tftrjn5F4Sb_41lqKDIT-FNnnETKGaHKHt7KyDDA2IB8upMT1Y\/w640-h640\/horario%20de%20visitas%20fernando%20Krahn.jpg\" title=\"Juzbado, Fernando Krahn, Recicladora cultural, ciudad de la energ\u00eda, MITECO\" width=\"640\" \/><\/a><\/p>\n<div style=\"text-align: justify;\"><span style=\"font-size: medium;\"><span style=\"font-family: arial;\">La Recicladora Cultural es un proyecto promovido por la Fundaci\u00f3n Ciudad <\/span><\/span><span style=\"font-size: medium;\"><span style=\"font-family: arial;\">de la Energ\u00eda (CIUDEN), dependiente del Ministerio para la Transici\u00f3n <\/span><\/span><span style=\"font-size: medium;\"><span style=\"font-family: arial;\">Ecol\u00f3gica y el Reto Demogr\u00e1fico (MITECO), que busca impulsar el panorama <\/span><\/span><span style=\"font-size: medium;\"><span style=\"font-family: arial;\">cultural a trav\u00e9s de la reutilizaci\u00f3n e itinerancia de exposiciones ya existentes.&nbsp; <\/span><\/span><span style=\"font-size: medium;\"><span style=\"font-family: arial;\">El prop\u00f3sito de La Recicladora Cultural es conectar entidades culturales&nbsp; <\/span><\/span><span style=\"font-size: medium;\"><span style=\"font-family: arial;\">tanto nacionales como internacionales para convertir exposiciones y todos <\/span><\/span><span style=\"font-size: medium;\"><span style=\"font-family: arial;\">los elementos que la acompa\u00f1an adapt\u00e1ndolas a nuevos espacios y crear as\u00ed <\/span><\/span><span style=\"font-size: medium;\"><span style=\"font-family: arial;\">propuestas culturales que se pueden disfrutar en otros lugares.&nbsp; <\/span><\/span><span style=\"font-size: medium;\"><span style=\"font-family: arial;\">A trav\u00e9s del reciclaje y la reutilizaci\u00f3n de las exposiciones se da una <\/span><\/span><span style=\"font-size: medium;\"><span style=\"font-family: arial;\">nueva vida a contenidos y materiales ef\u00edmeros que si no se perder\u00edan o <\/span><\/span><span style=\"font-size: medium;\"><span style=\"font-family: arial;\">se quedar\u00edan olvidados en un almac\u00e9n. De esta forma, se promueve la <\/span><\/span><span style=\"font-size: medium;\"><span style=\"font-family: arial;\">circularidad y se crean nuevas experiencias para los p\u00fablicos.<\/span><b style=\"font-family: arial;\"> <br \/><\/b><\/span><\/p>\n<\/div>\n","protected":false},"excerpt":{"rendered":"<p>La Exposici\u00f3n \u00abIlustrando la ciencia: dibujos para reflexionar\u00bb compuesta por m\u00e1s de 60 obras de Fernando Krahn (Santiago de Chile 1935, Barcelona 2010) llega a nuestro pueblo.&nbsp; La exposici\u00f3n est\u00e1 ubicada en la ermita restaurada de Juzbado y nos propone un viaje a trav\u00e9s de la ciencia y la creatividad de la abultada obra del [&hellip;]<\/p>\n","protected":false},"author":2,"featured_media":0,"comment_status":"open","ping_status":"open","sticky":false,"template":"","format":"standard","meta":{"saved_in_kubio":false,"footnotes":""},"categories":[173,76,176,174,175],"tags":[],"class_list":["post-56","post","type-post","status-publish","format-standard","hentry","category-ciuden","category-fernando-krahn","category-fundacion-de-la-energia","category-miteco","category-recicladora-cultural"],"_links":{"self":[{"href":"https:\/\/juzbado.es\/nuevaweb\/wp-json\/wp\/v2\/posts\/56","targetHints":{"allow":["GET"]}}],"collection":[{"href":"https:\/\/juzbado.es\/nuevaweb\/wp-json\/wp\/v2\/posts"}],"about":[{"href":"https:\/\/juzbado.es\/nuevaweb\/wp-json\/wp\/v2\/types\/post"}],"author":[{"embeddable":true,"href":"https:\/\/juzbado.es\/nuevaweb\/wp-json\/wp\/v2\/users\/2"}],"replies":[{"embeddable":true,"href":"https:\/\/juzbado.es\/nuevaweb\/wp-json\/wp\/v2\/comments?post=56"}],"version-history":[{"count":0,"href":"https:\/\/juzbado.es\/nuevaweb\/wp-json\/wp\/v2\/posts\/56\/revisions"}],"wp:attachment":[{"href":"https:\/\/juzbado.es\/nuevaweb\/wp-json\/wp\/v2\/media?parent=56"}],"wp:term":[{"taxonomy":"category","embeddable":true,"href":"https:\/\/juzbado.es\/nuevaweb\/wp-json\/wp\/v2\/categories?post=56"},{"taxonomy":"post_tag","embeddable":true,"href":"https:\/\/juzbado.es\/nuevaweb\/wp-json\/wp\/v2\/tags?post=56"}],"curies":[{"name":"wp","href":"https:\/\/api.w.org\/{rel}","templated":true}]}}