{"id":58,"date":"2024-06-03T09:51:00","date_gmt":"2024-06-03T07:51:00","guid":{"rendered":"http:\/\/juzbado.es\/nuevaweb\/2024\/06\/03\/concurso-calles-floridas-de-juzbado-2024\/"},"modified":"2024-06-03T09:51:00","modified_gmt":"2024-06-03T07:51:00","slug":"concurso-calles-floridas-de-juzbado-2024","status":"publish","type":"post","link":"https:\/\/juzbado.es\/nuevaweb\/2024\/06\/03\/concurso-calles-floridas-de-juzbado-2024\/","title":{"rendered":"CONCURSO CALLES FLORIDAS DE JUZBADO 2024"},"content":{"rendered":"<div style=\"text-align: justify;\"><span style=\"color: #1a171c; font-family: arial; font-size: medium; letter-spacing: -0.05pt; mso-ansi-language: ES;\">Desde el Ayuntamiento<\/span><span style=\"color: #1a171c; font-family: arial; font-size: medium; mso-ansi-language: ES;\"> <span style=\"letter-spacing: -0.05pt;\">de<\/span> Juzbado os<br \/>\n<span style=\"letter-spacing: -0.05pt;\">invitamos<\/span><span style=\"letter-spacing: 0.05pt;\"> <\/span>a <span style=\"letter-spacing: -0.05pt;\">participar<\/span> a todos<br \/>\nlos vecinos y residentes en nuestro pueblo en<span style=\"letter-spacing: -0.15pt;\"><br \/>\n<\/span>la primera edici\u00f3n del \u201c<span style=\"letter-spacing: -0.05pt;\">Concurso<\/span><br \/>\nde calles floridas de Juzbado 2024\u201d.&nbsp; Esta nueva convocatoria participativa y comunitaria pretende <\/span><span style=\"color: #1a171c; font-family: arial; font-size: medium; mso-ansi-language: ES;\"><span style=\"letter-spacing: 0.45pt;\">embellecer nuestro pueblo, animando a cultivar flores y plantas que, no solo jalonen nuestras calles y plazas, sino que tambi\u00e9n refuercen la actividad<br \/>\ne implicaci\u00f3n de los vecinos en la mejora de las condiciones y estancias p\u00fablicas de nuestro pueblo.&nbsp; Adem\u00e1s, las<br \/>\nflores contribuyen a <\/span><\/span><span style=\"color: #1a171c; font-family: arial; font-size: medium; mso-ansi-language: ES;\"><span style=\"letter-spacing: 0.45pt;\">generar espacios m\u00e1s verdes,<br \/>\nagradables y saludables as\u00ed como a <\/span><\/span><span style=\"color: #1a171c; font-family: arial; font-size: medium; mso-ansi-language: ES;\"><span style=\"letter-spacing: 0.45pt;\">aumentar la polinizaci\u00f3n. <br \/><\/span><\/span><\/div>\n<h1 style=\"margin-bottom: 7.2pt; margin-left: 0cm; margin-right: 0cm; margin-top: 7.2pt; margin: 7.2pt 0cm; text-align: justify;\"><span style=\"font-family: arial; font-size: medium; letter-spacing: -0.1pt; mso-ansi-language: ES;\"><\/span><span style=\"color: black; font-family: arial; font-size: medium; mso-ansi-language: ES;\"><\/span><\/h1>\n<p style=\"margin-bottom: 7.2pt; margin-left: 0cm; margin-right: 0cm; margin-top: 7.2pt; margin: 7.2pt 0cm; text-align: justify; text-indent: 0cm;\"><span style=\"color: #1a171c; font-family: arial; font-size: medium; letter-spacing: 0.45pt; mso-ansi-language: ES;\"><\/span><\/p>\n<p style=\"margin-bottom: 7.2pt; margin-left: 0cm; margin-right: 0cm; margin-top: 7.2pt; margin: 7.2pt 0cm; text-align: justify; text-indent: 0cm;\"><span style=\"color: #1a171c; font-family: arial; font-size: medium; letter-spacing: 0.45pt; mso-ansi-language: ES;\">El concurso cuenta con 3 premios.&nbsp; Se otorgar\u00e1 un primer y segundo premio a la primera y segunda candidatura florida mejor valorada por el jurado.&nbsp; El tercer premio se otorgar\u00e1 mediante votaci\u00f3n popular. El fallo del jurado y la entrega de premios tendr\u00e1n lugar durante las fiestas de verano en julio de 2024.&nbsp;<\/span><\/p>\n<p style=\"margin-bottom: 7.2pt; margin-left: 0cm; margin-right: 0cm; margin-top: 7.2pt; margin: 7.2pt 0cm; text-align: justify; text-indent: 0cm;\"><span style=\"color: #1a171c; font-family: arial; font-size: medium; letter-spacing: 0.45pt; mso-ansi-language: ES;\">La participaci\u00f3n en esta<br \/>\nprimera edici\u00f3n del concurso est\u00e1 abierta a toda la vecindad de Juzbado<br \/>\ncon un espacio susceptible de<br \/>\nintervenir y visible en el espacio p\u00fablico y transitable, previa inscripci\u00f3n en el<br \/>\nmismo&nbsp; a trav\u00e9s de <\/span><span style=\"color: red; font-family: arial; font-size: medium; letter-spacing: 0.45pt; mso-ansi-language: ES;\"><a href=\"https:\/\/forms.gle\/Ugx8HHjqi8PP2zAB8\" target=\"_blank\"><b>este formulario<\/b><\/a><\/span><span style=\"color: #1a171c; font-family: arial; font-size: medium; letter-spacing: 0.45pt; mso-ansi-language: ES;\"> o, indicando los datos personales y<br \/>\nde contacto en las dependencias municipales.<\/span><span style=\"color: #1a171c; font-family: arial; font-size: medium; letter-spacing: 0.45pt; mso-ansi-language: ES;\"> <br \/><\/span><\/p>\n<p style=\"margin-bottom: 7.2pt; margin-left: 0cm; margin-right: 0cm; margin-top: 7.2pt; margin: 7.2pt 0cm; text-align: justify; text-indent: 0cm;\"><span style=\"color: #1a171c; font-family: arial; font-size: medium; letter-spacing: 0.45pt; mso-ansi-language: ES;\"><\/span><\/p>\n<h1 style=\"margin-bottom: 7.2pt; margin-left: 0cm; margin-right: 0cm; margin-top: 7.2pt; margin: 7.2pt 0cm; text-align: justify;\"><span style=\"font-family: arial; font-size: medium; letter-spacing: -0.05pt; mso-ansi-language: ES;\"><\/span><span style=\"font-family: arial; font-size: medium; mso-ansi-language: ES;\"><\/span><\/h1>\n<p style=\"margin-bottom: 7.2pt; margin-left: 0cm; margin-right: 0cm; margin-top: 7.2pt; margin: 7.2pt 0cm; text-align: justify; text-indent: 0cm;\"><span style=\"color: #1a171c; font-family: arial; font-size: medium; letter-spacing: 0.45pt; mso-ansi-language: ES;\">Las solicitudes se realizar\u00e1n desde el d\u00eda 8 de abril hasta el<br \/>\n31 de mayo de 2024 y la participaci\u00f3n en este concurso es gratuita.&nbsp; Las bases de la convocatoria con todos los detalles est\u00e1n disponibles <\/span><span style=\"color: red; font-family: arial; font-size: medium; letter-spacing: 0.45pt; mso-ansi-language: ES;\"><b><a href=\"https:\/\/drive.google.com\/file\/d\/1L1XbZs5SMghqbtsopbgUVfZOsG1SteLH\/view?usp=sharing\" target=\"_blank\">en este enlace.<\/a><\/b><\/span><\/p>\n<p style=\"margin-bottom: 7.2pt; margin-left: 0cm; margin-right: 0cm; margin-top: 7.2pt; margin: 7.2pt 0cm; text-align: justify; text-indent: 0cm;\">\n<div style=\"clear: both; text-align: center;\"><a href=\"https:\/\/blogger.googleusercontent.com\/img\/b\/R29vZ2xl\/AVvXsEiJNkg9T_T0nQPfQaN0A7x85w-QVHGaksL19ywZ0Uvy89LAPvXjTHCKAh-v_LsAHbG6vHD66HMEg7TnNU9KgAZuGJPFXQGxW0zW1-qv-klt3Y-PzR8yhSmHQHJcKH4NiLd7siEZLIXH5QOS0WotPAlmY8Hlxln3N6Bl2G7fCCVaH9_f4MEMZgMqzP5_CQE\/s2482\/CALLES%20FLORIDAS%202024.jpg\" style=\"margin-left: 1em; margin-right: 1em;\"><img loading=\"lazy\" decoding=\"async\" border=\"0\" data-original-height=\"2481\" data-original-width=\"2482\" height=\"640\" src=\"https:\/\/blogger.googleusercontent.com\/img\/b\/R29vZ2xl\/AVvXsEiJNkg9T_T0nQPfQaN0A7x85w-QVHGaksL19ywZ0Uvy89LAPvXjTHCKAh-v_LsAHbG6vHD66HMEg7TnNU9KgAZuGJPFXQGxW0zW1-qv-klt3Y-PzR8yhSmHQHJcKH4NiLd7siEZLIXH5QOS0WotPAlmY8Hlxln3N6Bl2G7fCCVaH9_f4MEMZgMqzP5_CQE\/w640-h640\/CALLES%20FLORIDAS%202024.jpg\" width=\"640\" \/><\/a><\/div>\n<\/p>\n<p><b><span style=\"font-size: medium;\"><span style=\"font-family: arial;\">ACCESO AL FORMULARIO DE INSCRIPCI\u00d3N EN EL CONCURSO:&nbsp;<\/span><\/span><\/b><\/p>\n<p><b><span style=\"font-size: medium;\"><span style=\"font-family: arial;\"><a href=\"https:\/\/forms.gle\/Ugx8HHjqi8PP2zAB8\">https:\/\/forms.gle\/Ugx8HHjqi8PP2zAB8<\/a><\/span><\/span><\/b><\/p>\n<p><b><span style=\"font-size: medium;\"><span style=\"font-family: arial;\">ACCESO A LAS BASES DEL CONCURSO:&nbsp;<\/span><\/span><\/b><\/p>\n<p><b><span style=\"font-size: medium;\"><span style=\"font-family: arial;\"><a href=\"https:\/\/drive.google.com\/file\/d\/1L1XbZs5SMghqbtsopbgUVfZOsG1SteLH\/view?usp=sharing\">https:\/\/drive.google.com\/file\/d\/1L1XbZs5SMghqbtsopbgUVfZOsG1SteLH\/view?usp=sharing<\/a><\/span><\/span><\/b><\/p>\n","protected":false},"excerpt":{"rendered":"<p>Desde el Ayuntamiento de Juzbado os invitamos a participar a todos los vecinos y residentes en nuestro pueblo en la primera edici\u00f3n del \u201cConcurso de calles floridas de Juzbado 2024\u201d.&nbsp; Esta nueva convocatoria participativa y comunitaria pretende embellecer nuestro pueblo, animando a cultivar flores y plantas que, no solo jalonen nuestras calles y plazas, sino [&hellip;]<\/p>\n","protected":false},"author":2,"featured_media":0,"comment_status":"open","ping_status":"open","sticky":false,"template":"","format":"standard","meta":{"saved_in_kubio":false,"footnotes":""},"categories":[43,183,150,153,179,155,181,184,180,139,182],"tags":[],"class_list":["post-58","post","type-post","status-publish","format-standard","hentry","category-43","category-abril","category-calles-floridas","category-concurso","category-fachadas-floridas","category-fiestas-de-verano","category-juzbado-en-primavera","category-mayo","category-primavera","category-verano","category-votacion-popular"],"_links":{"self":[{"href":"https:\/\/juzbado.es\/nuevaweb\/wp-json\/wp\/v2\/posts\/58","targetHints":{"allow":["GET"]}}],"collection":[{"href":"https:\/\/juzbado.es\/nuevaweb\/wp-json\/wp\/v2\/posts"}],"about":[{"href":"https:\/\/juzbado.es\/nuevaweb\/wp-json\/wp\/v2\/types\/post"}],"author":[{"embeddable":true,"href":"https:\/\/juzbado.es\/nuevaweb\/wp-json\/wp\/v2\/users\/2"}],"replies":[{"embeddable":true,"href":"https:\/\/juzbado.es\/nuevaweb\/wp-json\/wp\/v2\/comments?post=58"}],"version-history":[{"count":0,"href":"https:\/\/juzbado.es\/nuevaweb\/wp-json\/wp\/v2\/posts\/58\/revisions"}],"wp:attachment":[{"href":"https:\/\/juzbado.es\/nuevaweb\/wp-json\/wp\/v2\/media?parent=58"}],"wp:term":[{"taxonomy":"category","embeddable":true,"href":"https:\/\/juzbado.es\/nuevaweb\/wp-json\/wp\/v2\/categories?post=58"},{"taxonomy":"post_tag","embeddable":true,"href":"https:\/\/juzbado.es\/nuevaweb\/wp-json\/wp\/v2\/tags?post=58"}],"curies":[{"name":"wp","href":"https:\/\/api.w.org\/{rel}","templated":true}]}}