{"id":60,"date":"2024-05-23T11:35:00","date_gmt":"2024-05-23T09:35:00","guid":{"rendered":"http:\/\/juzbado.es\/nuevaweb\/2024\/05\/23\/juzbadinos-en-mirobriga-y-san-felices-de-los-gallegos\/"},"modified":"2024-05-23T11:35:00","modified_gmt":"2024-05-23T09:35:00","slug":"juzbadinos-en-mirobriga-y-san-felices-de-los-gallegos","status":"publish","type":"post","link":"https:\/\/juzbado.es\/nuevaweb\/2024\/05\/23\/juzbadinos-en-mirobriga-y-san-felices-de-los-gallegos\/","title":{"rendered":"JUZBADINOS EN MIR\u00d3BRIGA Y SAN FELICES DE LOS GALLEGOS"},"content":{"rendered":"<p style=\"text-align: justify;\"><span style=\"font-family: arial; font-size: medium;\">La Asociaci\u00f3n de Mayores de Juzbado viaja a Ciudad Rodrigo y San Felices de Los Gallegos. Es uno de los viajes que cada a\u00f1o la asociaci\u00f3n organiza para los vecinos de Juzbado con el apoyo del Ayuntamiento de Juzbado.&nbsp; Os mostramos algunas fotograf\u00edas cortes\u00eda de Vicky y Juan.&nbsp;&nbsp;<\/span><\/p>\n<p style=\"text-align: justify;\"><span style=\"font-family: arial; font-size: medium;\"><\/p>\n<table align=\"center\" cellpadding=\"0\" cellspacing=\"0\" style=\"margin-left: auto; margin-right: auto;\">\n<tbody>\n<tr>\n<td style=\"text-align: center;\"><a href=\"https:\/\/blogger.googleusercontent.com\/img\/b\/R29vZ2xl\/AVvXsEil1oyMKVaAXfKmpgUFnX0Ohe17_yJKX9rEoLLoFoIdN1tLkwiZRRbQXFJ4WXGiX0dXdokRdjbl5q0ShJf2ruSkOTOj8-9VCusW0kviTZAtYDei1x_TVpEJpCm-eFT6FiS66OkmkZKdS2695-36nF5ejiX55YBqqWfmqZDb3xrzbkDIIYbKh4UTISfM1bI\/s1600\/WhatsApp%20Image%202024-05-18%20at%2012.26.14.jpeg\" style=\"margin-left: auto; margin-right: auto;\"><img loading=\"lazy\" decoding=\"async\" alt=\"Juzbado, Asociaci\u00f3n de Mayores de Juzbado\" border=\"0\" data-original-height=\"800\" data-original-width=\"1600\" height=\"320\" src=\"https:\/\/blogger.googleusercontent.com\/img\/b\/R29vZ2xl\/AVvXsEil1oyMKVaAXfKmpgUFnX0Ohe17_yJKX9rEoLLoFoIdN1tLkwiZRRbQXFJ4WXGiX0dXdokRdjbl5q0ShJf2ruSkOTOj8-9VCusW0kviTZAtYDei1x_TVpEJpCm-eFT6FiS66OkmkZKdS2695-36nF5ejiX55YBqqWfmqZDb3xrzbkDIIYbKh4UTISfM1bI\/w640-h320\/WhatsApp%20Image%202024-05-18%20at%2012.26.14.jpeg\" title=\"Juzbado, Asociaci\u00f3n de Mayores de Juzbado\" width=\"640\" \/><\/a><\/td>\n<\/tr>\n<tr>\n<td style=\"text-align: center;\">Participantes posan en Ciudad Rodrigo (Foto cortes\u00eda de Juan y Vicky)<\/td>\n<\/tr>\n<\/tbody>\n<\/table>\n<p><\/p>\n<table align=\"center\" cellpadding=\"0\" cellspacing=\"0\" style=\"margin-left: auto; margin-right: auto;\">\n<tbody>\n<tr>\n<td style=\"text-align: center;\"><a href=\"https:\/\/blogger.googleusercontent.com\/img\/b\/R29vZ2xl\/AVvXsEggG2ZoZjqxGZvIw21PdVlbVydLrBlVeu8z3BOmhaMpEuYMGngaN1GOXzRDHG11oIIBhGtTJlKxaQlEbHnQ19BNGQVjIe9h548LrPc27mdkvsXQ0Q1OFzjzMPbyQQzSEE3P60HPY4Hzevwo-VmgTQJh6Ih3VOqtpEzomjI5UNkXrBlUB7d7SWKxyjN07Fg\/s1600\/WhatsApp%20Image%202024-05-18%20at%2019.13.50.jpeg\" style=\"margin-left: auto; margin-right: auto;\"><img loading=\"lazy\" decoding=\"async\" alt=\"Juzbado, Asociaci\u00f3n de Mayores de Juzbado\" border=\"0\" data-original-height=\"900\" data-original-width=\"1600\" height=\"360\" src=\"https:\/\/blogger.googleusercontent.com\/img\/b\/R29vZ2xl\/AVvXsEggG2ZoZjqxGZvIw21PdVlbVydLrBlVeu8z3BOmhaMpEuYMGngaN1GOXzRDHG11oIIBhGtTJlKxaQlEbHnQ19BNGQVjIe9h548LrPc27mdkvsXQ0Q1OFzjzMPbyQQzSEE3P60HPY4Hzevwo-VmgTQJh6Ih3VOqtpEzomjI5UNkXrBlUB7d7SWKxyjN07Fg\/w640-h360\/WhatsApp%20Image%202024-05-18%20at%2019.13.50.jpeg\" title=\"Juzbado, Asociaci\u00f3n de Mayores de Juzbado\" width=\"640\" \/><\/a><\/td>\n<\/tr>\n<tr>\n<td style=\"text-align: center;\"><span style=\"font-family: arial; font-size: medium;\">Participantes posan en Ciudad Rodrigo (Foto cortes\u00eda de Juan y Vicky)<\/span><\/td>\n<\/tr>\n<\/tbody>\n<\/table>\n<p><\/p>\n<table align=\"center\" cellpadding=\"0\" cellspacing=\"0\" style=\"margin-left: auto; margin-right: auto;\">\n<tbody>\n<tr>\n<td style=\"text-align: center;\"><a href=\"https:\/\/blogger.googleusercontent.com\/img\/b\/R29vZ2xl\/AVvXsEhDVgWjGbZLfqdxMZGYo3dT0xqt6oJ_GilR8V_MnbHcr-9YgU_XhpTusx4eh8Fqd8t3TP2JYtld_Jx5q-Y_EEvSpE35rDnfFcUKSMLyWEEaiiOeB00l6txajMqR-J609wrEwgDec02nCyWXipuMQMCrEtx0JSIJNqhrBAMgQGrqfbAhfjg2tw_wFD9dQ0I\/s1600\/WhatsApp%20Image%202024-05-18%20at%2019.17.21.jpeg\" style=\"margin-left: auto; margin-right: auto;\"><img loading=\"lazy\" decoding=\"async\" alt=\"Juzbado, Asociaci\u00f3n de Mayores de Juzbado\" border=\"0\" data-original-height=\"900\" data-original-width=\"1600\" height=\"360\" src=\"https:\/\/blogger.googleusercontent.com\/img\/b\/R29vZ2xl\/AVvXsEhDVgWjGbZLfqdxMZGYo3dT0xqt6oJ_GilR8V_MnbHcr-9YgU_XhpTusx4eh8Fqd8t3TP2JYtld_Jx5q-Y_EEvSpE35rDnfFcUKSMLyWEEaiiOeB00l6txajMqR-J609wrEwgDec02nCyWXipuMQMCrEtx0JSIJNqhrBAMgQGrqfbAhfjg2tw_wFD9dQ0I\/w640-h360\/WhatsApp%20Image%202024-05-18%20at%2019.17.21.jpeg\" title=\"Juzbado, Asociaci\u00f3n de Mayores de Juzbado\" width=\"640\" \/><\/a><\/td>\n<\/tr>\n<tr>\n<td style=\"text-align: center;\"><span style=\"font-family: arial; font-size: medium;\">Participantes posan en Ciudad Rodrigo (Foto cortes\u00eda de Juan y Vicky)<\/span><\/td>\n<\/tr>\n<\/tbody>\n<\/table>\n<p><\/span><\/p>\n","protected":false},"excerpt":{"rendered":"<p>La Asociaci\u00f3n de Mayores de Juzbado viaja a Ciudad Rodrigo y San Felices de Los Gallegos. Es uno de los viajes que cada a\u00f1o la asociaci\u00f3n organiza para los vecinos de Juzbado con el apoyo del Ayuntamiento de Juzbado.&nbsp; Os mostramos algunas fotograf\u00edas cortes\u00eda de Vicky y Juan.&nbsp;&nbsp; Participantes posan en Ciudad Rodrigo (Foto cortes\u00eda [&hellip;]<\/p>\n","protected":false},"author":2,"featured_media":0,"comment_status":"open","ping_status":"open","sticky":false,"template":"","format":"standard","meta":{"saved_in_kubio":false,"footnotes":""},"categories":[6,192,194,193],"tags":[],"class_list":["post-60","post","type-post","status-publish","format-standard","hentry","category-asociacion-de-mayores","category-ciudad-rodrigo","category-san-felices-de-los-gallegos","category-viaje"],"_links":{"self":[{"href":"https:\/\/juzbado.es\/nuevaweb\/wp-json\/wp\/v2\/posts\/60","targetHints":{"allow":["GET"]}}],"collection":[{"href":"https:\/\/juzbado.es\/nuevaweb\/wp-json\/wp\/v2\/posts"}],"about":[{"href":"https:\/\/juzbado.es\/nuevaweb\/wp-json\/wp\/v2\/types\/post"}],"author":[{"embeddable":true,"href":"https:\/\/juzbado.es\/nuevaweb\/wp-json\/wp\/v2\/users\/2"}],"replies":[{"embeddable":true,"href":"https:\/\/juzbado.es\/nuevaweb\/wp-json\/wp\/v2\/comments?post=60"}],"version-history":[{"count":0,"href":"https:\/\/juzbado.es\/nuevaweb\/wp-json\/wp\/v2\/posts\/60\/revisions"}],"wp:attachment":[{"href":"https:\/\/juzbado.es\/nuevaweb\/wp-json\/wp\/v2\/media?parent=60"}],"wp:term":[{"taxonomy":"category","embeddable":true,"href":"https:\/\/juzbado.es\/nuevaweb\/wp-json\/wp\/v2\/categories?post=60"},{"taxonomy":"post_tag","embeddable":true,"href":"https:\/\/juzbado.es\/nuevaweb\/wp-json\/wp\/v2\/tags?post=60"}],"curies":[{"name":"wp","href":"https:\/\/api.w.org\/{rel}","templated":true}]}}