{"id":61,"date":"2024-05-13T19:20:00","date_gmt":"2024-05-13T17:20:00","guid":{"rendered":"http:\/\/juzbado.es\/nuevaweb\/2024\/05\/13\/fisica-y-agricultura-de-la-mano-gracias-a-la-universidad-de-salamanca\/"},"modified":"2024-05-13T19:20:00","modified_gmt":"2024-05-13T17:20:00","slug":"fisica-y-agricultura-de-la-mano-gracias-a-la-universidad-de-salamanca","status":"publish","type":"post","link":"https:\/\/juzbado.es\/nuevaweb\/2024\/05\/13\/fisica-y-agricultura-de-la-mano-gracias-a-la-universidad-de-salamanca\/","title":{"rendered":"F\u00cdSICA Y AGRICULTURA DE LA MANO GRACIAS A LA UNIVERSIDAD DE SALAMANCA"},"content":{"rendered":"<p style=\"text-align: justify;\"><span style=\"font-family: arial;\"><span style=\"font-size: medium;\">Con el sugerente t\u00edtulo de \u00abLa influencia de los ciclos c\u00f3smicos en la agricultura\u00bb el doctorando de la <a href=\"https:\/\/www.usal.es\/\" target=\"_blank\">Universidad de Salamanca,<\/a> <a href=\"https:\/\/produccioncientifica.usal.es\/investigadores\/819473\/detalle\" target=\"_blank\">Duvier Su\u00e1rez Fontanella<\/a>, present\u00f3 a los vecinos de Juzbado los resultados de sus investigaciones el pasado s\u00e1bado 11 de mayo.&nbsp; Se trata de una oportunidad que brinda la Universidad de Salamanca y la Diputaci\u00f3n de Salamanca a trav\u00e9s de su programa <a href=\"http:\/\/www.lasalina.es\/cultura\/noticias\/Provincia-Universitaria.html\" target=\"_blank\">Provincia Universitaria<\/a>.&nbsp; En esta ocasi\u00f3n el investigador del <a href=\"https:\/\/campus.usal.es\/~dptoff\/\" target=\"_blank\">Departamento de F\u00edsica Fundamental<\/a> de la Facultad de Ciencias de la USAL esgrimi\u00f3 un conjunto de investigaciones y an\u00e1lisis sobre qu\u00e9 efectos tienen los ciclos lunares y solares entre otros en la agricultura.&nbsp; Desde aqu\u00ed queremos agradecer la presencia de los vecinos y de Duvier Su\u00e1rez.<\/span><\/span><\/p>\n<p style=\"text-align: justify;\"><span style=\"font-family: arial;\"><span style=\"font-size: medium;\"><\/p>\n<table align=\"center\" cellpadding=\"0\" cellspacing=\"0\" style=\"margin-left: auto; margin-right: auto;\">\n<tbody>\n<tr>\n<td style=\"text-align: center;\"><a href=\"https:\/\/blogger.googleusercontent.com\/img\/b\/R29vZ2xl\/AVvXsEjj1Atj0VfcVoQUTER79QNY7HYW3dYDr6Q-n4EzzjL_Xc_n69vF2bbRVqfZvaiSyCquIYJskt6pnFxrc5bM93g9cxq9HyH4l9_QruClnnP12w3FJcfmTMi7spQjKhW4b27CkEcJdsMGkwUL0c_88ujQlFnf9WhTRGDh-XPFLE1Oe3mNFKIyc-jAiNZbQoY\/s1600\/WhatsApp%20Image%202024-05-13%20at%2020.25.02.jpeg\" style=\"margin-left: auto; margin-right: auto;\"><img loading=\"lazy\" decoding=\"async\" border=\"0\" data-original-height=\"899\" data-original-width=\"1600\" height=\"360\" src=\"https:\/\/blogger.googleusercontent.com\/img\/b\/R29vZ2xl\/AVvXsEjj1Atj0VfcVoQUTER79QNY7HYW3dYDr6Q-n4EzzjL_Xc_n69vF2bbRVqfZvaiSyCquIYJskt6pnFxrc5bM93g9cxq9HyH4l9_QruClnnP12w3FJcfmTMi7spQjKhW4b27CkEcJdsMGkwUL0c_88ujQlFnf9WhTRGDh-XPFLE1Oe3mNFKIyc-jAiNZbQoY\/w640-h360\/WhatsApp%20Image%202024-05-13%20at%2020.25.02.jpeg\" width=\"640\" \/><\/a><\/td>\n<\/tr>\n<tr>\n<td style=\"text-align: center;\">Duvier Su\u00e1rez Fontanella durante la presentaci\u00f3n de la charla en Juzbado. <\/td>\n<\/tr>\n<\/tbody>\n<\/table>\n<p>&nbsp;<\/span><\/span><span style=\"font-size: medium;\"><a href=\"https:\/\/blogger.googleusercontent.com\/img\/b\/R29vZ2xl\/AVvXsEhEbHPh1DG88hcDY-fekymRJ4FwQmIzBq5k_a-U3SFgS4H9MJtybA35FW0dznS33hZpbS6lLhOp4SGxni34Vv8DJMVyUurf4AodhrpyG71wSpesiLa-WEaYetEUK-37Vs5o5ADZWrLvqnuf36pEqLwBfQzpms08cFVoX18T86qYJurIcFevzeqYnGCQh7o\/s1600\/WhatsApp%20Image%202024-05-13%20at%2020.07.19.jpeg\" style=\"margin-left: 1em; margin-right: 1em;\"><img loading=\"lazy\" decoding=\"async\" border=\"0\" data-original-height=\"1600\" data-original-width=\"1599\" height=\"640\" src=\"https:\/\/blogger.googleusercontent.com\/img\/b\/R29vZ2xl\/AVvXsEhEbHPh1DG88hcDY-fekymRJ4FwQmIzBq5k_a-U3SFgS4H9MJtybA35FW0dznS33hZpbS6lLhOp4SGxni34Vv8DJMVyUurf4AodhrpyG71wSpesiLa-WEaYetEUK-37Vs5o5ADZWrLvqnuf36pEqLwBfQzpms08cFVoX18T86qYJurIcFevzeqYnGCQh7o\/w640-h640\/WhatsApp%20Image%202024-05-13%20at%2020.07.19.jpeg\" width=\"640\" \/><\/a><\/span><\/p>\n<\/p>\n<p style=\"text-align: justify;\"><span style=\"font-family: arial;\"><span style=\"font-size: medium;\"><br \/>&nbsp;<\/span><\/span><\/p>\n","protected":false},"excerpt":{"rendered":"<p>Con el sugerente t\u00edtulo de \u00abLa influencia de los ciclos c\u00f3smicos en la agricultura\u00bb el doctorando de la Universidad de Salamanca, Duvier Su\u00e1rez Fontanella, present\u00f3 a los vecinos de Juzbado los resultados de sus investigaciones el pasado s\u00e1bado 11 de mayo.&nbsp; Se trata de una oportunidad que brinda la Universidad de Salamanca y la Diputaci\u00f3n [&hellip;]<\/p>\n","protected":false},"author":2,"featured_media":0,"comment_status":"open","ping_status":"open","sticky":false,"template":"","format":"standard","meta":{"saved_in_kubio":false,"footnotes":""},"categories":[195,196,197,77],"tags":[],"class_list":["post-61","post","type-post","status-publish","format-standard","hentry","category-duvier-suarez-fontanella","category-provincia-universitaria","category-universidad-de-salamanca","category-usal"],"_links":{"self":[{"href":"https:\/\/juzbado.es\/nuevaweb\/wp-json\/wp\/v2\/posts\/61","targetHints":{"allow":["GET"]}}],"collection":[{"href":"https:\/\/juzbado.es\/nuevaweb\/wp-json\/wp\/v2\/posts"}],"about":[{"href":"https:\/\/juzbado.es\/nuevaweb\/wp-json\/wp\/v2\/types\/post"}],"author":[{"embeddable":true,"href":"https:\/\/juzbado.es\/nuevaweb\/wp-json\/wp\/v2\/users\/2"}],"replies":[{"embeddable":true,"href":"https:\/\/juzbado.es\/nuevaweb\/wp-json\/wp\/v2\/comments?post=61"}],"version-history":[{"count":0,"href":"https:\/\/juzbado.es\/nuevaweb\/wp-json\/wp\/v2\/posts\/61\/revisions"}],"wp:attachment":[{"href":"https:\/\/juzbado.es\/nuevaweb\/wp-json\/wp\/v2\/media?parent=61"}],"wp:term":[{"taxonomy":"category","embeddable":true,"href":"https:\/\/juzbado.es\/nuevaweb\/wp-json\/wp\/v2\/categories?post=61"},{"taxonomy":"post_tag","embeddable":true,"href":"https:\/\/juzbado.es\/nuevaweb\/wp-json\/wp\/v2\/tags?post=61"}],"curies":[{"name":"wp","href":"https:\/\/api.w.org\/{rel}","templated":true}]}}